{"id":23566,"date":"2019-08-19T09:04:18","date_gmt":"2019-08-19T06:04:18","guid":{"rendered":"https:\/\/tatd.org.tr\/blog\/2019\/08\/19\/ortopedik-aciller-kursu-bolu-2\/"},"modified":"2021-11-16T02:13:25","modified_gmt":"2021-11-15T23:13:25","slug":"ortopedik-aciller-kursu-bolu-2","status":"publish","type":"post","link":"https:\/\/tatd.org.tr\/en\/etkinlik\/ortopedik-aciller-kursu-bolu-2\/","title":{"rendered":"Ortopedik Aciller Kursu, Bolu"},"content":{"rendered":"<div class=\"pcrstb-wrap\"><table class=\"table table-striped\">\n<tbody>\n<tr>\n<td colspan=\"2\" width=\"697\">\n<p><strong>Kurs Koordinat&ouml;rleri<\/strong>&nbsp;&nbsp;&nbsp;&nbsp;&nbsp;&nbsp;&nbsp;&nbsp;&nbsp;&nbsp;&nbsp;&nbsp;&nbsp;&nbsp;&nbsp;&nbsp;&nbsp; Do&ccedil;. Dr. Mehmet Ali Karaca&nbsp;&nbsp;&nbsp;&nbsp;&nbsp; Do&ccedil;. Dr. &Ouml;nder Limon<\/p>\n<\/td>\n<\/tr>\n<tr>\n<td width=\"265\">\n<p><strong>Lokal Koordinat&ouml;r<\/strong><\/p>\n<\/td>\n<td width=\"432\">\n<p>Dr. &Ouml;\u011fr. &Uuml;yesi Kaan &Ccedil;elik<\/p>\n<\/td>\n<\/tr>\n<\/tbody>\n<\/table><\/div>\n<div class=\"pcrstb-wrap\"><table class=\"table table-striped\">\n<tbody>\n<tr>\n<td colspan=\"3\" width=\"692\">\n<p><strong>26 Ekim 2019<\/strong><\/p>\n<\/td>\n<\/tr>\n<tr>\n<td width=\"59\">\n<p>10:00<\/p>\n<p>10:40<\/p>\n<\/td>\n<td width=\"413\">\n<p>El ve el bile\u011fi grafilerinin yorumlanmas\u0131<\/p>\n<\/td>\n<td width=\"219\">\n<p>Dr.&nbsp; &Ouml;\u011fr. &Uuml;yesi Kaan &Ccedil;elik<\/p>\n<\/td>\n<\/tr>\n<tr>\n<td width=\"59\">\n<p>11:00<\/p>\n<p>11:40<\/p>\n<\/td>\n<td width=\"413\">\n<p>Dirsek ve &ouml;nkol grafilerinin yorumlanmas\u0131<\/p>\n<\/td>\n<td width=\"219\">\n<p>Do&ccedil;. Dr. Mehmet Ali Karaca<\/p>\n<\/td>\n<\/tr>\n<tr>\n<td width=\"59\">\n<p>12:00<\/p>\n<p>12:40<\/p>\n<\/td>\n<td width=\"413\">\n<p>Omuz &ccedil;\u0131k\u0131\u011f\u0131 y&ouml;netimi<\/p>\n<\/td>\n<td width=\"219\">\n<p>Do&ccedil;. Dr.&nbsp;Mehmet Ali Karaca<\/p>\n<\/td>\n<\/tr>\n<tr>\n<td width=\"59\">\n<p>14:00<\/p>\n<p>14:40<\/p>\n<\/td>\n<td width=\"413\">\n<p>Pediatrik ortopedik travmalar<\/p>\n<\/td>\n<td width=\"219\">\n<p>Uzm. Dr. Emre \u015eanc\u0131<\/p>\n<\/td>\n<\/tr>\n<tr>\n<td width=\"59\">\n<p>15:00<\/p>\n<p>15:40<\/p>\n<\/td>\n<td width=\"413\">\n<p>Atel teknikleri<\/p>\n<\/td>\n<td width=\"219\">\n<p>Uzm. Dr. Emre \u015eanc\u0131<\/p>\n<\/td>\n<\/tr>\n<tr>\n<td width=\"59\">\n<p>16:00<\/p>\n<p>17:00<\/p>\n<\/td>\n<td width=\"413\">\n<p>Olgu bazl\u0131 y&ouml;netim (&Uuml;st ekstremite + pediatrik)<\/p>\n<p><em>7 ki\u015filik gruplarda pratik <\/em><\/p>\n<\/td>\n<td width=\"219\">\n<p>Uzm. Dr. Emre \u015eanc\u0131<\/p>\n<\/td>\n<\/tr>\n<tr>\n<td width=\"59\">\n<p>17:00<\/p>\n<p>17:45<\/p>\n<\/td>\n<td width=\"413\">\n<p>Ak\u0131lc\u0131 \u0130la&ccedil; Kullan\u0131m\u0131<\/p>\n<\/td>\n<td width=\"219\">\n<p>Do&ccedil;. Dr. Mehmet Ali Karaca<\/p>\n<\/td>\n<\/tr>\n<tr>\n<td colspan=\"3\" width=\"692\">\n<p><strong>27 Ekim 2019<\/strong><\/p>\n<\/td>\n<\/tr>\n<tr>\n<td width=\"59\">\n<p>09:00<\/p>\n<p>09:40<\/p>\n<\/td>\n<td width=\"413\">\n<p>Diz, ayak bile\u011fi ve ayak travmalar\u0131n\u0131n y&ouml;netimi<\/p>\n<p><em>G&ouml;r&uuml;nt&uuml;leme ve y&ouml;netim<\/em><\/p>\n<\/td>\n<td width=\"219\">\n<p>Dr. &Ouml;\u011fr. &Uuml;yesi Kaan &Ccedil;elik<\/p>\n<\/td>\n<\/tr>\n<tr>\n<td width=\"59\">\n<p>10:00<\/p>\n<p>10:40<\/p>\n<\/td>\n<td width=\"413\">\n<p>Pelvis ve femur travmalar\u0131n\u0131n y&ouml;netimi<\/p>\n<p><em>G&ouml;r&uuml;nt&uuml;leme ve y&ouml;netim<\/em><\/p>\n<\/td>\n<td width=\"219\">\n<p>Uzm. Dr. Emre \u015eanc\u0131<\/p>\n<\/td>\n<\/tr>\n<tr>\n<td width=\"59\">\n<p>11:00<\/p>\n<p>11:40<\/p>\n<\/td>\n<td width=\"413\">\n<p>&Ccedil;\u0131k\u0131k y&ouml;netimi (Omuz &ccedil;\u0131k\u0131\u011f\u0131 d\u0131\u015f\u0131)<\/p>\n<p><em>&Ccedil;ene, dirsek, kal&ccedil;a, diz ve parmak &ccedil;\u0131k\u0131klar\u0131n\u0131n y&ouml;netimi<\/em><\/p>\n<\/td>\n<td width=\"219\">\n<p>Do&ccedil;. Dr. B&uuml;lent Erbil<\/p>\n<\/td>\n<\/tr>\n<tr>\n<td width=\"59\">\n<p>13:00<\/p>\n<p>13:40<\/p>\n<\/td>\n<td width=\"413\">\n<p>Ortopedik travmalarda s\u0131k yap\u0131lan hatalar<\/p>\n<\/td>\n<td width=\"219\">\n<p>Uzm. Dr. Emre \u015eanc\u0131<\/p>\n<\/td>\n<\/tr>\n<tr>\n<td width=\"59\">\n<p>14:00<\/p>\n<p>14:40<\/p>\n<\/td>\n<td width=\"413\">\n<p>Ortopedik travmalarda a\u011fr\u0131 y&ouml;netimi<\/p>\n<p><em>Giri\u015fimsel sedasyon analjezi, lokal uygulamalar<\/em><\/p>\n<\/td>\n<td width=\"219\">\n<p>Dr. &Ouml;\u011fr. &Uuml;yesi Feruze T. S&ouml;nmez<\/p>\n<\/td>\n<\/tr>\n<tr>\n<td width=\"59\">\n<p>15:00<\/p>\n<p>16:00<\/p>\n<\/td>\n<td width=\"413\">\n<p>Olgu bazl\u0131 y&ouml;netim (Alt ekstremite)<\/p>\n<p><em>7 ki\u015filik gruplarda pratik <\/em><\/p>\n<\/td>\n<td width=\"219\">\n<p>Do&ccedil;. Dr. B&uuml;lent Erbil<\/p>\n<\/td>\n<\/tr>\n<tr>\n<td width=\"59\">\n<p>16:00<\/p>\n<p>17:30<\/p>\n<\/td>\n<td width=\"413\">\n<p>Atel uygulamas\u0131<\/p>\n<p><em>7 ki\u015filik gruplarda atel prati\u011fi <\/em><\/p>\n<\/td>\n<td width=\"219\">\n<p>E\u011fitmenler<\/p>\n<\/td>\n<\/tr>\n<\/tbody>\n<\/table><\/div>\n","protected":false},"excerpt":{"rendered":"<p>Kurs Koordinat&ouml;rleri&nbsp;&nbsp;&nbsp;&nbsp;&nbsp;&nbsp;&nbsp;&nbsp;&nbsp;&nbsp;&nbsp;&nbsp;&nbsp;&nbsp;&nbsp;&nbsp;&nbsp; Do&ccedil;. Dr. Mehmet Ali Karaca&nbsp;&nbsp;&nbsp;&nbsp;&nbsp; Do&ccedil;. Dr. &Ouml;nder Limon Lokal Koordinat&ouml;r Dr. &Ouml;\u011fr. &Uuml;yesi Kaan &Ccedil;elik 26 Ekim 2019 10:00 10:40 El ve el bile\u011fi grafilerinin yorumlanmas\u0131 Dr.&nbsp;&hellip;<\/p>\n","protected":false},"author":1,"featured_media":0,"comment_status":"open","ping_status":"closed","sticky":false,"template":"","format":"standard","meta":{"_acf_changed":false,"inline_featured_image":false,"_lmt_disableupdate":"","_lmt_disable":"","footnotes":""},"categories":[10012],"tags":[],"class_list":["post-23566","post","type-post","status-publish","format-standard","hentry","category-etkinlik"],"acf":[],"_links":{"self":[{"href":"https:\/\/tatd.org.tr\/en\/wp-json\/wp\/v2\/posts\/23566","targetHints":{"allow":["GET"]}}],"collection":[{"href":"https:\/\/tatd.org.tr\/en\/wp-json\/wp\/v2\/posts"}],"about":[{"href":"https:\/\/tatd.org.tr\/en\/wp-json\/wp\/v2\/types\/post"}],"author":[{"embeddable":true,"href":"https:\/\/tatd.org.tr\/en\/wp-json\/wp\/v2\/users\/1"}],"replies":[{"embeddable":true,"href":"https:\/\/tatd.org.tr\/en\/wp-json\/wp\/v2\/comments?post=23566"}],"version-history":[{"count":0,"href":"https:\/\/tatd.org.tr\/en\/wp-json\/wp\/v2\/posts\/23566\/revisions"}],"wp:attachment":[{"href":"https:\/\/tatd.org.tr\/en\/wp-json\/wp\/v2\/media?parent=23566"}],"wp:term":[{"taxonomy":"category","embeddable":true,"href":"https:\/\/tatd.org.tr\/en\/wp-json\/wp\/v2\/categories?post=23566"},{"taxonomy":"post_tag","embeddable":true,"href":"https:\/\/tatd.org.tr\/en\/wp-json\/wp\/v2\/tags?post=23566"}],"curies":[{"name":"wp","href":"https:\/\/api.w.org\/{rel}","templated":true}]}}