{"id":23528,"date":"2019-04-02T14:13:36","date_gmt":"2019-04-02T11:13:36","guid":{"rendered":"https:\/\/tatd.org.tr\/blog\/2019\/04\/02\/ileri-ekg-kursu-istanbul-5\/"},"modified":"2021-11-16T02:13:33","modified_gmt":"2021-11-15T23:13:33","slug":"ileri-ekg-kursu-istanbul-5","status":"publish","type":"post","link":"https:\/\/tatd.org.tr\/en\/etkinlik\/ileri-ekg-kursu-istanbul-5\/","title":{"rendered":"\u0130leri EKG Kursu, \u0130stanbul"},"content":{"rendered":"<p style=\"text-align: center; \"><font color=\"#000000\">4 Nisan 2019&nbsp;<br \/><\/font><\/p>\n<p><font color=\"#000000\">09:30<br \/>\n-10:10\tTemel EKG \tUz. Dr. Derya Abu\u015fka&nbsp;<\/font><\/p>\n<p><font color=\"#000000\">10:30<br \/>\n-11:10\tAkut Koroner Sendromlarda EKG\tProf. Dr. \u00d6zg\u00fcr Karc\u0131o\u011flu&nbsp;<\/font><\/p>\n<p><font color=\"#000000\">11:30<br \/>\n-12:10\tDar kompleks ta\u015fikardiler\tDr. \u00d6\u011fr. \u00dcyesi Bar\u0131\u015f Murat Ayvac\u0131&nbsp;<\/font><\/p>\n<p><font color=\"#000000\">13:30<br \/>\n-14:10\tGeni\u015f kompleks ta\u015fikardiler\tUz. Dr. \u00d6zg\u00fcr \u00c7evrim&nbsp;<\/font><\/p>\n<p><font color=\"#000000\">14:30<br \/>\n-15:10\tSenkopta EKG\tUz. Dr. \u00d6zg\u00fcr \u00c7evrim&nbsp;<\/font><\/p>\n<p><font color=\"#000000\">15:30<br \/>\n-16:30\tPratik Uygulama; 7 ki\u015filik gruplarda EKG olgu senaryolar\u0131\t<\/font><\/p>\n<p><font color=\"#000000\">Prof. Dr. \u00d6zg\u00fcr Karc\u0131o\u011flu, Uz. Dr. Derya Abu\u015fka, Dr. \u00d6\u011fr. \u00dcyesi Bar\u0131\u015f Murat Ayvac\u0131&nbsp;<\/font><\/p>\n<p><font color=\"#000000\"><br \/><\/font><\/p>\n<p style=\"text-align: center; \"><font color=\"#000000\">5 Nisan 2019<br \/>\n<\/font><\/p>\n<p><font color=\"#000000\">10:00<br \/>\n-10:40\tSistemik hastal\u0131klarda EKG\tUz. Dr. Ne\u015fe Karsl\u0131o\u011flu&nbsp;<\/font><\/p>\n<p><font color=\"#000000\">11:00<br \/>\n-11:40\tBradikardik ritimler\tUz. Dr. Cem Ayan&nbsp;<\/font><\/p>\n<p><font color=\"#000000\">13:00<br \/>\n-13:40\tST segment y\u00fcksekli\u011fi ay\u0131r\u0131c\u0131 tan\u0131s\u0131\tDr. \u00d6\u011fr. \u00dcyesi Cem \u015eim\u015fek&nbsp;<\/font><\/p>\n<p><font color=\"#000000\">14:00<br \/>\n-14:40\tDal bloklar\u0131 ve ventrik\u00fcl hipertrofileri\tUz. Dr. Derya Abu\u015fka&nbsp;<\/font><\/p>\n<p><font color=\"#000000\">15:00<br \/>\n-16:00\tPratik Uygulama; 7 ki\u015filik gruplarda EKG olgu senaryolar\u0131\t<\/font><\/p>\n<p><font color=\"#000000\">Uz. Dr. Derya Abu\u015fka, Uz. Dr. Cem Ayan, Dr. \u00d6\u011fr. \u00dcyesi Cem \u015eim\u015fek&nbsp;<\/font><\/p>\n<p><font color=\"#000000\"><br \/><\/font><\/p>\n<p>Kay\u0131t i\u00e7in; &#8220;<a href=\"mailto:turkiyeatd@gmail.com\" style=\"\">turkiyeatd@gmail.com<\/a>&#8221; adresine mail g\u00f6nderebilirsiniz.<\/p>\n","protected":false},"excerpt":{"rendered":"<p>4 Nisan 2019&nbsp; 09:30 -10:10 Temel EKG Uz. Dr. Derya Abu\u015fka&nbsp; 10:30 -11:10 Akut Koroner Sendromlarda EKG Prof. Dr. \u00d6zg\u00fcr Karc\u0131o\u011flu&nbsp; 11:30 -12:10 Dar kompleks ta\u015fikardiler Dr. \u00d6\u011fr. \u00dcyesi Bar\u0131\u015f&hellip;<\/p>\n","protected":false},"author":1,"featured_media":0,"comment_status":"open","ping_status":"closed","sticky":false,"template":"","format":"standard","meta":{"_acf_changed":false,"inline_featured_image":false,"_lmt_disableupdate":"","_lmt_disable":"","footnotes":""},"categories":[10012],"tags":[],"class_list":["post-23528","post","type-post","status-publish","format-standard","hentry","category-etkinlik"],"acf":[],"_links":{"self":[{"href":"https:\/\/tatd.org.tr\/en\/wp-json\/wp\/v2\/posts\/23528","targetHints":{"allow":["GET"]}}],"collection":[{"href":"https:\/\/tatd.org.tr\/en\/wp-json\/wp\/v2\/posts"}],"about":[{"href":"https:\/\/tatd.org.tr\/en\/wp-json\/wp\/v2\/types\/post"}],"author":[{"embeddable":true,"href":"https:\/\/tatd.org.tr\/en\/wp-json\/wp\/v2\/users\/1"}],"replies":[{"embeddable":true,"href":"https:\/\/tatd.org.tr\/en\/wp-json\/wp\/v2\/comments?post=23528"}],"version-history":[{"count":0,"href":"https:\/\/tatd.org.tr\/en\/wp-json\/wp\/v2\/posts\/23528\/revisions"}],"wp:attachment":[{"href":"https:\/\/tatd.org.tr\/en\/wp-json\/wp\/v2\/media?parent=23528"}],"wp:term":[{"taxonomy":"category","embeddable":true,"href":"https:\/\/tatd.org.tr\/en\/wp-json\/wp\/v2\/categories?post=23528"},{"taxonomy":"post_tag","embeddable":true,"href":"https:\/\/tatd.org.tr\/en\/wp-json\/wp\/v2\/tags?post=23528"}],"curies":[{"name":"wp","href":"https:\/\/api.w.org\/{rel}","templated":true}]}}