{"id":23522,"date":"2019-03-25T16:14:23","date_gmt":"2019-03-25T13:14:23","guid":{"rendered":"https:\/\/tatd.org.tr\/blog\/2019\/03\/25\/turkiye-acil-tip-dernegi-ulusal-resim-yarismasi-2019\/"},"modified":"2021-11-21T13:25:50","modified_gmt":"2021-11-21T10:25:50","slug":"turkiye-acil-tip-dernegi-ulusal-resim-yarismasi-2019","status":"publish","type":"post","link":"https:\/\/tatd.org.tr\/en\/haber-ve-duyuru\/turkiye-acil-tip-dernegi-ulusal-resim-yarismasi-2019\/","title":{"rendered":"T\u00fcrkiye Acil T\u0131p Derne\u011fi Ulusal Resim Yar\u0131\u015fmas\u0131 \u2013 2019"},"content":{"rendered":"<p><img decoding=\"async\" src=\"http:\/\/tatd.org.tr\/http:\/\/tatd.org.tr\/uploads\/tbl_dosyalar\/201916154462d90d223c.png\" style=\"width: 489.055px; height: 344.625px;\"><\/p>\n<p><\/p>\n<p>Yar\u0131\u015fman\u0131n amac\u0131<\/p>\n<p>\u00c7ocuk g\u00f6z\u00fc ile Acil Servisleri g\u00f6zlemlemek, onlar\u0131n bu \u00f6nemli birimlere bak\u0131\u015f a\u00e7\u0131lar\u0131n\u0131 g\u00f6rmek ve ortaya koyduklar\u0131 \u00e7al\u0131\u015fmalar ile \u00fclkemizdeki Acil T\u0131p fark\u0131ndal\u0131\u011f\u0131n\u0131 art\u0131rmak yar\u0131\u015fmam\u0131z\u0131n temel amac\u0131n\u0131 olu\u015fturmakt\u0131r.&nbsp;<\/p>\n<p>Resimlerin de\u011ferlendirilmesi ve \u00f6d\u00fcl alacak adaylar\u0131n belirlenmesi T\u00fcrkiye Acil T\u0131p Derne\u011fi&#8217;nin insiyatifinde olup, dereceye girenler 23 Nisan 2019 tarihinde T\u00fcrkiye Acil T\u0131p Derne\u011fi resmi web sitesi http:\/\/www.tatd.org.tr  ve sosyal hesaplar\u0131nda a\u00e7\u0131klanacakt\u0131r.<\/p>\n<p><\/p>\n<p>Konu<\/p>\n<p>Gelece\u011fin Acil Servisleri<\/p>\n<p><\/p>\n<p>Kategoriler<\/p>\n<p>5-8 ya\u015f ve 9-14 ya\u015f aras\u0131<\/p>\n<p><\/p>\n<p>Teknik Bilgiler<\/p>\n<p>Sulu boya, ya\u011fl\u0131 veya kuru pastel boya, ya\u011fl\u0131 boya veya kar\u0131\u015f\u0131k teknik kullan\u0131labilir.<\/p>\n<p><\/p>\n<p>Boyutlar\u0131<\/p>\n<p>Ka\u011f\u0131t veya tuvalin k\u0131sa kenar\u0131 25 cm\u2019 den k\u0131sa olmamal\u0131d\u0131r.<\/p>\n<p><\/p>\n<p>Kat\u0131l\u0131m Ko\u015fullar\u0131<\/p>\n<p>&nbsp;\u2022\tResim son g\u00f6nderi tarihi: 29 Mart 2018<\/p>\n<p>&nbsp;\u2022\tYar\u0131\u015fmada ya\u015f kurallar\u0131n\u0131 sa\u011flamak kayd\u0131yla \u00e7ocuklardan gelecekte; &#8220;Nas\u0131l Bir Acil Servis uygulamas\u0131, Dizayn\u0131&#8221; ya da &#8220;Acil M\u00fcdahale<\/p>\n<p> Teknolojileri ve Hizmet Sunumu&#8221; ile kar\u015f\u0131la\u015fabileceklerini resmetmeleri beklenmektedir.<\/p>\n<p>&nbsp;\u2022\tResimlerde ka\u011f\u0131t veya tuvalin k\u0131sa kenar\u0131 25 cm\u2019 den k\u0131sa olmamal\u0131d\u0131r.<\/p>\n<p>&nbsp;\u2022\tResimler \u00e7er\u00e7evelenmemelidir.<\/p>\n<p>&nbsp;\u2022\tYar\u0131\u015fmaya ba\u015fvuru yap\u0131ld\u0131\u011f\u0131nda kat\u0131l\u0131mc\u0131n\u0131n, resmin sergilenmesine, yar\u0131\u015fma katalo\u011funda ya da ilgili di\u011fer bas\u0131l\u0131 malzemelerde ve internette kullan\u0131lmas\u0131 i\u00e7in; T\u00fcrkiye Acil T\u0131p Derne\u011fi\u2019 ne (TATD) onay verdi\u011fi kabul edilir.<\/p>\n<p>&nbsp;\u2022\t\u0130mzalanmam\u0131\u015f ve tam olarak doldurulmam\u0131\u015f ba\u015fvuru formu ile g\u00f6nderilen eserler yar\u0131\u015fmaya kabul edilmeyecektir.<\/p>\n<p><\/p>\n<p><a href=\"http:\/\/tatd.org.tr\/http:\/\/tatd.org.tr\/uploads\/yarisma_basvuru_formu.pdf\">BA\u015eVURU FORMU \u0130\u00c7\u0130N TIKLAYINIZ<\/a><\/p>\n<p><\/p>\n","protected":false},"excerpt":{"rendered":"<p>Yar\u0131\u015fman\u0131n amac\u0131 \u00c7ocuk g\u00f6z\u00fc ile Acil Servisleri g\u00f6zlemlemek, onlar\u0131n bu \u00f6nemli birimlere bak\u0131\u015f a\u00e7\u0131lar\u0131n\u0131 g\u00f6rmek ve ortaya koyduklar\u0131 \u00e7al\u0131\u015fmalar ile \u00fclkemizdeki Acil T\u0131p fark\u0131ndal\u0131\u011f\u0131n\u0131 art\u0131rmak yar\u0131\u015fmam\u0131z\u0131n temel amac\u0131n\u0131 olu\u015fturmakt\u0131r.&nbsp; Resimlerin&hellip;<\/p>\n","protected":false},"author":1,"featured_media":23523,"comment_status":"open","ping_status":"closed","sticky":false,"template":"","format":"standard","meta":{"_acf_changed":false,"inline_featured_image":false,"_lmt_disableupdate":"","_lmt_disable":"","footnotes":""},"categories":[10011],"tags":[],"class_list":["post-23522","post","type-post","status-publish","format-standard","has-post-thumbnail","hentry","category-haber-ve-duyuru"],"acf":[],"_links":{"self":[{"href":"https:\/\/tatd.org.tr\/en\/wp-json\/wp\/v2\/posts\/23522","targetHints":{"allow":["GET"]}}],"collection":[{"href":"https:\/\/tatd.org.tr\/en\/wp-json\/wp\/v2\/posts"}],"about":[{"href":"https:\/\/tatd.org.tr\/en\/wp-json\/wp\/v2\/types\/post"}],"author":[{"embeddable":true,"href":"https:\/\/tatd.org.tr\/en\/wp-json\/wp\/v2\/users\/1"}],"replies":[{"embeddable":true,"href":"https:\/\/tatd.org.tr\/en\/wp-json\/wp\/v2\/comments?post=23522"}],"version-history":[{"count":0,"href":"https:\/\/tatd.org.tr\/en\/wp-json\/wp\/v2\/posts\/23522\/revisions"}],"wp:featuredmedia":[{"embeddable":true,"href":"https:\/\/tatd.org.tr\/en\/wp-json\/wp\/v2\/media\/23523"}],"wp:attachment":[{"href":"https:\/\/tatd.org.tr\/en\/wp-json\/wp\/v2\/media?parent=23522"}],"wp:term":[{"taxonomy":"category","embeddable":true,"href":"https:\/\/tatd.org.tr\/en\/wp-json\/wp\/v2\/categories?post=23522"},{"taxonomy":"post_tag","embeddable":true,"href":"https:\/\/tatd.org.tr\/en\/wp-json\/wp\/v2\/tags?post=23522"}],"curies":[{"name":"wp","href":"https:\/\/api.w.org\/{rel}","templated":true}]}}