{"id":23427,"date":"2019-02-27T11:22:04","date_gmt":"2019-02-27T08:22:04","guid":{"rendered":"https:\/\/tatd.org.tr\/blog\/2019\/02\/27\/ileri-ekg-kursu-istanbul-avrupa-2\/"},"modified":"2021-11-16T02:13:54","modified_gmt":"2021-11-15T23:13:54","slug":"ileri-ekg-kursu-istanbul-avrupa-2","status":"publish","type":"post","link":"https:\/\/tatd.org.tr\/en\/etkinlik\/ileri-ekg-kursu-istanbul-avrupa-2\/","title":{"rendered":"\u0130leri EKG Kursu, \u0130stanbul Avrupa"},"content":{"rendered":"<div class=\"pcrstb-wrap\"><table class=\"table table-striped\">\n<tbody>\n<tr>\n<td colspan=\"2\">\n<p style=\"text-align:center\"><strong>Kurs koordinat&ouml;rleri<\/strong><\/p>\n<\/td>\n<\/tr>\n<tr>\n<td>\n<p>Do&ccedil;. Dr. Halil Do\u011fan<\/p>\n<\/td>\n<td>\n<p>Prof. Dr. S&uuml;leyman T&uuml;redi<\/p>\n<\/td>\n<\/tr>\n<\/tbody>\n<\/table><\/div>\n<div class=\"pcrstb-wrap\"><table class=\"table table-striped\">\n<tbody>\n<tr>\n<td colspan=\"3\" style=\"background-color: rgb(0, 0, 102);\">\n<p style=\"text-align: center;\"><span style=\"color:#FFFFFF\"><strong>12 \u015eubat 2018 \/ Pazartesi<\/strong><\/span><\/p>\n<\/td>\n<\/tr>\n<tr>\n<td>\n<p>09:30 &#8211; 10:10<\/p>\n<\/td>\n<td>\n<p><strong>Temel EKG<\/strong><\/p>\n<\/td>\n<td>\n<p>Prof.Dr.&Ouml;zg&uuml;r Karc\u0131o\u011flu<\/p>\n<\/td>\n<\/tr>\n<tr>\n<td>\n<p>10:30 &#8211; 11:10<\/p>\n<\/td>\n<td>\n<p><strong>Dar kompleks ta\u015fikardiler<\/strong><\/p>\n<\/td>\n<td>\n<p>Prof.Dr.&Ouml;zg&uuml;r Karc\u0131o\u011flu<\/p>\n<\/td>\n<\/tr>\n<tr>\n<td>\n<p>11:30 &#8211; 12:10<\/p>\n<\/td>\n<td>\n<p><strong>Geni\u015f kompleks ta\u015fikardiler<\/strong><\/p>\n<\/td>\n<td>\n<p>Do&ccedil;. Dr. Halil Do\u011fan<\/p>\n<\/td>\n<\/tr>\n<tr>\n<td>\n<p>13:30 &#8211; 14:10<\/p>\n<\/td>\n<td>\n<p><strong>Bradikardik ritimler<\/strong><\/p>\n<\/td>\n<td>\n<p>Uzm. Dr. Cem \u015eim\u015fek<\/p>\n<\/td>\n<\/tr>\n<tr>\n<td>\n<p>14:30 &#8211; 15:10<\/p>\n<\/td>\n<td>\n<p><strong>Dal bloklar\u0131 ve ventrik&uuml;l hipertrofileri<\/strong><\/p>\n<\/td>\n<td>\n<p>Uzm. Dr. Cem \u015eim\u015fek<\/p>\n<\/td>\n<\/tr>\n<tr>\n<td>\n<p>15:30 &#8211; 16:30<\/p>\n<\/td>\n<td>\n<p><strong>Pratik uygulama &nbsp;<\/strong><\/p>\n<p><em>7 ki\u015filik gruplarda EKG olgu senaryolar\u0131<\/em><\/p>\n<\/td>\n<td>\n<p>Prof.Dr.&Ouml;zg&uuml;r Karc\u0131o\u011flu<\/p>\n<p>Uzm. Dr. &Ouml;zg&uuml;r &Ccedil;evrim<\/p>\n<p>Uzm. Dr. Cem \u015eim\u015fek<\/p>\n<p>Uzm. Dr. \u015eeyhmus I\u015f\u0131k<\/p>\n<\/td>\n<\/tr>\n<tr>\n<td colspan=\"3\" style=\"background-color: rgb(0, 0, 102);\">\n<p style=\"text-align: center;\"><span style=\"color:#FFFFFF\"><strong>13 \u015eubat 2018 \/ Sal\u0131<\/strong><\/span><\/p>\n<\/td>\n<\/tr>\n<tr>\n<td>\n<p>10:00 &#8211; 10:40<\/p>\n<\/td>\n<td>\n<p><strong>Senkopta EKG<\/strong><\/p>\n<\/td>\n<td>\n<p>Uzm. Dr. Derya Abu\u015fka<\/p>\n<\/td>\n<\/tr>\n<tr>\n<td>\n<p>11:00 &#8211; 11:40<\/p>\n<\/td>\n<td>\n<p><strong>ST segment y&uuml;ksekli\u011fi ay\u0131r\u0131c\u0131 tan\u0131s\u0131<\/strong><\/p>\n<\/td>\n<td>\n<p>Uzm. Dr. &Ouml;zg&uuml;r &Ccedil;evrim<\/p>\n<\/td>\n<\/tr>\n<tr>\n<td>\n<p>13:00 &#8211; 13:40<\/p>\n<\/td>\n<td>\n<p><strong>Akut koroner sendromlarda EKG<\/strong><\/p>\n<\/td>\n<td>\n<p>Do&ccedil;. Dr. Halil Do\u011fan<\/p>\n<\/td>\n<\/tr>\n<tr>\n<td>\n<p>14:00 &#8211; 14:40<\/p>\n<\/td>\n<td>\n<p><strong>Sistemik hastal\u0131klarda EKG<\/strong><\/p>\n<\/td>\n<td>\n<p>&nbsp;&nbsp;&nbsp; Uzm. Dr. &Ouml;zg&uuml;r &Ccedil;evrim<\/p>\n<\/td>\n<\/tr>\n<tr>\n<td>\n<p>15:00 &#8211; 16:00<\/p>\n<\/td>\n<td>\n<p><strong>Pratik uygulama &nbsp;<\/strong><\/p>\n<p><em>7 ki\u015filik gruplarda EKG olgu senaryolar\u0131<\/em><\/p>\n<\/td>\n<td>\n<p>Uzm. Dr. Derya Abu\u015fka<\/p>\n<p>Uzm. Dr. &Ouml;zg&uuml;r &Ccedil;evrim<\/p>\n<p>Uzm. Dr. Ne\u015fe Karsl\u0131o\u011flu<\/p>\n<p>Uzm. Dr. Cem Ayan<\/p>\n<\/td>\n<\/tr>\n<\/tbody>\n<\/table><\/div>\n","protected":false},"excerpt":{"rendered":"<p>Kurs koordinat&ouml;rleri Do&ccedil;. Dr. Halil Do\u011fan Prof. Dr. S&uuml;leyman T&uuml;redi 12 \u015eubat 2018 \/ Pazartesi 09:30 &#8211; 10:10 Temel EKG Prof.Dr.&Ouml;zg&uuml;r Karc\u0131o\u011flu 10:30 &#8211; 11:10 Dar kompleks ta\u015fikardiler Prof.Dr.&Ouml;zg&uuml;r Karc\u0131o\u011flu&hellip;<\/p>\n","protected":false},"author":1,"featured_media":0,"comment_status":"open","ping_status":"closed","sticky":false,"template":"","format":"standard","meta":{"_acf_changed":false,"inline_featured_image":false,"_lmt_disableupdate":"","_lmt_disable":"","footnotes":""},"categories":[10012],"tags":[],"class_list":["post-23427","post","type-post","status-publish","format-standard","hentry","category-etkinlik"],"acf":[],"_links":{"self":[{"href":"https:\/\/tatd.org.tr\/en\/wp-json\/wp\/v2\/posts\/23427","targetHints":{"allow":["GET"]}}],"collection":[{"href":"https:\/\/tatd.org.tr\/en\/wp-json\/wp\/v2\/posts"}],"about":[{"href":"https:\/\/tatd.org.tr\/en\/wp-json\/wp\/v2\/types\/post"}],"author":[{"embeddable":true,"href":"https:\/\/tatd.org.tr\/en\/wp-json\/wp\/v2\/users\/1"}],"replies":[{"embeddable":true,"href":"https:\/\/tatd.org.tr\/en\/wp-json\/wp\/v2\/comments?post=23427"}],"version-history":[{"count":0,"href":"https:\/\/tatd.org.tr\/en\/wp-json\/wp\/v2\/posts\/23427\/revisions"}],"wp:attachment":[{"href":"https:\/\/tatd.org.tr\/en\/wp-json\/wp\/v2\/media?parent=23427"}],"wp:term":[{"taxonomy":"category","embeddable":true,"href":"https:\/\/tatd.org.tr\/en\/wp-json\/wp\/v2\/categories?post=23427"},{"taxonomy":"post_tag","embeddable":true,"href":"https:\/\/tatd.org.tr\/en\/wp-json\/wp\/v2\/tags?post=23427"}],"curies":[{"name":"wp","href":"https:\/\/api.w.org\/{rel}","templated":true}]}}