{"id":22881,"date":"2018-10-23T18:49:36","date_gmt":"2018-10-23T15:49:36","guid":{"rendered":"https:\/\/tatd.org.tr\/blog\/2018\/10\/23\/acil-tipta-kirmizi-bayraklar-kursu-istanbul-2\/"},"modified":"2021-11-16T02:13:57","modified_gmt":"2021-11-15T23:13:57","slug":"acil-tipta-kirmizi-bayraklar-kursu-istanbul-2","status":"publish","type":"post","link":"https:\/\/tatd.org.tr\/en\/etkinlik\/acil-tipta-kirmizi-bayraklar-kursu-istanbul-2\/","title":{"rendered":"Acil T\u0131pta K\u0131rm\u0131z\u0131 Bayraklar Kursu, \u0130stanbul"},"content":{"rendered":"<div class=\"pcrstb-wrap\"><table class=\"table\">\n<tbody>\n<tr>\n<td>\n<p><strong>Kurs koordinat&ouml;r&uuml;<\/strong><\/p>\n<\/td>\n<\/tr>\n<tr>\n<td>\n<p>Do&ccedil;. Dr. Hakan Topa&ccedil;o\u011flu<\/p>\n<\/td>\n<\/tr>\n<\/tbody>\n<\/table><\/div>\n<p>&nbsp;<\/p>\n<div class=\"pcrstb-wrap\"><table class=\"table table-striped\">\n<tbody>\n<tr>\n<td colspan=\"3\" style=\"background-color:rgb(0, 0, 102)\">\n<p style=\"text-align:center\"><span style=\"color:#FFFFFF\"><strong>PROGRAM<\/strong><\/span><\/p>\n<\/td>\n<\/tr>\n<tr>\n<td>\n<p>08.30 &#8211; 09.10<\/p>\n<\/td>\n<td>\n<p>Acil t\u0131pta k\u0131rm\u0131z\u0131 bayraklar -1<\/p>\n<\/td>\n<td>\n<p>Prof. Dr. &Ouml;zg&uuml;r Karc\u0131o\u011flu<\/p>\n<p>Do&ccedil;. Dr. Hakan Topa&ccedil;o\u011flu<\/p>\n<p>Uzm. Dr. &Ouml;zlem Dikme<\/p>\n<\/td>\n<\/tr>\n<tr>\n<td>\n<p>09:20 &#8211; 10:00<\/p>\n<\/td>\n<td>\n<p>Acil t\u0131pta k\u0131rm\u0131z\u0131 bayraklar -2<\/p>\n<\/td>\n<td>\n<p>Prof. Dr. &Ouml;zg&uuml;r Karc\u0131o\u011flu<\/p>\n<p>Do&ccedil;. Dr. Hakan Topa&ccedil;o\u011flu<\/p>\n<p>Uzm. Dr. &Ouml;zlem Dikme<\/p>\n<\/td>\n<\/tr>\n<tr>\n<td>\n<p>10:10 &#8211; 10:50<\/p>\n<\/td>\n<td>\n<p>Ak\u0131lc\u0131 ila&ccedil; kullan\u0131m\u0131<\/p>\n<\/td>\n<td>\n<p>Do&ccedil;. Dr. Hakan Topa&ccedil;o\u011flu<\/p>\n<\/td>\n<\/tr>\n<\/tbody>\n<\/table><\/div>\n<p>&nbsp;<\/p>\n","protected":false},"excerpt":{"rendered":"<p>Kurs koordinat&ouml;r&uuml; Do&ccedil;. Dr. Hakan Topa&ccedil;o\u011flu &nbsp; PROGRAM 08.30 &#8211; 09.10 Acil t\u0131pta k\u0131rm\u0131z\u0131 bayraklar -1 Prof. Dr. &Ouml;zg&uuml;r Karc\u0131o\u011flu Do&ccedil;. Dr. Hakan Topa&ccedil;o\u011flu Uzm. Dr. &Ouml;zlem Dikme 09:20 &#8211;&hellip;<\/p>\n","protected":false},"author":1,"featured_media":0,"comment_status":"open","ping_status":"closed","sticky":false,"template":"","format":"standard","meta":{"_acf_changed":false,"inline_featured_image":false,"_lmt_disableupdate":"","_lmt_disable":"","footnotes":""},"categories":[10012],"tags":[],"class_list":["post-22881","post","type-post","status-publish","format-standard","hentry","category-etkinlik"],"acf":[],"_links":{"self":[{"href":"https:\/\/tatd.org.tr\/en\/wp-json\/wp\/v2\/posts\/22881","targetHints":{"allow":["GET"]}}],"collection":[{"href":"https:\/\/tatd.org.tr\/en\/wp-json\/wp\/v2\/posts"}],"about":[{"href":"https:\/\/tatd.org.tr\/en\/wp-json\/wp\/v2\/types\/post"}],"author":[{"embeddable":true,"href":"https:\/\/tatd.org.tr\/en\/wp-json\/wp\/v2\/users\/1"}],"replies":[{"embeddable":true,"href":"https:\/\/tatd.org.tr\/en\/wp-json\/wp\/v2\/comments?post=22881"}],"version-history":[{"count":0,"href":"https:\/\/tatd.org.tr\/en\/wp-json\/wp\/v2\/posts\/22881\/revisions"}],"wp:attachment":[{"href":"https:\/\/tatd.org.tr\/en\/wp-json\/wp\/v2\/media?parent=22881"}],"wp:term":[{"taxonomy":"category","embeddable":true,"href":"https:\/\/tatd.org.tr\/en\/wp-json\/wp\/v2\/categories?post=22881"},{"taxonomy":"post_tag","embeddable":true,"href":"https:\/\/tatd.org.tr\/en\/wp-json\/wp\/v2\/tags?post=22881"}],"curies":[{"name":"wp","href":"https:\/\/api.w.org\/{rel}","templated":true}]}}