{"id":22858,"date":"2018-10-23T18:49:35","date_gmt":"2018-10-23T15:49:35","guid":{"rendered":"https:\/\/tatd.org.tr\/blog\/2018\/10\/23\/tatd-bahar-sempozyumu-kibris\/"},"modified":"2021-11-16T02:14:01","modified_gmt":"2021-11-15T23:14:01","slug":"tatd-bahar-sempozyumu-kibris","status":"publish","type":"post","link":"https:\/\/tatd.org.tr\/en\/etkinlik\/tatd-bahar-sempozyumu-kibris\/","title":{"rendered":"TATD Bahar Sempozyumu, K\u0131br\u0131s"},"content":{"rendered":"<p>De\u011ferli Meslekta\u015flar\u0131m\u0131z,<\/p>\n<p>Acil T\u0131p alan\u0131nda bilimsel etkinliklerinin adresi olan T&uuml;rkiye Acil T\u0131p Derne\u011fi (TATD) 29-30 Nisan&nbsp;2017 tarihleri aras\u0131nda, Kuzey K\u0131br\u0131s T&uuml;rk Cumhuriyeti&rsquo;nde &quot;TATD Bahar Sempozyumu&rdquo; d&uuml;zenleyecektir. Bu y\u0131l d&uuml;zenlenecek sempozyumun ana temas\u0131 &ldquo;<strong>Acil T\u0131pta Tan\u0131sal G&ouml;r&uuml;nt&uuml;leme&rdquo;<\/strong> olarak planland\u0131.<\/p>\n<p>Bahar\u0131n erken geldi\u011fi, Akdeniz ikliminin yo\u011fun ya\u015fand\u0131\u011f\u0131 K\u0131br\u0131s&rsquo;ta Acil T\u0131pta Tan\u0131sal G&ouml;r&uuml;nt&uuml;leme stratejilerini irdeleyece\u011fimiz bilimsel etkinli\u011fimizi siz Acil T\u0131p G&ouml;n&uuml;ll&uuml;leri ile bulu\u015fturmaktan b&uuml;y&uuml;k onur duyaca\u011f\u0131z.<\/p>\n<p>Sayg\u0131lar\u0131mla,<br \/>\nDo&ccedil;. Dr. B&uuml;lent Erbil<\/p>\n<p>Sempozyum Ba\u015fkan\u0131<\/p>\n<p>&nbsp;<\/p>\n<div class=\"pcrstb-wrap\"><table class=\"table\">\n<tbody>\n<tr>\n<td colspan=\"3\" style=\"background-color:rgb(0, 0, 102)\">\n<p style=\"text-align:center\"><span style=\"color:#FFFFFF\"><strong>Acil T\u0131pta Tan\u0131sal G&ouml;r&uuml;nt&uuml;leme<\/strong><\/span><\/p>\n<\/td>\n<\/tr>\n<tr>\n<td colspan=\"3\" style=\"background-color:rgb(0, 0, 102)\">\n<p style=\"text-align:center\"><span style=\"color:#FFFFFF\"><strong>29 Nisan 2017<\/strong><\/span><\/p>\n<\/td>\n<\/tr>\n<tr>\n<td style=\"white-space:nowrap\">\n<p>10:00 &#8211; 10:30<\/p>\n<\/td>\n<td>\n<p><strong>A&ccedil;\u0131l\u0131\u015f<\/strong><\/p>\n<\/td>\n<td>\n<p>Prof.Dr.Y\u0131ld\u0131ray &Ccedil;ete &#8211; Do&ccedil;.Dr.B&uuml;lent Erbil<\/p>\n<\/td>\n<\/tr>\n<tr>\n<td>\n<p>10:30 &#8211; 12:00<\/p>\n<\/td>\n<td>\n<p><strong>Travma<\/strong><\/p>\n<\/td>\n<td>\n<p>Moderasyon: Prof.Dr.Y\u0131ld\u0131ray &Ccedil;ete<\/p>\n<\/td>\n<\/tr>\n<tr>\n<td rowspan=\"3\">\n<p>&nbsp;<\/p>\n<\/td>\n<td>\n<p>Travmada Sonografik De\u011ferlendirme<\/p>\n<\/td>\n<td>\n<p>Uzm.Dr.&Ouml;zg&uuml;r &Ccedil;evrim<\/p>\n<\/td>\n<\/tr>\n<tr>\n<td>\n<p>Travmada CT Kullan\u0131m\u0131<\/p>\n<\/td>\n<td>\n<p>Yrd.Do&ccedil;.Dr.Ba\u015fak Bayram<\/p>\n<\/td>\n<\/tr>\n<tr>\n<td>\n<p>Travma &#8211; X &#8211; ray<\/p>\n<\/td>\n<td>\n<p>Prof.Dr.Ersin Aksay<\/p>\n<\/td>\n<\/tr>\n<tr>\n<td>\n<p>13:30 &#8211; 15:00<\/p>\n<\/td>\n<td>\n<p><strong>Torakal &#8211; Abdominal G&ouml;r&uuml;nt&uuml;leme<\/strong><\/p>\n<\/td>\n<td>\n<p>Moderasyon: Prof.Dr.Cem Oktay<\/p>\n<\/td>\n<\/tr>\n<tr>\n<td rowspan=\"3\">\n<p>&nbsp;<\/p>\n<\/td>\n<td>\n<p>Vask&uuml;ler Toraks Acilleri<\/p>\n<\/td>\n<td>\n<p>Prof.Dr.Erhan Akp\u0131nar<\/p>\n<\/td>\n<\/tr>\n<tr>\n<td>\n<p>Nonvask&uuml;ler Toraks Acilleri<\/p>\n<\/td>\n<td>\n<p>Do&ccedil;.Dr.Ruhi Onur<\/p>\n<\/td>\n<\/tr>\n<tr>\n<td>\n<p>Abdominal G&ouml;r&uuml;nt&uuml;leme &#8211; Akut Kar\u0131n A\u011fr\u0131s\u0131 X &#8211; ray, USG, CT, MR ?<\/p>\n<\/td>\n<td>\n<p>Do&ccedil;.Dr.M&uuml;ge G&uuml;nalp<\/p>\n<\/td>\n<\/tr>\n<tr>\n<td>\n<p>15:30 &#8211; 17:00<\/p>\n<\/td>\n<td>\n<p><strong>N&ouml;rog&ouml;r&uuml;nt&uuml;leme &#8211; Kritik Hasta<\/strong><\/p>\n<\/td>\n<td>\n<p>Moderasyon: Yrd.Do&ccedil;.&Ouml;zcan Yava\u015fi<\/p>\n<\/td>\n<\/tr>\n<tr>\n<td rowspan=\"3\">\n<p>&nbsp;<\/p>\n<\/td>\n<td>\n<p>\u0130nmede G&ouml;r&uuml;nt&uuml;leme<\/p>\n<\/td>\n<td>\n<p>Do&ccedil;.Dr.Asl\u0131han Y&uuml;r&uuml;kt&uuml;men &Uuml;nal<\/p>\n<\/td>\n<\/tr>\n<tr>\n<td>\n<p>Ba\u015fa\u011fr\u0131s\u0131, N&ouml;bet, Akut MS Ata\u011f\u0131 ve Di\u011fer N&ouml;rolojik Durumlarda G&ouml;r&uuml;nt&uuml;leme<\/p>\n<\/td>\n<td>\n<p>Uzm.Dr.Murat &Ccedil;etin<\/p>\n<\/td>\n<\/tr>\n<tr>\n<td>\n<p>Kritik Hastada G&ouml;r&uuml;nt&uuml;leme&nbsp;<\/p>\n<\/td>\n<td>\n<p>Yrd.Do&ccedil;.Dr.Funda Karbek Akarca<\/p>\n<\/td>\n<\/tr>\n<tr>\n<td colspan=\"3\" style=\"background-color:rgb(0, 0, 102)\">\n<p style=\"text-align:center\"><span style=\"color:#FFFFFF\"><strong>30 Nisan 2017<\/strong><\/span><\/p>\n<\/td>\n<\/tr>\n<tr>\n<td>\n<p>10:00 &#8211; 11:30<\/p>\n<\/td>\n<td>\n<p><strong>Giri\u015fimsel &#8211; Gebe Hasta &#8211; Radyasyonun Zararlar\u0131<\/strong><\/p>\n<\/td>\n<td>\n<p>Moderasyon: Do&ccedil;.Dr.Hakan Topa&ccedil;o\u011flu<\/p>\n<\/td>\n<\/tr>\n<tr>\n<td rowspan=\"3\">\n<p>&nbsp;<\/p>\n<\/td>\n<td>\n<p>Acil Serviste G&ouml;r&uuml;nt&uuml;leme E\u015fli\u011finde Giri\u015fimsel \u0130\u015flemler<\/p>\n<\/td>\n<td>\n<p>Do&ccedil;.Dr.B&uuml;lent Erbil<\/p>\n<\/td>\n<\/tr>\n<tr>\n<td>\n<p>Gebede G&ouml;r&uuml;nt&uuml;leme<\/p>\n<\/td>\n<td>\n<p>Do&ccedil;.Dr.Mehmet Ali Karaca<\/p>\n<\/td>\n<\/tr>\n<tr>\n<td>\n<p>Radyasyonun Zararl\u0131 Etkileri<\/p>\n<\/td>\n<td>\n<p>Do&ccedil;.Dr.&Ouml;zlem K&ouml;ksal<\/p>\n<\/td>\n<\/tr>\n<tr>\n<td>\n<p>12:00 &#8211; 12:30<\/p>\n<\/td>\n<td>\n<p>Ak\u0131lc\u0131 \u0130la&ccedil; Kullan\u0131m\u0131<\/p>\n<\/td>\n<td>\n<p>Do&ccedil;.Dr.B&uuml;lent Erbil<\/p>\n<\/td>\n<\/tr>\n<\/tbody>\n<\/table><\/div>\n<p style=\"text-align:center\"><img decoding=\"async\" alt=\"\" src=\"files\/images\/bahar_sempozyumu_2017.jpg\" style=\"height:643px; width:450px\" \/><\/p>\n","protected":false},"excerpt":{"rendered":"<p>De\u011ferli Meslekta\u015flar\u0131m\u0131z, Acil T\u0131p alan\u0131nda bilimsel etkinliklerinin adresi olan T&uuml;rkiye Acil T\u0131p Derne\u011fi (TATD) 29-30 Nisan&nbsp;2017 tarihleri aras\u0131nda, Kuzey K\u0131br\u0131s T&uuml;rk Cumhuriyeti&rsquo;nde &quot;TATD Bahar Sempozyumu&rdquo; d&uuml;zenleyecektir. Bu y\u0131l d&uuml;zenlenecek sempozyumun&hellip;<\/p>\n","protected":false},"author":1,"featured_media":0,"comment_status":"open","ping_status":"closed","sticky":false,"template":"","format":"standard","meta":{"_acf_changed":false,"inline_featured_image":false,"_lmt_disableupdate":"","_lmt_disable":"","footnotes":""},"categories":[10012],"tags":[],"class_list":["post-22858","post","type-post","status-publish","format-standard","hentry","category-etkinlik"],"acf":[],"_links":{"self":[{"href":"https:\/\/tatd.org.tr\/en\/wp-json\/wp\/v2\/posts\/22858","targetHints":{"allow":["GET"]}}],"collection":[{"href":"https:\/\/tatd.org.tr\/en\/wp-json\/wp\/v2\/posts"}],"about":[{"href":"https:\/\/tatd.org.tr\/en\/wp-json\/wp\/v2\/types\/post"}],"author":[{"embeddable":true,"href":"https:\/\/tatd.org.tr\/en\/wp-json\/wp\/v2\/users\/1"}],"replies":[{"embeddable":true,"href":"https:\/\/tatd.org.tr\/en\/wp-json\/wp\/v2\/comments?post=22858"}],"version-history":[{"count":0,"href":"https:\/\/tatd.org.tr\/en\/wp-json\/wp\/v2\/posts\/22858\/revisions"}],"wp:attachment":[{"href":"https:\/\/tatd.org.tr\/en\/wp-json\/wp\/v2\/media?parent=22858"}],"wp:term":[{"taxonomy":"category","embeddable":true,"href":"https:\/\/tatd.org.tr\/en\/wp-json\/wp\/v2\/categories?post=22858"},{"taxonomy":"post_tag","embeddable":true,"href":"https:\/\/tatd.org.tr\/en\/wp-json\/wp\/v2\/tags?post=22858"}],"curies":[{"name":"wp","href":"https:\/\/api.w.org\/{rel}","templated":true}]}}