{"id":22833,"date":"2018-10-23T18:49:34","date_gmt":"2018-10-23T15:49:34","guid":{"rendered":"https:\/\/tatd.org.tr\/blog\/2018\/10\/23\/ileri-ultrasonografi-egitimi-izmir\/"},"modified":"2021-11-16T02:14:09","modified_gmt":"2021-11-15T23:14:09","slug":"ileri-ultrasonografi-egitimi-izmir","status":"publish","type":"post","link":"https:\/\/tatd.org.tr\/en\/etkinlik\/ileri-ultrasonografi-egitimi-izmir\/","title":{"rendered":"\u0130leri Ultrasonografi E\u011fitimi, \u0130zmir"},"content":{"rendered":"<p>De\u011ferli Acil T\u0131p &Uuml;yeleri,<\/p>\n<p>T&uuml;rkiye Acil T\u0131p Derne\u011fi Ultrasonografi &Ccedil;al\u0131\u015fma Grubu (TATDUS) taraf\u0131ndan 21 Ekim 2016 tarihlerinde \u0130zmir&rsquo;de tek g&uuml;nl&uuml;k \u0130leri Ultrasonografi Kursu d&uuml;zenlenecektir. Toplant\u0131 yeri Dokuz Eyl&uuml;l &Uuml;niversitesi Acil T\u0131p Anabilim Dal\u0131 olarak belirlenmi\u015ftir. Teorik ve pratik derslerden olu\u015fan kurs program\u0131m\u0131za a\u015fa\u011f\u0131dan ula\u015fabilirsiniz. Kursumuzun kontenjan\u0131 24 ki\u015fi ile s\u0131n\u0131rl\u0131d\u0131r. Kay\u0131t ve ileti\u015fim i&ccedil;in dernek sekreterimiz Ayt&uuml;l Ku\u015f&ccedil;u ile ileti\u015fime ge&ccedil;ebilirsiniz.<\/p>\n<p>\u0130lginize te\u015fekk&uuml;r ederiz.&nbsp;<\/p>\n<p>Sayg\u0131lar\u0131m\u0131zla.<\/p>\n<p>Uz.Dr. &Ouml;zlem Dikme<\/p>\n<p>Do&ccedil;.Dr. Asl\u0131han Y&uuml;r&uuml;kt&uuml;men &Uuml;nal<\/p>\n<p><strong>T&uuml;rkiye Acil T\u0131p Derne\u011fi&nbsp;<\/strong><strong>Ultrasonografi &Ccedil;al\u0131\u015fma Grubu<\/strong><\/p>\n<p>\u0130leti\u015fim i&ccedil;in ;&nbsp;<\/p>\n<p><strong>Ayt&uuml;l Ku\u015f&ccedil;u<\/strong><\/p>\n<p><strong>&Ccedil;ankaya Mah. Cinnah Cad. No: 51\/10 &Ccedil;ankaya &#8211; Ankara<\/p>\n<p>Tel :&nbsp;<a href=\"tel:0312-438-1266\" target=\"_blank\" rel=\"noopener\">0312-438-1266<\/a><\/p>\n<p>Faks&nbsp; :&nbsp;<a href=\"tel:0312-438-1268\" target=\"_blank\" rel=\"noopener\">0312-438-1268<\/a><\/strong><\/p>\n<div class=\"pcrstb-wrap\"><table class=\"table table-striped\">\n<tbody>\n<tr>\n<td>\n<p>08:30-09:00<\/p>\n<\/td>\n<td>\n<p><strong>A&ccedil;\u0131l\u0131\u015f<\/strong><\/p>\n<\/td>\n<td>\n<p>Prof.Dr. Ersin Aksay<\/p>\n<\/td>\n<\/tr>\n<tr>\n<td>\n<p>09:00-09:45<\/p>\n<\/td>\n<td>\n<p><strong>Toraks Ultrasonografisi \/ Pratik<\/strong><\/p>\n<\/td>\n<td>\n<p>Dr. Ba\u015fak Bayram<\/p>\n<p>Dr. Leyla S&uuml;rmeli<\/p>\n<\/td>\n<\/tr>\n<tr>\n<td>\n<p>09:45-10:00<\/p>\n<\/td>\n<td>\n<p>Kahve Aras\u0131<\/p>\n<\/td>\n<td>\n<p>&nbsp;<\/p>\n<\/td>\n<\/tr>\n<tr>\n<td>\n<p>10:00-10:45<\/p>\n<\/td>\n<td>\n<p><strong>\u0130leri EKO ve Kritik Hastan\u0131n de\u011ferlendirilmesi \/ Pratik<\/strong><\/p>\n<\/td>\n<td>\n<p>Dr. Murat Ye\u015filaras<\/p>\n<\/td>\n<\/tr>\n<tr>\n<td>\n<p>10:45-11:00<\/p>\n<\/td>\n<td>\n<p>Kahve Aras\u0131<\/p>\n<\/td>\n<td>\n<p>&nbsp;<\/p>\n<\/td>\n<\/tr>\n<tr>\n<td>\n<p>11:00-11:45<\/p>\n<\/td>\n<td>\n<p><strong>Bat\u0131n Ultrasonografisi \/Pratik<\/strong><\/p>\n<\/td>\n<td>\n<p>Dr. Ba\u015fak Bayram<\/p>\n<p>Dr. Deniz K\u0131l\u0131&ccedil;<\/p>\n<\/td>\n<\/tr>\n<tr>\n<td>\n<p>11:45-12:00<\/p>\n<\/td>\n<td>\n<p>Kahve Aras\u0131<\/p>\n<\/td>\n<td>\n<p>&nbsp;<\/p>\n<\/td>\n<\/tr>\n<tr>\n<td>\n<p>12:00-12:45<\/p>\n<\/td>\n<td>\n<p><strong>Kas \u0130skelet Sistemi Ultrasonografisi \/Pratik<\/strong><\/p>\n<\/td>\n<td>\n<p>Dr. Turgay Y\u0131lmaz K\u0131l\u0131&ccedil;<\/p>\n<\/td>\n<\/tr>\n<\/tbody>\n<\/table><\/div>\n<p style=\"text-align: center;\"><img decoding=\"async\" alt=\"\" src=\"files\/images\/tatdus_kurs_21_ekim.png\" style=\"height:636px; width:450px\" \/><\/p>\n<p>&nbsp;<\/p>\n","protected":false},"excerpt":{"rendered":"<p>De\u011ferli Acil T\u0131p &Uuml;yeleri, T&uuml;rkiye Acil T\u0131p Derne\u011fi Ultrasonografi &Ccedil;al\u0131\u015fma Grubu (TATDUS) taraf\u0131ndan 21 Ekim 2016 tarihlerinde \u0130zmir&rsquo;de tek g&uuml;nl&uuml;k \u0130leri Ultrasonografi Kursu d&uuml;zenlenecektir. Toplant\u0131 yeri Dokuz Eyl&uuml;l &Uuml;niversitesi Acil&hellip;<\/p>\n","protected":false},"author":1,"featured_media":0,"comment_status":"open","ping_status":"closed","sticky":false,"template":"","format":"standard","meta":{"_acf_changed":false,"inline_featured_image":false,"_lmt_disableupdate":"","_lmt_disable":"","footnotes":""},"categories":[10012],"tags":[],"class_list":["post-22833","post","type-post","status-publish","format-standard","hentry","category-etkinlik"],"acf":[],"_links":{"self":[{"href":"https:\/\/tatd.org.tr\/en\/wp-json\/wp\/v2\/posts\/22833","targetHints":{"allow":["GET"]}}],"collection":[{"href":"https:\/\/tatd.org.tr\/en\/wp-json\/wp\/v2\/posts"}],"about":[{"href":"https:\/\/tatd.org.tr\/en\/wp-json\/wp\/v2\/types\/post"}],"author":[{"embeddable":true,"href":"https:\/\/tatd.org.tr\/en\/wp-json\/wp\/v2\/users\/1"}],"replies":[{"embeddable":true,"href":"https:\/\/tatd.org.tr\/en\/wp-json\/wp\/v2\/comments?post=22833"}],"version-history":[{"count":0,"href":"https:\/\/tatd.org.tr\/en\/wp-json\/wp\/v2\/posts\/22833\/revisions"}],"wp:attachment":[{"href":"https:\/\/tatd.org.tr\/en\/wp-json\/wp\/v2\/media?parent=22833"}],"wp:term":[{"taxonomy":"category","embeddable":true,"href":"https:\/\/tatd.org.tr\/en\/wp-json\/wp\/v2\/categories?post=22833"},{"taxonomy":"post_tag","embeddable":true,"href":"https:\/\/tatd.org.tr\/en\/wp-json\/wp\/v2\/tags?post=22833"}],"curies":[{"name":"wp","href":"https:\/\/api.w.org\/{rel}","templated":true}]}}