{"id":22830,"date":"2018-10-23T18:49:34","date_gmt":"2018-10-23T15:49:34","guid":{"rendered":"https:\/\/tatd.org.tr\/blog\/2018\/10\/23\/2-basamakta-acil-hasta-bakimi-izmir\/"},"modified":"2021-11-16T02:13:41","modified_gmt":"2021-11-15T23:13:41","slug":"2-basamakta-acil-hasta-bakimi-izmir","status":"publish","type":"post","link":"https:\/\/tatd.org.tr\/en\/etkinlik\/2-basamakta-acil-hasta-bakimi-izmir\/","title":{"rendered":"2. Basamakta Acil Hasta Bak\u0131m\u0131, \u0130zmir"},"content":{"rendered":"<p>\u00dclkemizde halen acil sa\u011fl\u0131k hizmetlerinin \u00f6nemli bir b\u00f6l\u00fcm\u00fc ikinci basamakta pratisyen hekimler taraf\u0131ndan verilmektedir. T\u00fcrkiye Acil T\u0131p Derne\u011fi (TATD) Mezuniyet Sonras\u0131 E\u011fitim Program\u0131 (MSE) kapsam\u0131nda acil serviste \u00e7al\u0131\u015fan Pratisyen Hekimlere y\u00f6nelik bir kurs program\u0131 planlad\u0131. TATD; daha \u00f6nceden de ikinci basamakta \u00e7al\u0131\u015fan pratisyenlere y\u00f6nelik t\u00fcm \u00fclke genelinde 3000&#8217;den fazla pratisyene verdi\u011fi TATEP e\u011fitimleri ile bu tecr\u00fcbeye sahiptir. Bu kursun da amac\u0131 pratisyen hekimlerin 2. Basamaktaki kritik hastalar\u0131 y\u00f6netme becerisinin artt\u0131r\u0131lmas\u0131, hasta tedavilerinde \u00f6nemli ve ani karar almalar\u0131n\u0131 kolayla\u015ft\u0131rmak, g\u00fcncel t\u0131bbi bilgilere ula\u015fmalar\u0131n\u0131 sa\u011flamakt\u0131r.<\/p>\n<p>Bu kurslar i\u00e7in \u0130zmir&#8217;in pilot b\u00f6lge se\u00e7ilmi\u015f, e\u011fitimlerin k\u0131sa s\u00fcre i\u00e7inde \u00fclke genelinde yap\u0131lmas\u0131 planlanm\u0131\u015ft\u0131r.Kursumuzun kontenjan\u0131 s\u0131n\u0131rl\u0131d\u0131r. Kay\u0131t ve ileti\u015fim i\u00e7in dernek sekreterimiz Ayt\u00fcl Ku\u015f\u00e7u ile ileti\u015fime ge\u00e7ebilirsiniz.<\/p>\n<p>\u0130lginize te\u015fekk\u00fcr ederiz.<\/p>\n<p>\u0130leti\u015fim i\u00e7in ;<\/p>\n<p>Ayt\u00fcl Ku\u015f\u00e7u<br \/>\n\u00c7ankaya Mah. Cinnah Cad. No: 51\/10 \u00c7ankaya &#8211; Ankara<br \/>\nTel:\u00a0<a href=\"tel:0312 438 12 66\">0312 438 12 66<\/a><br \/>\nFaks:\u00a0<a href=\"tel:0312 438 12 68\">0312 438 12 68<\/a><\/p>\n<div class=\"pcrstb-wrap\"><table class=\"table table-striped\">\n<tbody>\n<tr>\n<td colspan=\"3\" style=\"background-color: rgb(0, 0, 102);\">\n<p style=\"text-align: center;\"><span style=\"color:rgb(255, 255, 255)\"><strong>3 Kas\u0131m 2016<\/strong><\/span><\/p>\n<\/td>\n<\/tr>\n<tr>\n<td>\n<p>09:00 &#8211; 09:40<\/p>\n<\/td>\n<td>\n<p>Temel Ya\u015fam Deste\u011fi<\/p>\n<\/td>\n<td>\n<p>Uzm. Dr. Murat \u00c7etin<\/p>\n<\/td>\n<\/tr>\n<tr>\n<td>\n<p>10:00 &#8211; 10:40<\/p>\n<\/td>\n<td>\n<p>\u0130leri Kardiyak Ya\u015fam Deste\u011fi<\/p>\n<\/td>\n<td>\n<p>Uzm. Dr. Tanzer Korkmaz<\/p>\n<\/td>\n<\/tr>\n<tr>\n<td>\n<p>11:00 &#8211; 11:40<\/p>\n<\/td>\n<td>\n<p>Havayolu Y\u00f6netimi<\/p>\n<\/td>\n<td>\n<p>Yard. Do\u00e7. Dr. Ba\u015fak Bayram<\/p>\n<\/td>\n<\/tr>\n<tr>\n<td>\n<p>13:00 &#8211; 13:40<\/p>\n<\/td>\n<td>\n<p>STEAMI Y\u00f6netimi<\/p>\n<\/td>\n<td>\n<p>Uzm. Dr. Vermi De\u011ferli<\/p>\n<\/td>\n<\/tr>\n<tr>\n<td>\n<p>14:00 &#8211; 14:40<\/p>\n<\/td>\n<td>\n<p>Hipoperf\u00fcze Hasta Y\u00f6netimi<\/p>\n<\/td>\n<td>\n<p>Prof. Dr. Ersin Aksay<\/p>\n<\/td>\n<\/tr>\n<tr>\n<td>\n<p>15:00 &#8211; 16:30<\/p>\n<\/td>\n<td>\n<p>Pratik Uygulama<\/p>\n<p><em>(TYD-\u0130KYD-Havayolu)<\/em><\/p>\n<\/td>\n<td>\n<p>Yard. Do\u00e7. Dr. Ba\u015fak Bayram<\/p>\n<p>Uzm. Dr. Tanzer Korkmaz<\/p>\n<p>Uzm. Dr. Murat \u00c7etin<\/p>\n<\/td>\n<\/tr>\n<tr>\n<td colspan=\"3\" style=\"background-color: rgb(0, 0, 102);\">\n<p style=\"text-align: center;\"><span style=\"color:rgb(255, 255, 255)\"><strong>4 Kas\u0131m 2016<\/strong><\/span><\/p>\n<\/td>\n<\/tr>\n<tr>\n<td>\n<p>09:00 &#8211; 09:40<\/p>\n<\/td>\n<td>\n<p>Zehirlenen Hastaya Yakla\u015f\u0131m<\/p>\n<\/td>\n<td>\n<p>Uzm. Dr. S\u00fcveyda Ye\u015filaras<\/p>\n<\/td>\n<\/tr>\n<tr>\n<td>\n<p>10:00 &#8211; 10:40<\/p>\n<\/td>\n<td>\n<p>G\u00f6\u011f\u00fcs A\u011fr\u0131l\u0131 Hastada EKG<\/p>\n<\/td>\n<td>\n<p>Do\u00e7. Dr. Cem Ertan<\/p>\n<\/td>\n<\/tr>\n<tr>\n<td>\n<p>11:00 &#8211; 11:40<\/p>\n<\/td>\n<td>\n<p>Acil Serviste Ta\u015fikardi Y\u00f6netimi<\/p>\n<\/td>\n<td>\n<p>Prof. Dr. Ersin Aksay<\/p>\n<\/td>\n<\/tr>\n<tr>\n<td>\n<p>13:00 &#8211; 13:40<\/p>\n<\/td>\n<td>\n<p>Travmada Kritik Hasta Resusitasyonu<\/p>\n<\/td>\n<td>\n<p>Yard. Do\u00e7. Dr. Ba\u015fak Bayram<\/p>\n<\/td>\n<\/tr>\n<tr>\n<td>\n<p>14:00 &#8211; 14:40<\/p>\n<\/td>\n<td>\n<p>Solunum S\u0131k\u0131nt\u0131l\u0131 Hasta Y\u00f6netimi<\/p>\n<\/td>\n<td>\n<p>Prof. Dr. Ersin Aksay<\/p>\n<\/td>\n<\/tr>\n<tr>\n<td>\n<p>15:00 &#8211; 15:40<\/p>\n<\/td>\n<td>\n<p>Kar\u0131n A\u011fr\u0131s\u0131nda K\u0131rm\u0131z\u0131 Bayraklar<\/p>\n<\/td>\n<td>\n<p>Uzm. Dr. \u00d6nder Limon<\/p>\n<\/td>\n<\/tr>\n<tr>\n<td>\n<p>16:00 &#8211; 16:20<\/p>\n<\/td>\n<td>\n<p>Ba\u015fa\u011fr\u0131s\u0131nda K\u0131rm\u0131z\u0131 Bayraklar<\/p>\n<\/td>\n<td>\n<p>Do\u00e7. Dr. Murat Ye\u015filaras<\/p>\n<\/td>\n<\/tr>\n<tr>\n<td>\n<p>16:20 &#8211; 16:40<\/p>\n<\/td>\n<td>\n<p>Senkop Y\u00f6netimi<\/p>\n<\/td>\n<td>\n<p>Do\u00e7. Dr. Ne\u015fe \u00c7olak Oray<\/p>\n<\/td>\n<\/tr>\n<tr>\n<td>\n<p>17:00<\/p>\n<\/td>\n<td>\n<p>TATD Tan\u0131t\u0131m\u0131 &#8211; Geri Bildirim<\/p>\n<\/td>\n<td>\n<p>\u00a0<\/p>\n<\/td>\n<\/tr>\n<\/tbody>\n<\/table><\/div>\n<p>\u00a0<\/p>\n<div class=\"pcrstb-wrap\"><table align=\"center\" border=\"0\" cellpadding=\"5\" cellspacing=\"2\">\n<tbody>\n<tr>\n<td>\n<p><a href=\"files\/images\/acil_hasta_bakimi_2.JPG\" data-rel=\"penci-gallery-image-content\"  target=\"_blank\" rel=\"noopener\"><img decoding=\"async\" alt=\"\" src=\"files\/images\/acil_hasta_bakimi_2_t.png\" style=\"height:350px; width:250px\" \/><\/a><\/p>\n<\/td>\n<td>\n<p><a href=\"files\/images\/acil_hasta_bakimi_t.png\" data-rel=\"penci-gallery-image-content\"  target=\"_blank\" rel=\"noopener\"><img decoding=\"async\" alt=\"\" src=\"files\/images\/acil_hasta_bakimi_t.png\" style=\"height:350px; width:250px\" \/><\/a><\/p>\n<\/td>\n<\/tr>\n<\/tbody>\n<\/table><\/div>\n","protected":false},"excerpt":{"rendered":"<p>\u00dclkemizde halen acil sa\u011fl\u0131k hizmetlerinin \u00f6nemli bir b\u00f6l\u00fcm\u00fc ikinci basamakta pratisyen hekimler taraf\u0131ndan verilmektedir. T\u00fcrkiye Acil T\u0131p Derne\u011fi (TATD) Mezuniyet Sonras\u0131 E\u011fitim Program\u0131 (MSE) kapsam\u0131nda acil serviste \u00e7al\u0131\u015fan Pratisyen Hekimlere&hellip;<\/p>\n","protected":false},"author":1,"featured_media":0,"comment_status":"open","ping_status":"closed","sticky":false,"template":"","format":"standard","meta":{"_acf_changed":false,"inline_featured_image":false,"_lmt_disableupdate":"","_lmt_disable":"","footnotes":""},"categories":[10012],"tags":[],"class_list":["post-22830","post","type-post","status-publish","format-standard","hentry","category-etkinlik"],"acf":[],"_links":{"self":[{"href":"https:\/\/tatd.org.tr\/en\/wp-json\/wp\/v2\/posts\/22830","targetHints":{"allow":["GET"]}}],"collection":[{"href":"https:\/\/tatd.org.tr\/en\/wp-json\/wp\/v2\/posts"}],"about":[{"href":"https:\/\/tatd.org.tr\/en\/wp-json\/wp\/v2\/types\/post"}],"author":[{"embeddable":true,"href":"https:\/\/tatd.org.tr\/en\/wp-json\/wp\/v2\/users\/1"}],"replies":[{"embeddable":true,"href":"https:\/\/tatd.org.tr\/en\/wp-json\/wp\/v2\/comments?post=22830"}],"version-history":[{"count":0,"href":"https:\/\/tatd.org.tr\/en\/wp-json\/wp\/v2\/posts\/22830\/revisions"}],"wp:attachment":[{"href":"https:\/\/tatd.org.tr\/en\/wp-json\/wp\/v2\/media?parent=22830"}],"wp:term":[{"taxonomy":"category","embeddable":true,"href":"https:\/\/tatd.org.tr\/en\/wp-json\/wp\/v2\/categories?post=22830"},{"taxonomy":"post_tag","embeddable":true,"href":"https:\/\/tatd.org.tr\/en\/wp-json\/wp\/v2\/tags?post=22830"}],"curies":[{"name":"wp","href":"https:\/\/api.w.org\/{rel}","templated":true}]}}