{"id":22424,"date":"2018-10-23T18:49:10","date_gmt":"2018-10-23T15:49:10","guid":{"rendered":"https:\/\/tatd.org.tr\/blog\/2018\/10\/23\/ortopedik-aciller-kursu-2\/"},"modified":"2021-11-16T02:14:15","modified_gmt":"2021-11-15T23:14:15","slug":"ortopedik-aciller-kursu-2","status":"publish","type":"post","link":"https:\/\/tatd.org.tr\/en\/etkinlik\/ortopedik-aciller-kursu-2\/","title":{"rendered":"Ortopedik Aciller Kursu"},"content":{"rendered":"<p>De\u011ferli Acil T\u0131p &uuml;yeleri,<\/p>\n<p>T&uuml;rkiye Acil T\u0131p Derne\u011fi&nbsp; 06-07 Nisan 2016 tarihlerinde Kocaeli&#39;nde Ortopedik Aciller Kursu d&uuml;zenlenecektir.<\/p>\n<p>Acil serviste en s\u0131k kar\u015f\u0131lat\u0131\u011f\u0131m\u0131z ortopedik travmalar, en s\u0131k yap\u0131lan ortopedik hatalar, pelvik travma y&ouml;netimi ve atel teknikleri gibi bir&ccedil;ok konu kursun i&ccedil;eri\u011finde yer almaktad\u0131r.Kursumuzun kontenjan\u0131 s\u0131n\u0131rl\u0131d\u0131r.&nbsp;<\/p>\n<p>\u0130lginize te\u015fekk&uuml;r ederiz.&nbsp;<\/p>\n<p><strong>Kursun d&uuml;zenlenece\u011fi yer:<\/strong>&nbsp;Kocaeli Derince E\u011fitim ve Ara\u015ft\u0131rma Hastanesi<\/p>\n<h2><strong>T&uuml;rkiye Acil T\u0131p Derne\u011fi&nbsp;<\/strong><\/h2>\n<div class=\"pcrstb-wrap\"><table class=\"table\">\n<tbody>\n<tr>\n<td colspan=\"2\">\n<h2 style=\"text-align:center\"><strong>Kurs Koordinat&ouml;rleri<\/strong><\/h2>\n<\/td>\n<\/tr>\n<tr>\n<td>\n<p>Prof. Dr. Murat Pekdemir<\/p>\n<\/td>\n<td>\n<p>Uzm. Dr. &Ouml;zg&uuml;r &Ccedil;evrim<\/p>\n<\/td>\n<\/tr>\n<\/tbody>\n<\/table><\/div>\n<p>\n\u0130leti\u015fim i&ccedil;in ;&nbsp;<\/p>\n<p><strong>Ayt&uuml;l Ku\u015f&ccedil;u<\/strong><\/p>\n<p><strong>&Ccedil;ankaya Mah. Cinnah Cad.<\/p>\n<p>No: 51\/10<\/p>\n<p>&Ccedil;ankaya &#8211; Ankara<\/p>\n<p>Tel : 0312-438-1266<\/p>\n<p>Faks&nbsp; : 0312-438-1268<\/strong><\/p>\n<div class=\"pcrstb-wrap\"><table class=\"table\">\n<tbody>\n<tr>\n<td colspan=\"3\">\n<p><strong>1. G&uuml;n<\/strong><\/p>\n<\/td>\n<\/tr>\n<tr>\n<td>\n<p>09:30<\/p>\n<\/td>\n<td>\n<p>A&ccedil;\u0131l\u0131\u015f<\/p>\n<\/td>\n<td>&nbsp;<\/td>\n<\/tr>\n<tr>\n<td style=\"white-space:nowrap\">\n<p>10:00 &#8211; 11:40<\/p>\n<\/td>\n<td>\n<p>El ve el bile\u011fi grafilerinin yorumlanmas\u0131<\/p>\n<\/td>\n<td>\n<p>Uzm. Dr. Onur Karakayal\u0131<\/p>\n<\/td>\n<\/tr>\n<tr>\n<td>\n<p>11:00 &#8211; 11:40<\/p>\n<\/td>\n<td>\n<p>Pediatrik ortopedik travmalar<\/p>\n<\/td>\n<td>\n<p>Yard. Do&ccedil;. Dr. Elif Yaka<\/p>\n<\/td>\n<\/tr>\n<tr>\n<td style=\"white-space: nowrap;\">\n<p>12:00 &#8211;&nbsp;12:40<\/p>\n<\/td>\n<td style=\"white-space: nowrap;\">\n<p>Dirsek ve &ouml;nkol grafilerinin yorumlanmas\u0131<\/p>\n<\/td>\n<td>\n<p>Uzm. Dr. &Ouml;zg&uuml;r &Ccedil;evrim<\/p>\n<\/td>\n<\/tr>\n<tr>\n<td>\n<p>14:00 &#8211; 14:40<\/p>\n<\/td>\n<td>\n<p>Omuz &ccedil;\u0131k\u0131\u011f\u0131 y&ouml;netimi<\/p>\n<\/td>\n<td>\n<p>Yard. Do&ccedil;. Dr. Ba\u015fak Bayram<\/p>\n<\/td>\n<\/tr>\n<tr>\n<td>\n<p>15:00 &#8211; 15:40<\/p>\n<\/td>\n<td>\n<p>Atel teknikleri<\/p>\n<\/td>\n<td>\n<p>Yard. Do&ccedil;. Dr. Ba\u015fak Bayram<\/p>\n<\/td>\n<\/tr>\n<tr>\n<td>\n<p>16:00 &#8211; 17:00<\/p>\n<\/td>\n<td>\n<p>Olgu bazl\u0131 y&ouml;netim (&Uuml;st ekstremite + pediatrik) &#8211; <em>7 ki\u015filik gruplarda pratik&nbsp;<\/em><\/p>\n<\/td>\n<td>\n<p>T&uuml;m E\u011fitmenler<\/p>\n<\/td>\n<\/tr>\n<tr>\n<td colspan=\"3\">\n<p><strong>2. G&uuml;n<\/strong><\/p>\n<\/td>\n<\/tr>\n<tr>\n<td>\n<p>09:00 &#8211; 09:40<\/p>\n<\/td>\n<td>\n<p>Diz, ayak bile\u011fi ve ayak travmalar\u0131n\u0131n y&ouml;netimi &#8211; <em>G&ouml;r&uuml;nt&uuml;leme ve y&ouml;netim<\/em><\/p>\n<\/td>\n<td>\n<p>Do&ccedil;. Dr. Serkan Y\u0131lmaz<\/p>\n<\/td>\n<\/tr>\n<tr>\n<td>\n<p>10:00 &#8211; 10:40<\/p>\n<\/td>\n<td>\n<p>Pelvis ve femur travmalar\u0131n\u0131n y&ouml;netimi &#8211; <em>G&ouml;r&uuml;nt&uuml;leme ve y&ouml;netim<\/em><\/p>\n<\/td>\n<td>\n<p>Uzm. Dr. Asl\u0131 Acarer<\/p>\n<\/td>\n<\/tr>\n<tr>\n<td>\n<p>11:00 &#8211; 11:40<\/p>\n<\/td>\n<td>\n<p>&Ccedil;\u0131k\u0131k y&ouml;netimi (Omuz &ccedil;\u0131k\u0131\u011f\u0131 d\u0131\u015f\u0131) &#8211; <em>&Ccedil;ene, dirsek, kal&ccedil;a, diz ve parmak &ccedil;\u0131k\u0131klar\u0131n\u0131n y&ouml;netimi<\/em><\/p>\n<\/td>\n<td>\n<p>Uzm. Dr. Mehmert Y\u0130\u011e\u0130T<\/p>\n<\/td>\n<\/tr>\n<tr>\n<td>\n<p>13:00 &#8211; 13:40<\/p>\n<\/td>\n<td>\n<p>Ortopedik travmalarda s\u0131k yap\u0131lan hatalar<\/p>\n<\/td>\n<td>\n<p>Yard. Do&ccedil;. Dr. Ba\u015fak Bayram<\/p>\n<\/td>\n<\/tr>\n<tr>\n<td>\n<p>14:00 &#8211; 14:40<\/p>\n<\/td>\n<td>\n<p>Ortopedik travmalarda a\u011fr\u0131 y&ouml;netimi &#8211; <em>Giri\u015fimsel sedasyon analjezi, lokal uygulamalar<\/em><\/p>\n<\/td>\n<td>\n<p>Uzm. Dr. &Ouml;zg&uuml;r &Ccedil;evrim<\/p>\n<\/td>\n<\/tr>\n<tr>\n<td>\n<p>15:00 &#8211; 16:00<\/p>\n<\/td>\n<td>\n<p>Olgu bazl\u0131 y&ouml;netim (Alt ekstremite) &#8211; <em>7 ki\u015filik gruplarda pratik&nbsp;<\/em><\/p>\n<\/td>\n<td>\n<p>T&uuml;m E\u011fitmenler<\/p>\n<\/td>\n<\/tr>\n<tr>\n<td>\n<p>16:00 &#8211; 17:30<\/p>\n<\/td>\n<td>\n<p>Atel uygulamas\u0131 &#8211; <em>7 ki\u015filik gruplarda atel prati\u011fi&nbsp;<\/em><\/p>\n<\/td>\n<td>\n<p>T&uuml;m E\u011fitmenler<\/p>\n<\/td>\n<\/tr>\n<tr>\n<td>\n<p>17:30 &#8211; 18:00<\/p>\n<\/td>\n<td>\n<p>Kapan\u0131\u015f<\/p>\n<\/td>\n<td>&nbsp;<\/td>\n<\/tr>\n<\/tbody>\n<\/table><\/div>\n<p><img decoding=\"async\" alt=\"\" src=\"files\/images\/Unknown(3).jpg\" style=\"height:761px; width:565px\" \/><\/p>\n","protected":false},"excerpt":{"rendered":"<p>De\u011ferli Acil T\u0131p &uuml;yeleri, T&uuml;rkiye Acil T\u0131p Derne\u011fi&nbsp; 06-07 Nisan 2016 tarihlerinde Kocaeli&#39;nde Ortopedik Aciller Kursu d&uuml;zenlenecektir. Acil serviste en s\u0131k kar\u015f\u0131lat\u0131\u011f\u0131m\u0131z ortopedik travmalar, en s\u0131k yap\u0131lan ortopedik hatalar, pelvik&hellip;<\/p>\n","protected":false},"author":1,"featured_media":0,"comment_status":"open","ping_status":"closed","sticky":false,"template":"","format":"standard","meta":{"_acf_changed":false,"inline_featured_image":false,"_lmt_disableupdate":"","_lmt_disable":"","footnotes":""},"categories":[10012],"tags":[],"class_list":["post-22424","post","type-post","status-publish","format-standard","hentry","category-etkinlik"],"acf":[],"_links":{"self":[{"href":"https:\/\/tatd.org.tr\/en\/wp-json\/wp\/v2\/posts\/22424","targetHints":{"allow":["GET"]}}],"collection":[{"href":"https:\/\/tatd.org.tr\/en\/wp-json\/wp\/v2\/posts"}],"about":[{"href":"https:\/\/tatd.org.tr\/en\/wp-json\/wp\/v2\/types\/post"}],"author":[{"embeddable":true,"href":"https:\/\/tatd.org.tr\/en\/wp-json\/wp\/v2\/users\/1"}],"replies":[{"embeddable":true,"href":"https:\/\/tatd.org.tr\/en\/wp-json\/wp\/v2\/comments?post=22424"}],"version-history":[{"count":0,"href":"https:\/\/tatd.org.tr\/en\/wp-json\/wp\/v2\/posts\/22424\/revisions"}],"wp:attachment":[{"href":"https:\/\/tatd.org.tr\/en\/wp-json\/wp\/v2\/media?parent=22424"}],"wp:term":[{"taxonomy":"category","embeddable":true,"href":"https:\/\/tatd.org.tr\/en\/wp-json\/wp\/v2\/categories?post=22424"},{"taxonomy":"post_tag","embeddable":true,"href":"https:\/\/tatd.org.tr\/en\/wp-json\/wp\/v2\/tags?post=22424"}],"curies":[{"name":"wp","href":"https:\/\/api.w.org\/{rel}","templated":true}]}}