{"id":22395,"date":"2018-10-23T18:48:55","date_gmt":"2018-10-23T15:48:55","guid":{"rendered":"https:\/\/tatd.org.tr\/blog\/2018\/10\/23\/1-kktc-ambulans-rallisi-ve-acil-saglik-hizmetleri-ve-ilkyardim-sempozyumu\/"},"modified":"2021-11-16T02:13:50","modified_gmt":"2021-11-15T23:13:50","slug":"1-kktc-ambulans-rallisi-ve-acil-saglik-hizmetleri-ve-ilkyardim-sempozyumu","status":"publish","type":"post","link":"https:\/\/tatd.org.tr\/en\/etkinlik\/1-kktc-ambulans-rallisi-ve-acil-saglik-hizmetleri-ve-ilkyardim-sempozyumu\/","title":{"rendered":"1. KKTC Ambulans Rallisi ve Acil Sa\u011fl\u0131k Hizmetleri ve \u0130lkyard\u0131m Sempozyumu"},"content":{"rendered":"<p><img alt=\"\" src=files\/images\/pdf.png\" style=\"float:left; height:20px; margin-left:5px; margin-right:5px; width:20px\" \/><strong>1. KKTC Ambulans Rallisi ve Acil Sa\u011fl\u0131k Hizmetleri ve \u0130lkyard\u0131m Sempozyumu raporuna ula\u015fmak i&ccedil;in l&uuml;tfen <a href=files\/files\/KASHIS-2018_Rapor_180427.pdf\" target=\"_blank\">t\u0131klay\u0131n\u0131z<\/a>.<\/strong><\/p>\n<p><strong>1. KKTC Ambulans Rallisi ve Acil Sa\u011fl\u0131k Hizmetleri ve \u0130lkyard\u0131m Sempozyumu (1. KASH\u0130S)<\/strong>, T&uuml;rkiye Acil T\u0131p Derne\u011fi ve Do\u011fu Akdeniz &Uuml;niversitesi Sa\u011fl\u0131k Bilimleri Fak&uuml;ltesi ev sahipli\u011finde 8-11 Nisan 2018 tarihleri aras\u0131nda Do\u011fu Akdeniz &Uuml;niversitesi Mustafa Af\u015fin Ersoy Salonunda ger&ccedil;ekle\u015ftirilecektir. Sempozyuma Paramedik Derne\u011fi, Acil Hem\u015fireleri Derne\u011fi ile K\u0131br\u0131s T&uuml;rk Tabipleri Birli\u011fi ve K\u0131br\u0131s T&uuml;rk Paramedik Derne\u011fi destekleyeceklerdir. &nbsp;<\/p>\n<p>8 Nisan 2018&rsquo;de sempozyumun ilk g&uuml;n&uuml;nde K\u0131br\u0131s&rsquo;ta ilk defa <strong><em>Ambulans Rallisi<\/em><\/strong> yap\u0131lacakt\u0131r. 9 Nisan 2018&rsquo;de <strong><em>Acil Sa\u011fl\u0131k Hizmetleri Sempozyumu<\/em><\/strong> ba\u015flayacak ve &uuml;&ccedil; g&uuml;n s&uuml;recektir; s\u0131k kar\u015f\u0131la\u015f\u0131lan &ldquo;\u0130lk ve Acil Yard\u0131m Durumlar\u0131nda Yakla\u015f\u0131m Prensipleri&rdquo; ortak panellerde farkl\u0131 sa\u011fl\u0131k meslek gruplar\u0131nca konu\u015fulacak ve ekip olarak ortak payda\u015f &ccedil;&ouml;z&uuml;mler tart\u0131\u015f\u0131lacakt\u0131r. Sempozyum program\u0131 da buna uygun olarak panellerde hekim, hem\u015fire ve paramedik olarak bir ekip b&uuml;t&uuml;nl&uuml;\u011f&uuml; olu\u015fturacak \u015fekilde haz\u0131rlanm\u0131\u015ft\u0131r. 11 Nisan 2018&rsquo;de sempozyumun son g&uuml;n&uuml;nde halka a&ccedil;\u0131k bir <strong><em>\u0130lkyard\u0131m Sempozyumu<\/em><\/strong> yap\u0131lacakt\u0131r. Sempozyuma kat\u0131l\u0131m ba\u015ftan sona t&uuml;m g&uuml;nler &uuml;cretsizdir.<\/p>\n<p>Sempozyum Ba\u015fkanlar\u0131<br \/>\n<strong>Prof. Dr. Mehtap Malko&ccedil;<br \/>\nDr. &Ouml;\u011fr. &Uuml;yesi R\u0131dvan Atilla&nbsp;<\/strong><\/p>\n<div class=\"pcrstb-wrap\"><table class=\"table table-striped\">\n<tbody>\n<tr>\n<td colspan=\"2\" style=\"background-color:rgb(255, 153, 0); text-align:center\"><strong>08 Nisan 2018<br \/>\n\t\t\t1. KKTC AMBULANS RALL\u0130S\u0130 (&Uuml;N\u0130RALL\u0130)<\/strong><\/td>\n<\/tr>\n<tr>\n<td colspan=\"2\" style=\"background-color:rgb(255, 153, 0); text-align:center\"><strong>09 Nisan 2018<br \/>\n\t\t\t1. KKTC AC\u0130L SA\u011eLIK H\u0130ZMETLER\u0130 SEMPOZYUMU<\/strong><\/td>\n<\/tr>\n<tr>\n<td style=\"background-color:rgb(255, 192, 0)\">09:00 &#8211; 10:30<\/td>\n<td style=\"background-color:rgb(255, 192, 0)\">A&ccedil;\u0131l\u0131\u015f<\/td>\n<\/tr>\n<tr>\n<td style=\"background-color:rgb(255, 192, 0)\">11:00 &#8211; 12:30<\/td>\n<td style=\"background-color:rgb(255, 192, 0)\">Acil Serviste Yasal Sorumluluklar Paneli<\/td>\n<\/tr>\n<tr>\n<td style=\"background-color:rgb(255, 192, 0)\">&nbsp;<\/td>\n<td>Hekimin yasal sorumluluklar\u0131<\/td>\n<\/tr>\n<tr>\n<td style=\"background-color:rgb(255, 192, 0)\">&nbsp;<\/td>\n<td>Hem\u015firenin yasal sorumluluklar\u0131<\/td>\n<\/tr>\n<tr>\n<td style=\"background-color:rgb(255, 192, 0)\">&nbsp;<\/td>\n<td>Paramedik\/ATT nin yasal sorumluluklar\u0131&nbsp;<\/td>\n<\/tr>\n<tr>\n<td style=\"background-color:rgb(255, 192, 0)\">14:00 &#8211; 15:30<\/td>\n<td style=\"background-color:rgb(255, 192, 0)\">Resusitasyon Paneli:<\/td>\n<\/tr>\n<tr>\n<td style=\"background-color:rgb(255, 192, 0)\">&nbsp;<\/td>\n<td>Hastane &ouml;ncesi d&ouml;nemde kardiyak arreste yakla\u015f\u0131m&nbsp;<\/td>\n<\/tr>\n<tr>\n<td style=\"background-color:rgb(255, 192, 0)\">&nbsp;<\/td>\n<td>Acil serviste kardiyak arreste yakla\u015f\u0131m&nbsp;<\/td>\n<\/tr>\n<tr>\n<td style=\"background-color:rgb(255, 192, 0)\">&nbsp;<\/td>\n<td>Resusitasyonda hem\u015firenin rol&uuml;<\/td>\n<\/tr>\n<tr>\n<td style=\"background-color:rgb(255, 192, 0)\">16:00 &#8211; 17:30<\/td>\n<td style=\"background-color:rgb(255, 192, 0)\">Kalp Krizi Paneli<\/td>\n<\/tr>\n<tr>\n<td style=\"background-color:rgb(255, 192, 0)\">&nbsp;<\/td>\n<td>G&ouml;\u011f&uuml;s a\u011fr\u0131l\u0131 hastaya hastane &ouml;ncesi yakla\u015f\u0131m<\/td>\n<\/tr>\n<tr>\n<td style=\"background-color:rgb(255, 192, 0)\">&nbsp;<\/td>\n<td>Acil serviste AKS&rsquo;a yakla\u015f\u0131m<\/td>\n<\/tr>\n<tr>\n<td style=\"background-color:rgb(255, 192, 0)\">&nbsp;<\/td>\n<td>AKS&rsquo;de hem\u015firelik bak\u0131m\u0131<\/td>\n<\/tr>\n<tr>\n<td colspan=\"2\" style=\"background-color:rgb(255, 153, 0)\">\n<p style=\"text-align:center\"><strong>10 Nisan 2018<br \/>\n\t\t\t1. KKTC AC\u0130L SA\u011eLIK H\u0130ZMETLER\u0130 SEMPOZYUMU<\/strong><\/p>\n<\/td>\n<\/tr>\n<tr>\n<td style=\"background-color:rgb(255, 192, 0)\">09:30 &#8211; 10.00<\/td>\n<td style=\"background-color:rgb(255, 192, 0)\">\ufffcD&uuml;nya&rsquo;da ve T&uuml;rkiye&rsquo;de Acil Sa\u011fl\u0131k Hiz<\/td>\n<\/tr>\n<tr>\n<td style=\"background-color:rgb(255, 192, 0)\">10:30 &#8211; 12:00<\/td>\n<td style=\"background-color:rgb(255, 192, 0)\">\u0130nme Paneli<\/td>\n<\/tr>\n<tr>\n<td style=\"background-color:rgb(255, 192, 0)\">&nbsp;<\/td>\n<td>Hastane &ouml;ncesinde \u0130nmeli hastaya yakla\u015f\u0131m&nbsp;<\/td>\n<\/tr>\n<tr>\n<td style=\"background-color:rgb(255, 192, 0)\">&nbsp;<\/td>\n<td>Acil serviste inmeye yakla\u015f\u0131m<\/td>\n<\/tr>\n<tr>\n<td style=\"background-color:rgb(255, 192, 0)\">&nbsp;<\/td>\n<td>\u0130nme de hem\u015firelik bak\u0131m\u0131<\/td>\n<\/tr>\n<tr>\n<td style=\"background-color:rgb(255, 192, 0)\">13:30 &#8211; 15:00<\/td>\n<td style=\"background-color:rgb(255, 192, 0)\">Nefes darl\u0131\u011f\u0131 paneli<\/td>\n<\/tr>\n<tr>\n<td style=\"background-color:rgb(255, 192, 0)\">&nbsp;<\/td>\n<td>Hastane &ouml;ncesi d&ouml;nemde dispneye yakla\u015f\u0131m<\/td>\n<\/tr>\n<tr>\n<td style=\"background-color:rgb(255, 192, 0)\">&nbsp;<\/td>\n<td>Acil serviste dispneye yakla\u015f\u0131m<\/td>\n<\/tr>\n<tr>\n<td style=\"background-color:rgb(255, 192, 0)\">&nbsp;<\/td>\n<td>Dispne hastas\u0131nda hem\u015firelik bak\u0131m\u0131&nbsp;<\/td>\n<\/tr>\n<tr>\n<td style=\"background-color:rgb(255, 192, 0)\">15:30 &#8211; 17:00<\/td>\n<td style=\"background-color:rgb(255, 192, 0)\">Travma Paneli<\/td>\n<\/tr>\n<tr>\n<td style=\"background-color:rgb(255, 192, 0)\">&nbsp;<\/td>\n<td>&Ccedil;oklu\/A\u011f\u0131r travmaya hastane &ouml;ncesi yakla\u015f\u0131m<\/td>\n<\/tr>\n<tr>\n<td style=\"background-color:rgb(255, 192, 0)\">&nbsp;<\/td>\n<td>Acil serviste &ccedil;oklu\/a\u011f\u0131r travma hastas\u0131na yakla\u015f\u0131m&nbsp;<\/td>\n<\/tr>\n<tr>\n<td style=\"background-color:rgb(255, 192, 0)\">&nbsp;<\/td>\n<td>&Ccedil;oklu\/A\u011f\u0131r travma hastas\u0131nda hem\u015firelik bak\u0131m\u0131<\/td>\n<\/tr>\n<tr>\n<td colspan=\"2\" style=\"background-color:rgb(255, 153, 0)\">\n<p style=\"text-align:center\"><strong>11 Nisan 2018<br \/>\n\t\t\t1. KKTC AC\u0130L SA\u011eLIK H\u0130ZMETLER\u0130 SEMPOZYUMU<\/strong><\/p>\n<\/td>\n<\/tr>\n<tr>\n<td style=\"background-color:rgb(255, 192, 0)\">\n<p>10:00 &#8211; 12:00&nbsp;<\/p>\n<\/td>\n<td style=\"background-color:rgb(255, 192, 0)\">Acil Sa\u011fl\u0131k Hizmetlerinde Sorunlar Paneli<\/td>\n<\/tr>\n<tr>\n<td style=\"background-color:rgb(255, 192, 0)\">&nbsp;<\/td>\n<td>Acil Sa\u011fl\u0131k Hizmetlerinde sorunlar &#8211; 1 Bakanl\u0131k g&ouml;z&uuml;yle&nbsp;<\/td>\n<\/tr>\n<tr>\n<td style=\"background-color:rgb(255, 192, 0)\">&nbsp;<\/td>\n<td>Acil Sa\u011fl\u0131k Hizmetlerinde sorunlar &#8211; 2 Hekim g&ouml;z&uuml;yle<\/td>\n<\/tr>\n<tr>\n<td style=\"background-color:rgb(255, 192, 0)\">&nbsp;<\/td>\n<td>Acil Sa\u011fl\u0131k Hizmetlerinde sorunlar &#8211; 3 Paramedik g&ouml;z&uuml;yle&nbsp;<\/td>\n<\/tr>\n<tr>\n<td style=\"background-color:rgb(255, 192, 0)\">&nbsp;<\/td>\n<td>Acil Sa\u011fl\u0131k Hizmetlerinde sorunlar &#8211; 4 Hem\u015fire g&ouml;z&uuml;yle<\/td>\n<\/tr>\n<tr>\n<td colspan=\"2\" style=\"background-color:rgb(255, 153, 0)\">\n<p style=\"text-align:center\"><strong>11 Nisan 2018<br \/>\n\t\t\t1. KKTC \u0130LKYARDIM SEMPOZYUMU<\/strong><\/p>\n<\/td>\n<\/tr>\n<tr>\n<td style=\"background-color:rgb(255, 192, 0)\">13:30 &#8211; 15:30<\/td>\n<td style=\"background-color:rgb(255, 192, 0)\">\u0130lkyard\u0131m Paneli<\/td>\n<\/tr>\n<tr>\n<td style=\"background-color:rgb(255, 192, 0)\">&nbsp;<\/td>\n<td>&ldquo;Ya\u015fam ve &Ouml;l&uuml;m aras\u0131ndaki o me\u015fhur ince &ccedil;izgi&rdquo;<\/td>\n<\/tr>\n<tr>\n<td style=\"background-color:rgb(255, 192, 0)\">&nbsp;<\/td>\n<td>Temel Ya\u015fam Deste\u011fi<\/td>\n<\/tr>\n<tr>\n<td style=\"background-color:rgb(255, 192, 0)\">&nbsp;<\/td>\n<td>Basit \u0130lkyard\u0131m Uygulamalar\u0131<\/td>\n<\/tr>\n<\/tbody>\n<\/table><\/div>\n","protected":false},"excerpt":{"rendered":"<p>t\u0131klay\u0131n\u0131z. 1. KKTC Ambulans Rallisi ve Acil Sa\u011fl\u0131k Hizmetleri ve \u0130lkyard\u0131m Sempozyumu (1. KASH\u0130S), T&uuml;rkiye Acil T\u0131p Derne\u011fi ve Do\u011fu Akdeniz &Uuml;niversitesi Sa\u011fl\u0131k Bilimleri Fak&uuml;ltesi ev sahipli\u011finde 8-11 Nisan 2018&hellip;<\/p>\n","protected":false},"author":1,"featured_media":0,"comment_status":"open","ping_status":"closed","sticky":false,"template":"","format":"standard","meta":{"_acf_changed":false,"inline_featured_image":false,"_lmt_disableupdate":"","_lmt_disable":"","footnotes":""},"categories":[10012],"tags":[],"class_list":["post-22395","post","type-post","status-publish","format-standard","hentry","category-etkinlik"],"acf":[],"_links":{"self":[{"href":"https:\/\/tatd.org.tr\/en\/wp-json\/wp\/v2\/posts\/22395","targetHints":{"allow":["GET"]}}],"collection":[{"href":"https:\/\/tatd.org.tr\/en\/wp-json\/wp\/v2\/posts"}],"about":[{"href":"https:\/\/tatd.org.tr\/en\/wp-json\/wp\/v2\/types\/post"}],"author":[{"embeddable":true,"href":"https:\/\/tatd.org.tr\/en\/wp-json\/wp\/v2\/users\/1"}],"replies":[{"embeddable":true,"href":"https:\/\/tatd.org.tr\/en\/wp-json\/wp\/v2\/comments?post=22395"}],"version-history":[{"count":0,"href":"https:\/\/tatd.org.tr\/en\/wp-json\/wp\/v2\/posts\/22395\/revisions"}],"wp:attachment":[{"href":"https:\/\/tatd.org.tr\/en\/wp-json\/wp\/v2\/media?parent=22395"}],"wp:term":[{"taxonomy":"category","embeddable":true,"href":"https:\/\/tatd.org.tr\/en\/wp-json\/wp\/v2\/categories?post=22395"},{"taxonomy":"post_tag","embeddable":true,"href":"https:\/\/tatd.org.tr\/en\/wp-json\/wp\/v2\/tags?post=22395"}],"curies":[{"name":"wp","href":"https:\/\/api.w.org\/{rel}","templated":true}]}}