{"id":22394,"date":"2018-10-23T18:48:55","date_gmt":"2018-10-23T15:48:55","guid":{"rendered":"https:\/\/tatd.org.tr\/blog\/2018\/10\/23\/temel-ekg-kursu-izmir\/"},"modified":"2021-11-16T02:13:48","modified_gmt":"2021-11-15T23:13:48","slug":"temel-ekg-kursu-izmir","status":"publish","type":"post","link":"https:\/\/tatd.org.tr\/en\/etkinlik\/temel-ekg-kursu-izmir\/","title":{"rendered":"Temel EKG Kursu, \u0130zmir"},"content":{"rendered":"<div class=\"pcrstb-wrap\"><table class=\"table\">\n<tbody>\n<tr>\n<td>\n<p><strong>Kurs koordinat&ouml;r&uuml;<\/strong><\/p>\n<\/td>\n<\/tr>\n<tr>\n<td>\n<p>Prof. Dr. Ersin Aksay<\/p>\n<\/td>\n<\/tr>\n<tr>\n<td>\n<p><em>TATD YK &Uuml;yesi<\/em><\/p>\n<\/td>\n<\/tr>\n<\/tbody>\n<\/table><\/div>\n<p>&nbsp;<\/p>\n<div class=\"pcrstb-wrap\"><table class=\"table table-striped\">\n<tbody>\n<tr>\n<td colspan=\"3\" style=\"background-color:rgb(0, 0, 102)\">\n<p style=\"text-align:center\"><span style=\"color:#FFFFFF\"><strong>PROGRAM<\/strong><\/span><\/p>\n<\/td>\n<\/tr>\n<tr>\n<td rowspan=\"2\">\n<p>08:30 &#8211; 09:20<\/p>\n<\/td>\n<td>\n<p>Temel EKG<\/p>\n<\/td>\n<td>\n<p>Do&ccedil;. Dr. Cem Ertan<\/p>\n<\/td>\n<\/tr>\n<tr>\n<td>\n<p>Bradikardik ritimler<\/p>\n<\/td>\n<td>\n<p>Prof. Dr. Ersin Aksay<\/p>\n<\/td>\n<\/tr>\n<tr>\n<td rowspan=\"2\">\n<p>09:30 &#8211; 10:20<\/p>\n<\/td>\n<td>\n<p>Dar kompleks ta\u015fikardiler<\/p>\n<\/td>\n<td>\n<p>Uzm. Dr. Burcu Demird&ouml;ven<\/p>\n<\/td>\n<\/tr>\n<tr>\n<td>\n<p>Geni\u015f kompleks ta\u015fikardiler<\/p>\n<\/td>\n<td>\n<p>Do&ccedil;. Dr. Cem Ertan<\/p>\n<\/td>\n<\/tr>\n<tr>\n<td rowspan=\"2\">\n<p>10:30 &#8211; 11:20<\/p>\n<\/td>\n<td>\n<p>Senkopta EKG<\/p>\n<\/td>\n<td>\n<p>Prof. Dr. Ersin Aksay<\/p>\n<\/td>\n<\/tr>\n<tr>\n<td>\n<p>ST segment y&uuml;ksekli\u011fi ay\u0131r\u0131c\u0131 tan\u0131s\u0131<\/p>\n<\/td>\n<td>\n<p>Prof. Dr. Ersin Aksay<\/p>\n<\/td>\n<\/tr>\n<tr>\n<td>\n<p>11:30 &#8211; 12:00<\/p>\n<\/td>\n<td>\n<p>Ak\u0131lc\u0131 ila&ccedil; kullan\u0131m\u0131<\/p>\n<\/td>\n<td>\n<p>Uzm. Dr. Mustafa Emin &Ccedil;anak&ccedil;\u0131<\/p>\n<\/td>\n<\/tr>\n<\/tbody>\n<\/table><\/div>\n","protected":false},"excerpt":{"rendered":"<p>Kurs koordinat&ouml;r&uuml; Prof. Dr. Ersin Aksay TATD YK &Uuml;yesi &nbsp; PROGRAM 08:30 &#8211; 09:20 Temel EKG Do&ccedil;. Dr. Cem Ertan Bradikardik ritimler Prof. Dr. Ersin Aksay 09:30 &#8211; 10:20 Dar&hellip;<\/p>\n","protected":false},"author":1,"featured_media":0,"comment_status":"open","ping_status":"closed","sticky":false,"template":"","format":"standard","meta":{"_acf_changed":false,"inline_featured_image":false,"_lmt_disableupdate":"","_lmt_disable":"","footnotes":""},"categories":[10012],"tags":[],"class_list":["post-22394","post","type-post","status-publish","format-standard","hentry","category-etkinlik"],"acf":[],"_links":{"self":[{"href":"https:\/\/tatd.org.tr\/en\/wp-json\/wp\/v2\/posts\/22394","targetHints":{"allow":["GET"]}}],"collection":[{"href":"https:\/\/tatd.org.tr\/en\/wp-json\/wp\/v2\/posts"}],"about":[{"href":"https:\/\/tatd.org.tr\/en\/wp-json\/wp\/v2\/types\/post"}],"author":[{"embeddable":true,"href":"https:\/\/tatd.org.tr\/en\/wp-json\/wp\/v2\/users\/1"}],"replies":[{"embeddable":true,"href":"https:\/\/tatd.org.tr\/en\/wp-json\/wp\/v2\/comments?post=22394"}],"version-history":[{"count":0,"href":"https:\/\/tatd.org.tr\/en\/wp-json\/wp\/v2\/posts\/22394\/revisions"}],"wp:attachment":[{"href":"https:\/\/tatd.org.tr\/en\/wp-json\/wp\/v2\/media?parent=22394"}],"wp:term":[{"taxonomy":"category","embeddable":true,"href":"https:\/\/tatd.org.tr\/en\/wp-json\/wp\/v2\/categories?post=22394"},{"taxonomy":"post_tag","embeddable":true,"href":"https:\/\/tatd.org.tr\/en\/wp-json\/wp\/v2\/tags?post=22394"}],"curies":[{"name":"wp","href":"https:\/\/api.w.org\/{rel}","templated":true}]}}