{"id":401,"date":"2022-01-14T12:35:53","date_gmt":"2022-01-14T09:35:53","guid":{"rendered":"https:\/\/tatd.org.tr\/empact\/?p=401"},"modified":"2022-04-14T12:31:07","modified_gmt":"2022-04-14T09:31:07","slug":"guncel-acil-tip-konusmalari-gak-adana","status":"publish","type":"post","link":"https:\/\/tatd.org.tr\/empact\/etkinlik\/guncel-acil-tip-konusmalari-gak-adana\/","title":{"rendered":"G\u00fcncel Acil T\u0131p Konu\u015fmalar\u0131 (GAK), Adana"},"content":{"rendered":"<h3>Davet Mektubu<\/h3>\n<div>\n<p>K\u0131ymetli Mesai Arkada\u015flar\u0131m,<\/p>\n<\/div>\n<div>\n<p>Sizleri T\u00fcrkiye Acil T\u0131p Derne\u011fi EMPACT komisyonu ad\u0131na sayg\u0131 ve sevgi ile selaml\u0131yorum. Covid-19 pandemisi nedeniyle ara vermek zorunda kald\u0131\u011f\u0131m\u0131z, derne\u011fimizin ve EMPACT ekibimizin vazge\u00e7ilmez e\u011fitim programlar\u0131ndan biri olan <b>G\u00fcncel Acil T\u0131p Konu\u015fmalar\u0131 (GAK)<\/b> toplant\u0131lar\u0131m\u0131za s\u00f6z verdi\u011fimiz \u015fekilde ve kald\u0131\u011f\u0131m\u0131z yerden y\u00fcz y\u00fcze olarak devam edecek olman\u0131n haberini vermekten b\u00fcy\u00fck bir memnuniyet duyuyorum.<\/p>\n<\/div>\n<div>\n<p>Bildi\u011finiz \u00fczere GAK toplant\u0131lar\u0131m\u0131z\u0131n ilki Ekim 2018\u2019de \u0130stanbul\u2019da, ikincisi Nisan 2019\u2019da Ankara\u2019da, \u00fc\u00e7\u00fcnc\u00fcs\u00fc Ekim 2019\u2019da Trabzon\u2019da, d\u00f6rd\u00fcnc\u00fcs\u00fc de Aral\u0131k 2019\u2019da \u0130zmir\u2019de yap\u0131lm\u0131\u015f; T\u00fcrkiye\u2019nin \u00e7e\u015fitli b\u00f6lgelerinde g\u00f6rev yapan, alanlar\u0131nda uzman ve deneyimli olan, bir o kadar da kaliteli e\u011fitmen kadrolar\u0131 ile \u00f6zellikle ikinci basamak acil servislerde g\u00f6rev yapan meslekta\u015flar\u0131m\u0131za ula\u015f\u0131m sa\u011flanm\u0131\u015ft\u0131r. Y\u00fczlerce hekimin kat\u0131l\u0131m\u0131yla ger\u00e7ekle\u015ftirilen bu toplant\u0131lar\u0131n sonunda kat\u0131l\u0131mc\u0131lar taraf\u0131ndan olduk\u00e7a olumlu geri bildirimler al\u0131nm\u0131\u015ft\u0131r.<\/p>\n<\/div>\n<div>\n<p>Verimli ve g\u00fcncel bilgileri payla\u015fmaktan ald\u0131\u011f\u0131m\u0131z motivasyonla, y\u00fckselen umudumuzla ve ilk g\u00fcnk\u00fc hevesimizle, yine alan\u0131nda uzman, g\u00fc\u00e7l\u00fc ve deneyimli e\u011fitimci kadromuzla t\u00fcm bildiklerimizi sizinle payla\u015fmak i\u00e7in <b>26-27 Mart 2022 tarihinde \u00c7ukurova \u00dcniversitesi Hipokrat Salonundaki GAK Adana<\/b> toplant\u0131s\u0131\u2019nda olacak olman\u0131n heyecan\u0131n\u0131 siz de\u011ferli meslekta\u015flar\u0131mla payla\u015fmaktan mutluluk duyuyorum. \u0130ki g\u00fcn boyunca y\u00fcz y\u00fcze, interaktif ve dinamik bir s\u00fcre\u00e7 i\u00e7erisinde ger\u00e7ekle\u015ftirecek oldu\u011fumuz GAK Adana\u2019da g\u00f6r\u00fc\u015fmek ve bahar\u0131 Adana\u2019da kar\u015f\u0131lamak dile\u011fi ile,<b><\/b><\/p>\n<\/div>\n<div>\n<p>Sayg\u0131lar\u0131mla,<\/p>\n<\/div>\n<div>\n<p align=\"right\"><strong>Metin Yadigaro\u011flu<\/strong><\/p>\n<\/div>\n<div>\n<p align=\"right\"><strong>EMPACT Komisyonu Ba\u015fkan\u0131<\/strong><\/p>\n<h3>Program<\/h3>\n<div class=\"pcrstb-wrap\"><table class=\"table table-striped\" style=\"width: 875px;height: 1660px\">\n<tbody>\n<tr style=\"height: 56px\">\n<td style=\"height: 56px;width: 865.015625px\" colspan=\"3\">26 Mart 2022 \/ Cumartesi<\/td>\n<\/tr>\n<tr style=\"height: 56px\">\n<td style=\"height: 56px;width: 189.78125px\"><strong>09:00 \u2013 09:20<\/strong><\/td>\n<td style=\"height: 56px;width: 350.4375px\">GAK A\u00e7\u0131l\u0131\u015f<\/td>\n<td style=\"height: 56px;width: 312.796875px\"><strong>Dr. Zeynep KEKE\u00c7<\/strong><\/td>\n<\/tr>\n<tr style=\"height: 56px\">\n<td style=\"height: 56px;width: 189.78125px\"><strong>09:20 \u2013 10:00<\/strong><\/td>\n<td style=\"height: 56px;width: 350.4375px\">Temel ve \u0130leri Ya\u015fam Deste\u011fi<\/td>\n<td style=\"height: 56px;width: 312.796875px\"><strong>Dr. Metin YAD\u0130GARO\u011eLU<\/strong><\/td>\n<\/tr>\n<tr style=\"height: 56px\">\n<td style=\"height: 56px;width: 189.78125px\"><strong>10:00 \u2013 10:40<\/strong><\/td>\n<td style=\"height: 56px;width: 350.4375px\">Acil Havayolu Y\u00f6netimi<\/td>\n<td style=\"height: 56px;width: 312.796875px\"><strong>Dr. Mustafa \u0130PEK<\/strong><\/td>\n<\/tr>\n<tr style=\"height: 56px\">\n<td style=\"height: 56px;width: 189.78125px\"><strong>10:40 \u2013 11:00<\/strong><\/td>\n<td style=\"height: 56px;width: 350.4375px\">Kahve Zaman\u0131<\/td>\n<td style=\"height: 56px;width: 312.796875px\"><\/td>\n<\/tr>\n<tr style=\"height: 56px\">\n<td style=\"height: 56px;width: 189.78125px\"><strong>11:00 \u2013 11:40<\/strong><\/td>\n<td style=\"height: 56px;width: 350.4375px\">G\u00f6\u011f\u00fcs A\u011fr\u0131s\u0131 ve Nefes Darl\u0131\u011f\u0131<\/td>\n<td style=\"height: 56px;width: 312.796875px\"><strong>Dr. Sadiye YOLCU<\/strong><\/td>\n<\/tr>\n<tr style=\"height: 56px\">\n<td style=\"height: 56px;width: 189.78125px\"><strong>11:40 \u2013 12:20<\/strong><\/td>\n<td style=\"height: 56px;width: 350.4375px\">Acil Servis S\u0131k Ba\u015fvuru Nedenleri<\/td>\n<td style=\"height: 56px;width: 312.796875px\"><strong>Dr. M\u00fcmin Murat YAZICI<\/strong><\/td>\n<\/tr>\n<tr style=\"height: 56px\">\n<td style=\"height: 56px;width: 189.78125px\"><strong>12:20 \u2013 13:50<\/strong><\/td>\n<td style=\"height: 56px;width: 350.4375px\">\u00d6\u011fle Yeme\u011fi<\/td>\n<td style=\"height: 56px;width: 312.796875px\"><\/td>\n<\/tr>\n<tr style=\"height: 56px\">\n<td style=\"height: 56px;width: 189.78125px\"><strong>13:50 \u2013 14:30<\/strong><\/td>\n<td style=\"height: 56px;width: 350.4375px\">Vakalarla N\u00f6rolojik Aciller<\/td>\n<td style=\"height: 56px;width: 312.796875px\"><strong>Dr. Mustafa \u0130PEK<\/strong><\/td>\n<\/tr>\n<tr style=\"height: 56px\">\n<td style=\"height: 56px;width: 189.78125px\"><strong>14:30 \u2013 15:10<\/strong><\/td>\n<td style=\"height: 56px;width: 350.4375px\">Acil T\u0131pta K\u0131rm\u0131z\u0131 Bayraklar<\/td>\n<td style=\"height: 56px;width: 312.796875px\"><strong>Dr. Burcu YILMAZ<\/strong><\/td>\n<\/tr>\n<tr style=\"height: 56px\">\n<td style=\"height: 56px;width: 189.78125px\"><strong>15:10 \u2013 15:30<\/strong><\/td>\n<td style=\"height: 56px;width: 350.4375px\">Kahve Zaman\u0131<\/td>\n<td style=\"height: 56px;width: 312.796875px\"><\/td>\n<\/tr>\n<tr style=\"height: 56px\">\n<td style=\"height: 56px;width: 189.78125px\"><strong>15:30 \u2013 16:30<\/strong><\/td>\n<td style=\"height: 56px;width: 350.4375px\">GAK Sahne<\/td>\n<td style=\"height: 56px;width: 312.796875px\"><strong>T\u00fcm E\u011fitmenler<\/strong><\/td>\n<\/tr>\n<tr style=\"height: 56px\">\n<td style=\"height: 56px;width: 865.015625px\" colspan=\"3\">27 Mart 2022 \/ Pazar<\/td>\n<\/tr>\n<tr style=\"height: 96px\">\n<td style=\"height: 53px;width: 189.78125px\"><strong>09:00 \u2013 09:40<\/strong><\/td>\n<td style=\"height: 53px;width: 350.4375px\">G\u00f6rsellerle EKG<\/td>\n<td style=\"height: 53px;width: 312.796875px\"><strong>Dr. Burcu YILMAZ<\/strong><\/td>\n<\/tr>\n<tr style=\"height: 56px\">\n<td style=\"height: 56px;width: 189.78125px\"><strong>09:40 \u2013 10:20<\/strong><\/td>\n<td style=\"height: 56px;width: 350.4375px\">Ortopedik Aciller<\/td>\n<td style=\"height: 56px;width: 312.796875px\"><strong>Dr. Metin YAD\u0130GARO\u011eLU<\/strong><\/td>\n<\/tr>\n<tr style=\"height: 56px\">\n<td style=\"height: 56px;width: 189.78125px\"><strong>10:20 \u2013 10:40<\/strong><\/td>\n<td style=\"height: 56px;width: 350.4375px\">Kahve Zaman\u0131<\/td>\n<td style=\"height: 56px;width: 312.796875px\"><\/td>\n<\/tr>\n<tr style=\"height: 56px\">\n<td style=\"height: 56px;width: 189.78125px\"><strong>10:40 \u2013 11:20<\/strong><\/td>\n<td style=\"height: 56px;width: 350.4375px\">Vakalarla Toksikolojik Aciller<\/td>\n<td style=\"height: 56px;width: 312.796875px\"><strong>Dr. Rana D\u0130\u015eEL<\/strong><\/td>\n<\/tr>\n<tr style=\"height: 56px\">\n<td style=\"height: 56px;width: 189.78125px\"><strong>11:20 \u2013 12:00<\/strong><\/td>\n<td style=\"height: 56px;width: 350.4375px\">Acil Serviste Kar\u0131n A\u011fr\u0131l\u0131 Hasta<\/td>\n<td style=\"height: 56px;width: 312.796875px\"><strong>Dr. Hasan YE\u015e\u0130LA\u011eA\u00c7<\/strong><\/td>\n<\/tr>\n<tr style=\"height: 56px\">\n<td style=\"height: 56px;width: 189.78125px\"><strong>12:00 \u2013 13:30<\/strong><\/td>\n<td style=\"height: 56px;width: 350.4375px\">\u00d6\u011fle Yeme\u011fi<\/td>\n<td style=\"height: 56px;width: 312.796875px\"><\/td>\n<\/tr>\n<tr style=\"height: 96px\">\n<td style=\"height: 62px;width: 189.78125px\"><strong>13:30 \u2013 14:10<\/strong><\/td>\n<td style=\"height: 62px;width: 350.4375px\">Travma Res\u00fcsitasyonu<\/td>\n<td style=\"height: 62px;width: 312.796875px\"><strong>Dr. G\u00fcltekin KADI<\/strong><\/td>\n<\/tr>\n<tr style=\"height: 56px\">\n<td style=\"height: 56px;width: 189.78125px\"><strong>14:10 \u2013 14:50<\/strong><\/td>\n<td style=\"height: 56px;width: 350.4375px\">Acil Serviste G\u00f6r\u00fcnt\u00fcleme<\/td>\n<td style=\"height: 56px;width: 312.796875px\"><strong>Dr. M\u00fcmin Murat YAZICI<\/strong><\/td>\n<\/tr>\n<tr style=\"height: 56px\">\n<td style=\"height: 56px;width: 189.78125px\"><strong>14:50 \u2013 15:10<\/strong><\/td>\n<td style=\"height: 56px;width: 350.4375px\">Kahve Zaman\u0131<\/td>\n<td style=\"height: 56px;width: 312.796875px\"><\/td>\n<\/tr>\n<tr style=\"height: 56px\">\n<td style=\"height: 56px;width: 189.78125px\"><strong>15:10 \u2013 15:50<\/strong><\/td>\n<td style=\"height: 56px;width: 350.4375px\">Acil Serviste Yasal Sorunlar<\/td>\n<td style=\"height: 56px;width: 312.796875px\"><strong>Dr. G\u00fcltekin KADI<\/strong><\/td>\n<\/tr>\n<tr style=\"height: 56px\">\n<td style=\"height: 56px;width: 189.78125px\"><strong>15:50 \u2013 16:30<\/strong><\/td>\n<td style=\"height: 56px;width: 350.4375px\">Uzmana Dan\u0131\u015f<\/td>\n<td style=\"height: 56px;width: 312.796875px\"><strong>T\u00fcm E\u011fitmenler<\/strong><\/td>\n<\/tr>\n<tr style=\"height: 10px\">\n<td style=\"height: 10px;width: 189.78125px\"><strong>16:30 \u2013 17:10<\/strong><\/td>\n<td style=\"height: 10px;width: 350.4375px\">Ak\u0131lc\u0131 \u0130la\u00e7<\/td>\n<td style=\"height: 10px;width: 312.796875px\"><strong>Dr. Burcu YILMAZ<\/strong><\/td>\n<\/tr>\n<\/tbody>\n<\/table><\/div>\n<\/div>\n<div><\/div>\n<h3>\u00dccretlendirme<\/h3>\n<p>Uzman Doktor 400 TL<\/p>\n<p>Asistan Doktor 400 TL<\/p>\n<p>Pratisyen Doktor 400 TL<\/p>\n<p>Hem\u015fire 400 TL<\/p>\n<p>Paramedik\/ATT 400 TL<\/p>\n<p>\u0130nt\u00f6rn Doktor 100 TL<\/p>\n<p>Stajyer Doktor 100 TL<\/p>\n<p>Stajyer Hem\u015fire 100 TL<\/p>\n<h3>Kay\u0131t<\/h3>\n<p>Kay\u0131t ilan\u0131ndan sonra belirlenen s\u00fcrede\u00a0 \u00f6deme yapanlar\u0131n kay\u0131tlar\u0131 onaylanacakt\u0131r.<\/p>\n<p><a href=\"https:\/\/tatd.org.tr\/tatdem\/urun\/gak-adana-26-27-03-2022\/\"><strong>KAYIT YAPTIRMAK \u0130\u00c7\u0130N TIKLAYINIZ.<\/strong><\/a><\/p>\n<h3>Not:<\/h3>\n<p><span style=\"text-decoration: underline\">Yemek ve Konaklama<\/span> kursiyerlere aittir.<\/p>\n<h3>Kurs Koordinat\u00f6rleri<\/h3>\n<p>Dr. Metin Yadigaro\u011flu,\u00a0Dr. Mustafa \u0130pek,\u00a0Dr. Burcu Y\u0131lmaz,\u00a0Dr. M\u00fcmin Murat Yaz\u0131c\u0131,\u00a0Dr. Melih \u0130mamo\u011flu,\u00a0Dr. G\u00fcltekin Kad\u0131<\/p>\n<p><img fetchpriority=\"high\" decoding=\"async\" class=\"alignnone wp-image-404 size-full\" src=\"https:\/\/tatd.org.tr\/empact\/wp-content\/uploads\/sites\/10\/2022\/01\/b41bc3592e0e3f8d26b1c93ff0318a5d.jpg\" alt=\"\" width=\"1120\" height=\"1600\" srcset=\"https:\/\/tatd.org.tr\/empact\/wp-content\/uploads\/sites\/10\/2022\/01\/b41bc3592e0e3f8d26b1c93ff0318a5d.jpg 1120w, https:\/\/tatd.org.tr\/empact\/wp-content\/uploads\/sites\/10\/2022\/01\/b41bc3592e0e3f8d26b1c93ff0318a5d-210x300.jpg 210w, https:\/\/tatd.org.tr\/empact\/wp-content\/uploads\/sites\/10\/2022\/01\/b41bc3592e0e3f8d26b1c93ff0318a5d-717x1024.jpg 717w, https:\/\/tatd.org.tr\/empact\/wp-content\/uploads\/sites\/10\/2022\/01\/b41bc3592e0e3f8d26b1c93ff0318a5d-768x1097.jpg 768w, https:\/\/tatd.org.tr\/empact\/wp-content\/uploads\/sites\/10\/2022\/01\/b41bc3592e0e3f8d26b1c93ff0318a5d-1075x1536.jpg 1075w, https:\/\/tatd.org.tr\/empact\/wp-content\/uploads\/sites\/10\/2022\/01\/b41bc3592e0e3f8d26b1c93ff0318a5d-441x630.jpg 441w\" sizes=\"(max-width: 1120px) 100vw, 1120px\" \/><\/p>\n","protected":false},"excerpt":{"rendered":"<p>Davet Mektubu K\u0131ymetli Mesai Arkada\u015flar\u0131m, Sizleri T\u00fcrkiye Acil T\u0131p Derne\u011fi EMPACT komisyonu ad\u0131na sayg\u0131 ve sevgi ile selaml\u0131yorum. Covid-19 pandemisi nedeniyle ara&hellip;<\/p>\n","protected":false},"author":1213,"featured_media":405,"comment_status":"open","ping_status":"open","sticky":false,"template":"","format":"standard","meta":{"_acf_changed":false,"inline_featured_image":false,"_lmt_disableupdate":"","_lmt_disable":"","footnotes":""},"categories":[10012],"tags":[10022,10021,10019],"class_list":["post-401","post","type-post","status-publish","format-standard","has-post-thumbnail","hentry","category-etkinlik","tag-empact","tag-gak","tag-tatd"],"acf":[],"_links":{"self":[{"href":"https:\/\/tatd.org.tr\/empact\/wp-json\/wp\/v2\/posts\/401","targetHints":{"allow":["GET"]}}],"collection":[{"href":"https:\/\/tatd.org.tr\/empact\/wp-json\/wp\/v2\/posts"}],"about":[{"href":"https:\/\/tatd.org.tr\/empact\/wp-json\/wp\/v2\/types\/post"}],"author":[{"embeddable":true,"href":"https:\/\/tatd.org.tr\/empact\/wp-json\/wp\/v2\/users\/1213"}],"replies":[{"embeddable":true,"href":"https:\/\/tatd.org.tr\/empact\/wp-json\/wp\/v2\/comments?post=401"}],"version-history":[{"count":0,"href":"https:\/\/tatd.org.tr\/empact\/wp-json\/wp\/v2\/posts\/401\/revisions"}],"wp:featuredmedia":[{"embeddable":true,"href":"https:\/\/tatd.org.tr\/empact\/wp-json\/wp\/v2\/media\/405"}],"wp:attachment":[{"href":"https:\/\/tatd.org.tr\/empact\/wp-json\/wp\/v2\/media?parent=401"}],"wp:term":[{"taxonomy":"category","embeddable":true,"href":"https:\/\/tatd.org.tr\/empact\/wp-json\/wp\/v2\/categories?post=401"},{"taxonomy":"post_tag","embeddable":true,"href":"https:\/\/tatd.org.tr\/empact\/wp-json\/wp\/v2\/tags?post=401"}],"curies":[{"name":"wp","href":"https:\/\/api.w.org\/{rel}","templated":true}]}}