{"id":1619,"date":"2026-02-20T09:11:20","date_gmt":"2026-02-20T06:11:20","guid":{"rendered":"https:\/\/tatd.org.tr\/cocuk\/?p=1619"},"modified":"2026-02-20T09:15:12","modified_gmt":"2026-02-20T06:15:12","slug":"tatd-ulusal-resim-yarismasi-2026","status":"publish","type":"post","link":"https:\/\/tatd.org.tr\/cocuk\/genel\/tatd-ulusal-resim-yarismasi-2026\/","title":{"rendered":"TATD Ulusal Resim Yar\u0131\u015fmas\u0131 \u2013 2026"},"content":{"rendered":"\n<p><strong>\u201cGelece\u011fin Acil Servisi: \u0130nsan ve Teknoloji\u201d<\/strong>&nbsp;konulu resim yar\u0131\u015fmas\u0131, \u00e7ocuklar\u0131n acil sa\u011fl\u0131k ve teknoloji alan\u0131ndaki gelece\u011fe dair vizyonlar\u0131n\u0131 sanatsal bi\u00e7imde ifade etmelerini hedeflemektedir. Bu etkinlik, gen\u00e7 nesillerin teknoloji ile insan eme\u011finin uyumunu kavramsalla\u015ft\u0131rmalar\u0131na katk\u0131 sa\u011flarken, toplumsal bilin\u00e7 ve fark\u0131ndal\u0131\u011f\u0131n g\u00fc\u00e7lenmesine de zemin haz\u0131rlamaktad\u0131r.<\/p>\n\n\n\n<p>Resimlerin de\u011ferlendirilmesi ve \u00f6d\u00fcl alacak adaylar\u0131n belirlenmesi T\u00fcrkiye Acil T\u0131p Derne\u011fi\u2019nin inisiyatifinde olup dereceye girenler 23 Nisan 2026 tarihinde T\u00fcrkiye Acil T\u0131p Derne\u011fi resm\u00ee web sitesi http:\/\/www.tatd.org.tr ve sosyal hesaplar\u0131nda a\u00e7\u0131klanacakt\u0131r.<\/p>\n\n\n\n<p>Ayr\u0131nt\u0131l\u0131 bilgi i\u00e7in : <a href=\"https:\/\/tatd.org.tr\/genel\/tatd-ulusal-resim-yarismasi-2026\/\">https:\/\/tatd.org.tr\/genel\/tatd-ulusal-resim-yarismasi-2026\/<\/a><\/p>\n","protected":false},"excerpt":{"rendered":"<p>\u201cGelece\u011fin Acil Servisi: \u0130nsan ve Teknoloji\u201d&nbsp;konulu resim yar\u0131\u015fmas\u0131, \u00e7ocuklar\u0131n acil sa\u011fl\u0131k ve teknoloji alan\u0131ndaki gelece\u011fe dair vizyonlar\u0131n\u0131 sanatsal bi\u00e7imde ifade etmelerini hedeflemektedir.&hellip;<\/p>\n","protected":false},"author":162,"featured_media":1620,"comment_status":"open","ping_status":"open","sticky":false,"template":"","format":"standard","meta":{"_acf_changed":false,"inline_featured_image":false,"_lmt_disableupdate":"","_lmt_disable":"","footnotes":""},"categories":[1,10010,10046],"tags":[10044,10045,10043],"class_list":["post-1619","post","type-post","status-publish","format-standard","has-post-thumbnail","hentry","category-genel","category-slider","category-se","tag-23-nisan","tag-acil-tip","tag-resim-yarismasi"],"acf":[],"_links":{"self":[{"href":"https:\/\/tatd.org.tr\/cocuk\/wp-json\/wp\/v2\/posts\/1619","targetHints":{"allow":["GET"]}}],"collection":[{"href":"https:\/\/tatd.org.tr\/cocuk\/wp-json\/wp\/v2\/posts"}],"about":[{"href":"https:\/\/tatd.org.tr\/cocuk\/wp-json\/wp\/v2\/types\/post"}],"author":[{"embeddable":true,"href":"https:\/\/tatd.org.tr\/cocuk\/wp-json\/wp\/v2\/users\/162"}],"replies":[{"embeddable":true,"href":"https:\/\/tatd.org.tr\/cocuk\/wp-json\/wp\/v2\/comments?post=1619"}],"version-history":[{"count":0,"href":"https:\/\/tatd.org.tr\/cocuk\/wp-json\/wp\/v2\/posts\/1619\/revisions"}],"wp:featuredmedia":[{"embeddable":true,"href":"https:\/\/tatd.org.tr\/cocuk\/wp-json\/wp\/v2\/media\/1620"}],"wp:attachment":[{"href":"https:\/\/tatd.org.tr\/cocuk\/wp-json\/wp\/v2\/media?parent=1619"}],"wp:term":[{"taxonomy":"category","embeddable":true,"href":"https:\/\/tatd.org.tr\/cocuk\/wp-json\/wp\/v2\/categories?post=1619"},{"taxonomy":"post_tag","embeddable":true,"href":"https:\/\/tatd.org.tr\/cocuk\/wp-json\/wp\/v2\/tags?post=1619"}],"curies":[{"name":"wp","href":"https:\/\/api.w.org\/{rel}","templated":true}]}}