{"id":366,"date":"2022-09-04T20:33:27","date_gmt":"2022-09-04T17:33:27","guid":{"rendered":"https:\/\/tatd.org.tr\/bilisim\/?p=366"},"modified":"2022-09-04T23:40:01","modified_gmt":"2022-09-04T20:40:01","slug":"digital-emergency-medicine-panel","status":"publish","type":"post","link":"https:\/\/tatd.org.tr\/bilisim\/etkinlik\/digital-emergency-medicine-panel\/","title":{"rendered":"Digital Emergency Medicine Panel"},"content":{"rendered":"<p>T\u00fcrkiye Acil T\u0131p Derne\u011fi\u2019nin Sa\u011fl\u0131k Bili\u015fim ve Teknolojileri Komisyonu taraf\u0131ndan d\u00fczenlenen <span class=\"JsGRdQ\">Digital Emergency Medicine Panel,<strong> 14 Eyl\u00fcl 2022<\/strong> g\u00fcn\u00fc T\u00fcrkiye saati ile saat <\/span><span class=\"JsGRdQ\"><strong>17:00-19:00<\/strong> aras\u0131nda <strong>\u00fccretsiz<\/strong> olarak izlenebilecek.<br \/>\n<\/span><\/p>\n<p>Panelde, d\u00fcnyan\u0131n farkl\u0131 k\u00f6\u015felerinde Dijital Acil T\u0131p \u00fczerine \u00e7al\u0131\u015fan konunun uzmanlar\u0131 taraf\u0131ndan, Dijital Acil T\u0131p&#8217;\u0131n globaldeki g\u00fcncel durumunun foto\u011fraflanmas\u0131 hedefleniyor. CAEP Dijital EM Komitesi&#8217;nden Kendall Ho, EuSEM Dijital EM \u00c7al\u0131\u015fma Grubundan Thomas Sauter, IFEM \u0130nformatik \u00d6zel \u0130lgi Grubu&#8217;ndan Mark Ragoo, TATD Uluslararas\u0131 Acil T\u0131p Komisyonundan Cem Oktay, TATD Sa\u011fl\u0131k Bili\u015fimi ve Teknolojileri Komisyonu&#8217;ndan Bu\u011fra \u0130lhan, G\u00f6ksu Bozdereli Berikol, \u0130brahim Ula\u015f \u00d6zturan ve \u0130brahim Sarbay&#8217;\u0131n yer alaca\u011f\u0131 bu panele t\u00fcm acil t\u0131p hekimlerimizi davet ediyoruz.<\/p>\n<p>Panelimize \u00dcCRETS\u0130Z kay\u0131t yapt\u0131rmak i\u00e7in <a href=\"https:\/\/us06web.zoom.us\/webinar\/register\/WN_mlIaeieuQbevlXBpC93ufQ\">bu ba\u011flant\u0131da yer alan formu<\/a> kullanabilirsiniz.<\/p>\n<p>Sayg\u0131lar\u0131m\u0131zla\u2026<\/p>\n<p><strong>Sa\u011fl\u0131k Bili\u015fimi ve Teknolojileri Y\u00fcr\u00fctme Kurulu<\/strong><\/p>\n<p>G\u00f6ksu BOZDEREL\u0130 BER\u0130KOL<\/p>\n<p>Bu\u011fra \u0130LHAN<\/p>\n","protected":false},"excerpt":{"rendered":"<p>T\u00fcrkiye Acil T\u0131p Derne\u011fi\u2019nin Sa\u011fl\u0131k Bili\u015fim ve Teknolojileri Komisyonu taraf\u0131ndan d\u00fczenlenen Digital Emergency Medicine Panel, 14 Eyl\u00fcl 2022 g\u00fcn\u00fc T\u00fcrkiye saati ile&hellip;<\/p>\n","protected":false},"author":253,"featured_media":367,"comment_status":"open","ping_status":"open","sticky":false,"template":"","format":"standard","meta":{"_acf_changed":false,"inline_featured_image":false,"_lmt_disableupdate":"","_lmt_disable":"","footnotes":""},"categories":[10012],"tags":[10018,10019],"class_list":["post-366","post","type-post","status-publish","format-standard","has-post-thumbnail","hentry","category-etkinlik","tag-dijital","tag-panel"],"acf":[],"_links":{"self":[{"href":"https:\/\/tatd.org.tr\/bilisim\/wp-json\/wp\/v2\/posts\/366","targetHints":{"allow":["GET"]}}],"collection":[{"href":"https:\/\/tatd.org.tr\/bilisim\/wp-json\/wp\/v2\/posts"}],"about":[{"href":"https:\/\/tatd.org.tr\/bilisim\/wp-json\/wp\/v2\/types\/post"}],"author":[{"embeddable":true,"href":"https:\/\/tatd.org.tr\/bilisim\/wp-json\/wp\/v2\/users\/253"}],"replies":[{"embeddable":true,"href":"https:\/\/tatd.org.tr\/bilisim\/wp-json\/wp\/v2\/comments?post=366"}],"version-history":[{"count":0,"href":"https:\/\/tatd.org.tr\/bilisim\/wp-json\/wp\/v2\/posts\/366\/revisions"}],"wp:featuredmedia":[{"embeddable":true,"href":"https:\/\/tatd.org.tr\/bilisim\/wp-json\/wp\/v2\/media\/367"}],"wp:attachment":[{"href":"https:\/\/tatd.org.tr\/bilisim\/wp-json\/wp\/v2\/media?parent=366"}],"wp:term":[{"taxonomy":"category","embeddable":true,"href":"https:\/\/tatd.org.tr\/bilisim\/wp-json\/wp\/v2\/categories?post=366"},{"taxonomy":"post_tag","embeddable":true,"href":"https:\/\/tatd.org.tr\/bilisim\/wp-json\/wp\/v2\/tags?post=366"}],"curies":[{"name":"wp","href":"https:\/\/api.w.org\/{rel}","templated":true}]}}