{"id":356,"date":"2022-03-24T20:46:56","date_gmt":"2022-03-24T17:46:56","guid":{"rendered":"https:\/\/tatd.org.tr\/bilisim\/?p=356"},"modified":"2022-03-24T20:47:54","modified_gmt":"2022-03-24T17:47:54","slug":"acil-teletip-webinar-2022","status":"publish","type":"post","link":"https:\/\/tatd.org.tr\/bilisim\/etkinlik\/acil-teletip-webinar-2022\/","title":{"rendered":"Acil Telet\u0131p Webinar 2022"},"content":{"rendered":"<p>T\u00fcrkiye Acil T\u0131p Derne\u011fi&#8217;nin Sa\u011fl\u0131k Bili\u015fim ve Teknolojileri Komisyonu Telet\u0131p Alt Grubu taraf\u0131ndan d\u00fczenlenen <span class=\"JsGRdQ\">Acil Telet\u0131p Webinar 2022,<strong> 26 MART 2022<\/strong> saat <\/span><span class=\"JsGRdQ\"><strong>13:00-15:30<\/strong> aras\u0131nda Doktorclub platformu \u00fczerinden <strong>\u00fccretsiz<\/strong> olarak izlenebilecek.<br \/>\n<\/span><\/p>\n<p>2021\u2019de TATD Acil Sag\u0306lik Hizmetlerinde Teletip Uygulamalari Raporu \u0131\u015f\u0131\u011f\u0131nda Acil Sa\u011fl\u0131k hizmetlerinin uzaktan uygulanmas\u0131 konusundaki giri\u015fimleri artt\u0131rmak, telet\u0131p konusunda fark\u0131ndal\u0131\u011f\u0131 artt\u0131rmak, telet\u0131p uygulamalar\u0131 konusunda T\u00fcrkiye ve D\u00fcnyadaki geli\u015fmeleri aktarmak amac\u0131 ile d\u00fczenledi\u011fimiz bu panele t\u00fcm acil t\u0131p hekimlerimizi davet ediyoruz.<\/p>\n<p>Sayg\u0131lar\u0131m\u0131zla&#8230;<\/p>\n<p>Sa\u011fl\u0131k Bili\u015fim ve Teknolojileri<\/p>\n<p>Telet\u0131p Altgrubu<\/p>\n<p><strong>Sa\u011fl\u0131k Bili\u015fimi ve Teknolojileri Y\u00fcr\u00fctme Kurulu<\/strong><\/p>\n<p>G\u00f6ksu BOZDEREL\u0130 BER\u0130KOL<\/p>\n<p>Bu\u011fra \u0130LHAN<\/p>\n<p><strong>Organizasyon komitesi<\/strong><\/p>\n<p>G\u00f6ksu BOZDEREL\u0130 BER\u0130KOL<\/p>\n<p>Bu\u011fra \u0130LHAN<\/p>\n<p>\u0130brahim SARBAY<\/p>\n<p>Orhan \u00c7INAR<\/p>\n<p>Ne\u015fe Nur USER<\/p>\n<div class=\"pcrstb-wrap\"><table width=\"0\">\n<tbody>\n<tr>\n<td width=\"75\"><strong>26 MART 2022<\/strong><\/td>\n<td width=\"145\"><strong>OTURUM<\/strong><\/td>\n<td width=\"158\"><strong>KONUSMA<\/strong><\/td>\n<td width=\"396\"><strong>\u0130\u00e7erik<\/strong><\/td>\n<td width=\"141\"><strong>KONU\u015eMACI<\/strong><\/td>\n<\/tr>\n<tr>\n<td rowspan=\"3\" width=\"75\">13.00-13.20<\/td>\n<td rowspan=\"8\" width=\"145\">I.\u00a0\u00a0\u00a0\u00a0\u00a0\u00a0\u00a0\u00a0\u00a0\u00a0\u00a0\u00a0\u00a0 OTURUM<\/p>\n<p>Moderat\u00f6r: Prof. Dr. Orhan \u00c7\u0131nar \u2013 G\u00f6ksu Bozdereli Berikol<\/td>\n<td rowspan=\"3\" width=\"158\">SA\u011eLIK H\u0130ZMETLER\u0130N\u0130N UZAKTAN SUNUMU<\/p>\n<p><em>\u00a0<\/em><\/td>\n<td width=\"396\">Sa\u011fl\u0131k Hizmetlerinin uzaktan sunulmas\u0131na ge\u00e7i\u015f<\/td>\n<td rowspan=\"3\" width=\"141\">Uzm. Dr. G\u00f6ksu Bozdereli Berikol<\/td>\n<\/tr>\n<tr>\n<td width=\"396\">Telet\u0131p<\/td>\n<\/tr>\n<tr>\n<td width=\"396\">Tele-sa\u011fl\u0131k ve mobil sa\u011fl\u0131k uygulamalar\u0131<\/td>\n<\/tr>\n<tr>\n<td width=\"75\">13.20-13.40<\/td>\n<td width=\"158\">TELE-AC\u0130LLER<\/p>\n<p>&nbsp;<\/td>\n<td width=\"396\">Acil Hasta Bak\u0131m\u0131nda Telet\u0131p Uygulamalar\u0131 T\u00fcrkiye ve D\u00fcnyada Tele-aciller stroke PCI<\/td>\n<td width=\"141\">Prof. Dr. Orhan \u00c7\u0131nar<\/td>\n<\/tr>\n<tr>\n<td rowspan=\"3\" width=\"75\"><\/td>\n<td rowspan=\"3\" width=\"158\">HEK\u0130M VE HASTA \u0130\u015eB\u0130RL\u0130\u011e\u0130<\/p>\n<p><em>\u00a0<\/em><\/td>\n<td width=\"396\">Telet\u0131pta hekim-hasta ileti\u015fimi<\/p>\n<p>-Hasta g\u00f6r\u00fc\u015fmesi<\/td>\n<td rowspan=\"3\" width=\"141\">Dr. \u00d6\u011fr. \u00dcy Ne\u015fe Nur User<\/td>\n<\/tr>\n<tr>\n<td width=\"396\">Telet\u0131p\u2019ta fizik muayene<\/p>\n<p>-Psikyatrik muayene, ortopedik muayene, fizik muayene&#8230;<\/td>\n<\/tr>\n<tr>\n<td width=\"396\">Telekons\u00fcltasyon ve curbside konsultasyon<\/td>\n<\/tr>\n<tr>\n<td width=\"75\">13.40-13.50<\/td>\n<td width=\"158\"><strong>SORU-CEVAP<\/strong><\/td>\n<td width=\"396\"><\/td>\n<td width=\"141\"><\/td>\n<\/tr>\n<tr>\n<td width=\"75\">13.50-14.00<\/td>\n<td width=\"145\"><strong>\u00a0<\/strong><\/td>\n<td width=\"158\"><strong>ARA<\/strong><\/td>\n<td width=\"396\"><\/td>\n<td width=\"141\"><\/td>\n<\/tr>\n<tr>\n<td rowspan=\"2\" width=\"75\">14.00-14.20<\/td>\n<td rowspan=\"5\" width=\"145\">II.\u00a0\u00a0\u00a0\u00a0\u00a0\u00a0\u00a0\u00a0\u00a0\u00a0\u00a0\u00a0 OTURUM<\/p>\n<p>Moderator: Prof. Dr. Orhan \u00c7\u0131nar \u2013 G\u00f6ksu Bozdereli Berikol<\/td>\n<td rowspan=\"2\" width=\"158\">TEKNOLOJ\u0130K ALTYAPI<\/p>\n<p><em>\u00a0<\/em><\/td>\n<td width=\"396\">Teknolojik altyap\u0131<\/td>\n<td rowspan=\"2\" width=\"141\">Uzm. Dr Bu\u011fra \u0130lhan<\/td>\n<\/tr>\n<tr>\n<td width=\"396\">Telet\u0131p teknolojilerileri altyap\u0131 \u00f6rnekleri<\/td>\n<\/tr>\n<tr>\n<td rowspan=\"2\" width=\"75\">14.20-14.40<\/td>\n<td rowspan=\"2\" width=\"158\">HUKUKSAL ALTYAPI<\/p>\n<p><em>\u00a0<\/em><\/td>\n<td width=\"396\">Telet\u0131p mevzuat ve y\u00f6netmelikleri<\/td>\n<td rowspan=\"2\" width=\"141\">Do\u00e7. Dr. Yahya Ayhan Acar<\/td>\n<\/tr>\n<tr>\n<td width=\"396\">Hukuksal d\u00fczenleme \u00f6nerileri<\/td>\n<\/tr>\n<tr>\n<td width=\"75\">14.40-14.50<\/td>\n<td width=\"158\"><strong>SORU-CEVAP<\/strong><\/td>\n<td width=\"396\"><\/td>\n<td width=\"141\"><\/td>\n<\/tr>\n<tr>\n<td width=\"75\">14.50-15.30<\/td>\n<td width=\"145\"><strong>\u00a0<\/strong><\/td>\n<td width=\"158\"><strong>A\u00c7IK OTURUM<\/strong><\/td>\n<td width=\"396\">T\u00fcrkiye\u2019de Telet\u0131bb\u0131n gelece\u011fi<\/td>\n<td width=\"141\">T\u00fcm konu\u015fmac\u0131lar<\/td>\n<\/tr>\n<\/tbody>\n<\/table><\/div>\n","protected":false},"excerpt":{"rendered":"<p>T\u00fcrkiye Acil T\u0131p Derne\u011fi&#8217;nin Sa\u011fl\u0131k Bili\u015fim ve Teknolojileri Komisyonu Telet\u0131p Alt Grubu taraf\u0131ndan d\u00fczenlenen Acil Telet\u0131p Webinar 2022, 26 MART 2022 saat&hellip;<\/p>\n","protected":false},"author":253,"featured_media":357,"comment_status":"open","ping_status":"open","sticky":false,"template":"","format":"standard","meta":{"_acf_changed":false,"inline_featured_image":false,"_lmt_disableupdate":"","_lmt_disable":"","footnotes":""},"categories":[10012],"tags":[],"class_list":["post-356","post","type-post","status-publish","format-standard","has-post-thumbnail","hentry","category-etkinlik"],"acf":[],"_links":{"self":[{"href":"https:\/\/tatd.org.tr\/bilisim\/wp-json\/wp\/v2\/posts\/356","targetHints":{"allow":["GET"]}}],"collection":[{"href":"https:\/\/tatd.org.tr\/bilisim\/wp-json\/wp\/v2\/posts"}],"about":[{"href":"https:\/\/tatd.org.tr\/bilisim\/wp-json\/wp\/v2\/types\/post"}],"author":[{"embeddable":true,"href":"https:\/\/tatd.org.tr\/bilisim\/wp-json\/wp\/v2\/users\/253"}],"replies":[{"embeddable":true,"href":"https:\/\/tatd.org.tr\/bilisim\/wp-json\/wp\/v2\/comments?post=356"}],"version-history":[{"count":0,"href":"https:\/\/tatd.org.tr\/bilisim\/wp-json\/wp\/v2\/posts\/356\/revisions"}],"wp:featuredmedia":[{"embeddable":true,"href":"https:\/\/tatd.org.tr\/bilisim\/wp-json\/wp\/v2\/media\/357"}],"wp:attachment":[{"href":"https:\/\/tatd.org.tr\/bilisim\/wp-json\/wp\/v2\/media?parent=356"}],"wp:term":[{"taxonomy":"category","embeddable":true,"href":"https:\/\/tatd.org.tr\/bilisim\/wp-json\/wp\/v2\/categories?post=356"},{"taxonomy":"post_tag","embeddable":true,"href":"https:\/\/tatd.org.tr\/bilisim\/wp-json\/wp\/v2\/tags?post=356"}],"curies":[{"name":"wp","href":"https:\/\/api.w.org\/{rel}","templated":true}]}}