{"id":1538,"date":"2023-07-03T14:43:44","date_gmt":"2023-07-03T11:43:44","guid":{"rendered":"https:\/\/tatd.org.tr\/atak\/?p=1538"},"modified":"2023-07-03T14:56:57","modified_gmt":"2023-07-03T11:56:57","slug":"klinisyenler-icin-makale-yazma-kursu","status":"publish","type":"post","link":"https:\/\/tatd.org.tr\/atak\/2023\/07\/03\/klinisyenler-icin-makale-yazma-kursu\/","title":{"rendered":"Klinisyenler i\u00e7in MAKALE YAZMA KURSU"},"content":{"rendered":"\n<p>Herkese merhabalar. ATAK ekibi olarak pandemiden sonra h\u0131z kazanan y\u00fcz y\u00fcze kurslar\u0131m\u0131z &#8220;Makale Yazma Kursu&#8221; ile devam ediyoruz. Klinisyenler i\u00e7in Makale Yazma Kursumuz 9-10 Eyl\u00fcl 2023\u2019de Ankara&#8217;da dernek merkezimizde ger\u00e7ekle\u015ftiriyoruz. Kurs program\u0131n\u0131 a\u015fa\u011f\u0131dan inceleyebilirsiniz. \u00d6n kay\u0131tlar\u0131\u00a0<a href=\"https:\/\/tatd.org.tr\/atak\/etkinliklerimiz\/kurslarimiz\/on-kayit\/\">BURADAN\u00a0<\/a>yapt\u0131rabilirsiniz.  T\u00fcm acil uzman\u0131 meslekta\u015flar\u0131m\u0131z\u0131 bekliyoruz. G\u00f6r\u00fc\u015fmek \u00fczere&#8230;<\/p>\n\n\n\n<p><strong>Kat\u0131l\u0131m \u00fccreti: <\/strong>TATD \u00fcyesi olanlar i\u00e7in: <strong>2250TL<\/strong><\/p>\n\n\n\n<p>                          TATD \u00fcyesi olmayanlar i\u00e7in: <strong>2750TL<\/strong><\/p>\n\n\n\n<p><strong>Not:<\/strong> Kesin kay\u0131t i\u00e7in kay\u0131t maili \u00f6n kay\u0131t yapt\u0131ran kursiyerlerimize kay\u0131t s\u0131ras\u0131na g\u00f6re g\u00f6nderilecektir.<\/p>\n\n\n\n<figure class=\"wp-block-image size-large\"><img fetchpriority=\"high\" decoding=\"async\" width=\"1024\" height=\"1024\" src=\"https:\/\/tatd.org.tr\/atak\/wp-content\/uploads\/sites\/4\/2023\/07\/c4ca4238a0b923820dcc509a6f75849b-1024x1024.jpeg\" alt=\"\" class=\"wp-image-1539\" srcset=\"https:\/\/tatd.org.tr\/atak\/wp-content\/uploads\/sites\/4\/2023\/07\/c4ca4238a0b923820dcc509a6f75849b-1024x1024.jpeg 1024w, https:\/\/tatd.org.tr\/atak\/wp-content\/uploads\/sites\/4\/2023\/07\/c4ca4238a0b923820dcc509a6f75849b-300x300.jpeg 300w, https:\/\/tatd.org.tr\/atak\/wp-content\/uploads\/sites\/4\/2023\/07\/c4ca4238a0b923820dcc509a6f75849b-150x150.jpeg 150w, https:\/\/tatd.org.tr\/atak\/wp-content\/uploads\/sites\/4\/2023\/07\/c4ca4238a0b923820dcc509a6f75849b-768x768.jpeg 768w, https:\/\/tatd.org.tr\/atak\/wp-content\/uploads\/sites\/4\/2023\/07\/c4ca4238a0b923820dcc509a6f75849b-630x630.jpeg 630w, https:\/\/tatd.org.tr\/atak\/wp-content\/uploads\/sites\/4\/2023\/07\/c4ca4238a0b923820dcc509a6f75849b.jpeg 1080w\" sizes=\"(max-width: 1024px) 100vw, 1024px\" \/><\/figure>\n\n\n\n<figure class=\"wp-block-table\"><div class=\"pcrstb-wrap\"><table><tbody><tr><td colspan=\"3\"><strong>MAKALE YAZIMI KURSU&nbsp;<\/strong><strong><\/strong><strong>Ankara \u2013 9-10 Eyl\u00fcl 2023<\/strong><strong><\/strong><\/td><\/tr><tr><td colspan=\"3\"><strong>1.<\/strong>&nbsp;&nbsp;&nbsp;&nbsp;&nbsp;<strong>G\u00fcn<\/strong><\/td><\/tr><tr><td><strong>SAAT<\/strong><\/td><td><strong>KONU<\/strong><\/td><td><strong>SUNUMU YAPAN<\/strong><\/td><\/tr><tr><td>08.30-09.00<\/td><td colspan=\"2\"><strong>&#8211;KAHVALTI&#8211;<\/strong><\/td><\/tr><tr><td>09.00-09.30<\/td><td>A\u00e7\u0131l\u0131\u015f-Kurs tan\u0131t\u0131m\u0131<\/td><td>&nbsp;Prof. Dr. Murat ERSEL<\/td><\/tr><tr><td>09.30-10.00<\/td><td>Akademik makale t\u00fcrleri<\/td><td>&nbsp;Prof. Dr. Ersin AKSAY<\/td><\/tr><tr><td>10.00-10.30<\/td><td>Makale yazma k\u0131lavuzlar\u0131: STARD k\u0131lavuzu, CONSORT K\u0131lavuzu, STROBE k\u0131lavuzu ve di\u011ferleri<\/td><td>&nbsp;Prof. Dr. Murat ERSEL<\/td><\/tr><tr><td>10.30-11.00<\/td><td colspan=\"2\"><strong>&#8211;KAHVE MOLASI&#8211;<\/strong><\/td><\/tr><tr><td>11.00-11.45<\/td><td>Makalenin temel \u00e7at\u0131s\u0131n\u0131n yaz\u0131lmas\u0131: IMRAD-1:<em>Giri\u015f-Metot<\/em><\/td><td>&nbsp;Do\u00e7. Dr. Alp \u015eener<\/td><\/tr><tr><td>11.45-12.30<\/td><td>Makalenin temel \u00e7at\u0131s\u0131n\u0131n yaz\u0131lmas\u0131: IMRAD-2:<em>Bulgular-Tart\u0131\u015fma-Sonu\u00e7<\/em><\/td><td>&nbsp;Prof. Dr. Haldun Ako\u011flu<\/td><\/tr><tr><td>12.30-13.30<\/td><td colspan=\"2\"><strong>&#8211;\u00d6\u011eLE ARASI&#8211;<\/strong><\/td><\/tr><tr><td>13.30-14.00<\/td><td>Makalenin di\u011fer \u00f6nemli bile\u015fenleri:<em>Ak\u0131lc\u0131 ba\u015fl\u0131k se\u00e7imi, \u00d6zet, Anahtar kelimeler,&nbsp;<\/em><em>Cover Letter, Title Page, Te\u015fekk\u00fcr, Yazar bilgileri<\/em><\/td><td>&nbsp;Prof. Dr. Haldun Ako\u011flu<\/td><\/tr><tr><td>14.00-15.00<\/td><td><strong>PRAT\u0130K: Ara\u015ft\u0131rma makalesi \u00f6rnekleri;<\/strong><em>\u0130yi ve yetersiz \u00f6rnekler<\/em><\/td><td>Do\u00e7. Dr. \u015eeref Kerem \u00c7orbac\u0131o\u011flu&amp; T\u00fcm E\u011fitmenler<\/td><\/tr><tr><td>15.00-15.30<\/td><td colspan=\"2\"><strong>&#8211;KAHVE MOLASI&#8211;<\/strong><\/td><\/tr><tr><td>15.30-17.30<\/td><td><strong>PRAT\u0130K: Ara\u015ft\u0131rma makalesi yazma<\/strong><\/td><td>Do\u00e7. Dr. G\u00f6khan Aksel&nbsp;&amp;&nbsp;&nbsp;T\u00fcm E\u011fitmenler<\/td><\/tr><\/tbody><\/table><\/div><\/figure>\n\n\n\n<figure class=\"wp-block-table\"><div class=\"pcrstb-wrap\"><table><tbody><tr><td colspan=\"3\"><strong>2.<\/strong>&nbsp;&nbsp;&nbsp;&nbsp;&nbsp;<strong>G\u00fcn<\/strong><\/td><\/tr><tr><td><strong>SAAT<\/strong><\/td><td><strong>KONU<\/strong><\/td><td><strong>SUNUMU YAPAN<\/strong><\/td><\/tr><tr><td>08.30-09.00<\/td><td colspan=\"2\">&#8211;KAHVALTI&#8211;<\/td><\/tr><tr><td>09.00-09.45<\/td><td>Literat\u00fcr tarama:<em>PubMed, WoS<\/em><\/td><td>Do\u00e7. Dr. \u015eeref Kerem \u00c7orbac\u0131o\u011flu<\/td><\/tr><tr><td>09.45-10.30<\/td><td><strong>PRAT\u0130K: Literat\u00fcr tarama<\/strong><\/td><td>Do\u00e7. Dr. \u015eeref Kerem \u00c7orbac\u0131o\u011flu<\/td><\/tr><tr><td>10.30-11.00<\/td><td colspan=\"2\">&#8211;KAHVE MOLASI&#8211;<\/td><\/tr><tr><td>11.00-11.30<\/td><td>Referans yaz\u0131m tipleri ve referans y\u00f6netim programlar\u0131:<em>EndNote, Mendeley, Office-Word<\/em><\/td><td>Do\u00e7. Dr. G\u00f6khan Aksel<\/td><\/tr><tr><td>11.30-12.30<\/td><td><strong>PRAT\u0130K: Referans yaz\u0131m\u0131<\/strong><\/td><td>&nbsp;Do\u00e7. Dr. G\u00f6khan Aksel<\/td><\/tr><tr><td>12.30-13.30<\/td><td colspan=\"2\"><strong>&#8211;\u00d6\u011eLE ARASI&#8211;<\/strong><\/td><\/tr><tr><td>13.30-14.00<\/td><td>Son Kontroller:<em>Etik kurallar, Plagiarism tarama: Ithenticate, Viper.<\/em><\/td><td>&nbsp;Prof. Dr. Haldun Ako\u011flu&nbsp;<\/td><\/tr><tr><td>14.00-14.30<\/td><td>Uygun dergi se\u00e7imi ve makalenin dergiye ba\u015fvuru s\u00fcreci:<\/td><td>Do\u00e7. Dr. Alp \u015eener&nbsp;<\/td><\/tr><tr><td>14.30-15.00<\/td><td>Revizyon mektubu yazma:&nbsp;Makalem neden reddedildi<\/td><td>Prof. Dr. Ersin Aksay&nbsp;<\/td><\/tr><tr><td>15.00-15.30<\/td><td colspan=\"2\"><strong>&#8211;KAHVE MOLASI&#8211;<\/strong><\/td><\/tr><tr><td>15.30-16.00<\/td><td>Olgu sunumu yaz\u0131m\u0131: CARE k\u0131lavuzu<\/td><td><strong>&nbsp;<\/strong>Prof. Dr. Murat Ersel<\/td><\/tr><tr><td>16.00-17.00<\/td><td><strong>PRAT\u0130K: Olgu sunumu yaz\u0131m\u0131<\/strong><\/td><td>&nbsp;Prof. Dr. Murat Ersel<\/td><\/tr><\/tbody><\/table><\/div><\/figure>\n","protected":false},"excerpt":{"rendered":"<p>Herkese merhabalar. ATAK ekibi olarak pandemiden sonra h\u0131z kazanan y\u00fcz y\u00fcze kurslar\u0131m\u0131z &#8220;Makale Yazma Kursu&#8221; ile devam ediyoruz. Klinisyenler i\u00e7in Makale Yazma&hellip;<\/p>\n","protected":false},"author":1399,"featured_media":1539,"comment_status":"open","ping_status":"open","sticky":true,"template":"","format":"standard","meta":{"_acf_changed":false,"inline_featured_image":false,"_lmt_disableupdate":"","_lmt_disable":"","footnotes":""},"categories":[3,1,6,8,10010],"tags":[27,10063,10062,10061],"class_list":["post-1538","post","type-post","status-publish","format-standard","has-post-thumbnail","hentry","category-egitim","category-genel","category-kurslar","category-makale-yazimi-kursu","category-slider","tag-atak","tag-atak-kurslari","tag-kurs","tag-makale-yazma"],"acf":[],"_links":{"self":[{"href":"https:\/\/tatd.org.tr\/atak\/wp-json\/wp\/v2\/posts\/1538","targetHints":{"allow":["GET"]}}],"collection":[{"href":"https:\/\/tatd.org.tr\/atak\/wp-json\/wp\/v2\/posts"}],"about":[{"href":"https:\/\/tatd.org.tr\/atak\/wp-json\/wp\/v2\/types\/post"}],"author":[{"embeddable":true,"href":"https:\/\/tatd.org.tr\/atak\/wp-json\/wp\/v2\/users\/1399"}],"replies":[{"embeddable":true,"href":"https:\/\/tatd.org.tr\/atak\/wp-json\/wp\/v2\/comments?post=1538"}],"version-history":[{"count":0,"href":"https:\/\/tatd.org.tr\/atak\/wp-json\/wp\/v2\/posts\/1538\/revisions"}],"wp:featuredmedia":[{"embeddable":true,"href":"https:\/\/tatd.org.tr\/atak\/wp-json\/wp\/v2\/media\/1539"}],"wp:attachment":[{"href":"https:\/\/tatd.org.tr\/atak\/wp-json\/wp\/v2\/media?parent=1538"}],"wp:term":[{"taxonomy":"category","embeddable":true,"href":"https:\/\/tatd.org.tr\/atak\/wp-json\/wp\/v2\/categories?post=1538"},{"taxonomy":"post_tag","embeddable":true,"href":"https:\/\/tatd.org.tr\/atak\/wp-json\/wp\/v2\/tags?post=1538"}],"curies":[{"name":"wp","href":"https:\/\/api.w.org\/{rel}","templated":true}]}}