{"id":786,"date":"2019-05-02T07:00:06","date_gmt":"2019-05-02T04:00:06","guid":{"rendered":"http:\/\/acilbulten.net\/?p=786"},"modified":"2019-05-02T07:00:06","modified_gmt":"2019-05-02T04:00:06","slug":"arzin-merkezine-yolculuk-izlanda-ucuncu-bolum","status":"publish","type":"post","link":"https:\/\/tatd.org.tr\/aciltipbulteni\/2019\/05\/02\/arzin-merkezine-yolculuk-izlanda-ucuncu-bolum\/","title":{"rendered":"Arz\u0131n Merkezine Yolculuk: \u0130zlanda\u2026 \u00dc\u00e7\u00fcnc\u00fc B\u00f6l\u00fcm"},"content":{"rendered":"\n<div class=\"wp-block-image\"><figure class=\"alignleft is-resized\"><img decoding=\"async\" src=\"https:\/\/tatd.org.tr\/aciltipbulteni\/wp-content\/uploads\/sites\/52\/2019\/04\/Sevilay-K.-1024x996.jpeg\" alt=\"\" class=\"wp-image-736\" width=\"177\" height=\"173\" srcset=\"https:\/\/tatd.org.tr\/aciltipbulteni\/wp-content\/uploads\/sites\/3\/2019\/04\/Sevilay-K.-1024x996.jpeg 1024w, https:\/\/tatd.org.tr\/aciltipbulteni\/wp-content\/uploads\/sites\/3\/2019\/04\/Sevilay-K.-300x292.jpeg 300w, https:\/\/tatd.org.tr\/aciltipbulteni\/wp-content\/uploads\/sites\/3\/2019\/04\/Sevilay-K.-768x747.jpeg 768w, https:\/\/tatd.org.tr\/aciltipbulteni\/wp-content\/uploads\/sites\/3\/2019\/04\/Sevilay-K.-648x630.jpeg 648w, https:\/\/tatd.org.tr\/aciltipbulteni\/wp-content\/uploads\/sites\/3\/2019\/04\/Sevilay-K..jpeg 1242w\" sizes=\"(max-width: 177px) 100vw, 177px\" \/><figcaption><br><\/figcaption><\/figure><\/div>\n\n\n\n<p class=\"has-text-color has-background has-very-dark-gray-color has-luminous-vivid-amber-background-color\"><strong><em> Yazar:<\/em><\/strong> Sevilay Karaduman,<em>1990-1996 y\u0131llar\u0131nda DE\u00dcTF de \u00fcniversite e\u011fitimini tamamlay\u0131p, arkas\u0131ndan ayn\u0131 \u00fcniversitede Acil T\u0131p ihtisas\u0131 yapt\u0131. Halen \u0130zmir \u00d6zel Kent Hastanesinde Acil T\u0131p uzman\u0131 olarak \u00e7al\u0131\u015f\u0131yor. \u0130\u015f hayat\u0131 d\u0131\u015f\u0131nda farkl\u0131 rotalara ve k\u00fclt\u00fcrlere seyahat, spirit\u00fcel e\u011fitimler, spor, sa\u011fl\u0131kl\u0131 ve do\u011fal \u00fcr\u00fcnlerle beslenme ile mutfak at\u00f6lyelerine vakit ay\u0131r\u0131yor.<\/em><\/p>\n\n\n\n<p>\u0130zlanda yaz\u0131 dizisinin &#8220;\u0130kinci b\u00f6l\u00fcm&#8221; \u00fc i\u00e7in l\u00fctfen <a href=\"http:\/\/acilbulten.net\/arzin-merkezine-yolculuk-izlanda-ikinci-bolum\/\">t\u0131klay\u0131n\u0131z.<\/a><\/p>\n\n\n\n<p><strong>Seydisfjordur<\/strong> manzaras\u0131 g\u00fczel olan ufak bir kasaba fakat buras\u0131 i\u00e7in rotadan biraz \u00e7\u0131kmam\u0131z gerekiyor. Gidilmeli mi? Evet, bence gidilmeli g\u00f6r\u00fclmeli. Daha do\u011frusu fiyortlarda olabildi\u011fince fazla gezilmeli. Sahil \u015feridinden ayr\u0131l\u0131p, i\u00e7eri girince manzara birden de\u011fi\u015fiyor, biraz sanki s\u0131radanla\u015f\u0131yor. <strong>E\u011filsstadir<\/strong> k\u0131rsalda bir kasaba. 2400 ki\u015filik n\u00fcfusu ile bug\u00fcn kar\u015f\u0131la\u015ft\u0131\u011f\u0131m\u0131z k\u00f6ylerden sonra bize dev bir metropol gibi geldi. Asl\u0131nda pek bir \u00f6zelli\u011fi yok. Yaln\u0131zca dinlenmek, belki bir \u015feyler at\u0131\u015ft\u0131rmak i\u00e7in ufak bir mola vermek yeterli. &nbsp;&nbsp;<strong><\/strong><\/p>\n\n\n\n<p>Uzun bir yolculuktan sonra ye\u015filin her tonundan mahrum gri volkanik kayal\u0131klarla \u00e7evrili bir arazide yer alan <strong>Dettifoss<\/strong>\u2019 a geliyoruz. Bu d\u00fcnyaya ait de\u011filmi\u015f izlenimi yaratan gri \u0131ss\u0131z arazide gezinirken kendinizi ay\u0131n y\u00fczeyine \u0131\u015f\u0131nlanm\u0131\u015f gibi hissetmenize engel olamayacaks\u0131n\u0131z. Bu \u00fcrk\u00fct\u00fcc\u00fc do\u011fada kar\u015f\u0131la\u015faca\u011f\u0131n\u0131z Avrupa\u2019n\u0131n debisi en y\u00fcksek \u015felalesi ise tek kelime ile nefesinizi kesecek. Vaktiniz varsa biraz daha y\u00fcr\u00fcyerek ayn\u0131 nehir \u00fczerindeki di\u011fer bir \u015felale olan <strong>Selfoss<\/strong>\u2019 u da g\u00f6rebilirsiniz. &nbsp;&nbsp;<\/p>\n\n\n\n<p>Buraya gelirken ge\u00e7ti\u011fimiz stabilize yola devam ederek ormanl\u0131k bir alana ve g\u00f6lete sahip, y\u00fcr\u00fcy\u00fc\u015f yapabilece\u011finiz <strong>Asbyrgi Kanyon<\/strong>\u2019 unu ziyaret edebilirsiniz. Sonra da g\u00f6rd\u00fc\u011f\u00fcm t\u00fcm foto\u011fraflar\u0131 harika olan k\u00fc\u00e7\u00fck sahil kasabas\u0131 <strong>H\u00fcsavik<\/strong>\u2019 e gidebilirsiniz. Ekip \u00e7ok yoruldu\u011fu i\u00e7in maalesef biz ikisini de yapamad\u0131k. Balina turlar\u0131n\u0131n da yap\u0131ld\u0131\u011f\u0131 H\u00fcsavik kasabas\u0131n\u0131 ad\u0131n\u0131 bir dahaki sefere diyerek haf\u0131zama kaz\u0131yarak, Myvatn g\u00f6l\u00fcne yak\u0131n <strong>St\u00f6ng<\/strong> kasabas\u0131ndaki bungalov evimize do\u011fru rotam\u0131z\u0131 \u00e7evirdik. Bu kasabay\u0131 ertesi g\u00fcn t\u00fcm g\u00fcn\u00fc g\u00f6l \u00e7evresinde ge\u00e7irece\u011fimiz i\u00e7in \u00f6zellikle se\u00e7mi\u015ftik. Amac\u0131m\u0131z yeme\u011fimizi yiyip, hemen yatmakt\u0131. Ama benim yat\u0131\u015f saatim 03.00\u2019\u00fc buldu yine. Bug\u00fcne kadar hi\u00e7 g\u00f6rmedi\u011fim bir g\u00f6ky\u00fcz\u00fc vard\u0131. Nefesinizi kesen bir k\u0131rm\u0131z\u0131 turuncu\u2026 Resim olsa amma abartm\u0131\u015flar, foto\u011fraf olsa photoshop yapm\u0131\u015flar derdim. Durum b\u00f6yle olunca buray\u0131 da Mars\u2019a benzetmekten kendimi alamad\u0131m. Tabi ki Mars\u2019 da uyuyarak an\u0131 ve g\u00f6ky\u00fcz\u00fcn\u00fc ka\u00e7\u0131rmak istemedim. <\/p>\n\n\n\n<div class=\"wp-block-image\"><figure class=\"aligncenter\"><img decoding=\"async\" src=\"https:\/\/lh5.googleusercontent.com\/rsc_I7ztir4aNZmo08Y2tzuoeQnod_w52Mpv7TOQ4MijjZHx1eabFaKU5QF4mZROg8POnfMOW-IqlQNt2A5fb3mhZuNQqlr7Kzme_sAINwSMru89fweUvjQknbfrjFWIgyU3OV4oON5EVeSAZw\" alt=\"C:\\Users\\skaraduman.KENT\\Desktop\\A823CB1D-D757-44ED-B4D8-865A24599AB9.JPG\" \/><\/figure><\/div>\n\n\n\n<p>D\u00f6rd\u00fcnc\u00fc g\u00fcn\u00fcm\u00fczde <strong>Myvatan G\u00f6l\u00fc<\/strong> \u00e7evresinde olaca\u011f\u0131z. Bug\u00fcn tatilimiz boyunca en az araba kulland\u0131\u011f\u0131m\u0131z do\u011fal olarak en az yoruldu\u011fumuz g\u00fcn oldu. Bu b\u00f6lge \u00fclkenin \u00e7amur ve k\u00fck\u00fcrt havuzlar\u0131n\u0131n oldu\u011fu yer. T\u00fcten buhar kaynaklar\u0131n\u0131n foto\u011fraflarda etkili g\u00f6r\u00fcnt\u00fc yaratt\u0131\u011f\u0131n\u0131 s\u00f6ylemeden ge\u00e7emeyece\u011fim. Ayr\u0131ca Myvatan g\u00f6l\u00fcnde ku\u015f g\u00f6zlem alanlar\u0131, \u015felaleler, volkanik kraterlerde mevcut. Game of Thrones\u2019 un pek \u00e7ok b\u00f6l\u00fcm\u00fcn\u00fcn de \u00e7ekildi\u011fi b\u00f6lge oldu\u011funu unutmayal\u0131m.<\/p>\n\n\n\n<p>\u0130sterseniz Blue Logon\u2019 a alternatif nat\u00fcrel banyolarda dinlenebilirsiniz. Biz Blue Logon\u2019 a gitti\u011fimiz i\u00e7in tercih etmedik. \u0130lk dura\u011f\u0131m\u0131z <strong>Viti krater g\u00f6l\u00fc<\/strong> oldu. Ara\u00e7la yan\u0131na kadar gidip, k\u0131sa bir yoku\u015f y\u00fcr\u00fcyerek ula\u015f\u0131p, 30-45 dakikada kraterin etraf\u0131n\u0131 dola\u015fabiliyorsunuz. Manzara \u00e7ok g\u00fczel, mutlaka panoramik foto\u011fraf al\u0131n. Kraterin etraf\u0131nda dola\u015fmak \u0130zlanda\u2019 da yapt\u0131\u011f\u0131m, g\u00f6rd\u00fc\u011f\u00fcm pek \u00e7ok ilklerden biri oldu. Mutlaka g\u00f6r\u00fcn ve \u00e7evresini turlay\u0131n derim. \u0130kinci dura\u011f\u0131m\u0131z <strong>Grjotagja kapl\u0131ca ma\u011faras\u0131<\/strong>. Buras\u0131 k\u00fc\u00e7\u00fck, \u00f6zelli\u011fi az, ziyaret\u00e7isi \u00e7ok olan bir yer. Sebebi ise malum dizide John Snow\u2019 un \u00e7arp\u0131c\u0131 sahnelerinden birinin burada \u00e7ekilmi\u015f olmas\u0131. Arkada\u015flar\u0131mdan biri dar ma\u011faradan \u00e7\u0131karken kafas\u0131n\u0131 \u00e7arp\u0131p skalp ta 1.5 cm lik bir kesi olu\u015funca ciddi panik ya\u015fad\u0131. Acilci olarak tabi ki i\u015f bana d\u00fc\u015ft\u00fc. Sa\u00e7 ba\u011flama y\u00f6ntemi ile yaray\u0131 kapat\u0131p, selpak ve bandana kullanarak yaraya tampon yapt\u0131m. Zaruri moladan ve herkes rahatlad\u0131ktan sonra gezmeye devam ettik. G\u00f6l\u00fcn etraf\u0131nda dikkatinizi \u00e7ekecek kadar b\u00fcy\u00fck patlam\u0131\u015f bir yanarda\u011f olan <strong>Hverfjall<\/strong>\u2019 i g\u00f6receksiniz. Arac\u0131n\u0131z\u0131 b\u0131rak\u0131p y\u00fcr\u00fcyerek 30 dakikada tepesine kadar \u00e7\u0131kabiliyorsunuz. Etraf\u0131n\u0131 dola\u015fmak ve manzaray\u0131 izlemek 1 saati a\u015facakt\u0131r. Pek \u00e7ok insan\u0131 kutsal bir g\u00f6revi yerine getirir gibi, bu rit\u00fceli yaparken uzaktan izlemek bile g\u00fczeldi. Biz yapamad\u0131k \u00e7\u00fcnk\u00fc ya\u015fanan ufak kafa travmas\u0131 sonras\u0131 hastam\u0131z \u00e7ok keyifsizdi. Efor gerektiren bu y\u00fcr\u00fcy\u00fc\u015f yerine ku\u015f g\u00f6zlem yeri olan ormanl\u0131k bir alana ve i\u00e7indeki sevimli kafeye gitmeyi tercih etti. S\u0131rada birbirine \u00e7ok yak\u0131n olan <strong>Dimmuborgir<\/strong> lav tarlas\u0131 ve <strong>H\u00f6foi-skutustaayigar<\/strong> kayal\u0131k lav olu\u015fumlar\u0131 var. Olduk\u00e7a etkileyici ve gene D\u00fcnya de\u011fil. Mutlaka g\u00f6r\u00fcn. Her ikisi de 30- 45 dakikada gezilebiliyor. <\/p>\n\n\n\n<div class=\"wp-block-image\"><figure class=\"aligncenter\"><img decoding=\"async\" src=\"https:\/\/lh6.googleusercontent.com\/xtARVKuVF0Ck1lfTGEzF0ajMmkaZ734lvLM_PQ8xEBy2LW9u9_vMi7uTdaBEnxnykX-WhxITeh6HUMzmOvEQpGe8mpd94JWtvchG2OeQC-MTs4fuZSyU8771_7hvZp7ivA6SAQtZFtS7MuyLyg\" alt=\"C:\\Users\\skaraduman.KENT\\Desktop\\IMG_2185.jpg\" \/><\/figure><\/div>\n\n\n\n<div class=\"wp-block-image\"><figure class=\"aligncenter\"><img decoding=\"async\" src=\"https:\/\/lh6.googleusercontent.com\/NJSFrK0E0EoEYpVjGQwMuzB7ZO9eKlHUAHiIFAYCEvD2ZJyrUdNb3cQD0x_jnFyhiQ_NFBFc25oLJ_D24mQIWjYgkpmh8uxUeEm1fwCS3yMtMJQ-tfS3nNFyD9Ch6oTEPgPptEyz9UDX3C4IpA\" alt=\"C:\\Users\\skaraduman.KENT\\Desktop\\d55548ce-3820-4eee-aebc-389d26a83ab7.JPG\" \/><\/figure><\/div>\n\n\n\n<p>Myvatan b\u00f6lgesini arkada b\u0131rak\u0131p Akureyri\u2019 ye do\u011fru yol al\u0131rken manzaras\u0131yla etkileyici bir \u015felale olan <strong>Godafoss<\/strong> kar\u015f\u0131n\u0131za \u00e7\u0131k\u0131yor. 30 dakikal\u0131k k\u0131sa bir mola buras\u0131 i\u00e7in olduk\u00e7a yeterli bir s\u00fcre\u00e7. <strong>Akureyri<\/strong>\u2019 ye erken gitmek ve bu \u015fehirde vakit ge\u00e7irmek istiyoruz. \u00c7\u00fcnk\u00fc buras\u0131 \u0130zlanda\u2019 n\u0131n ikinci b\u00fcy\u00fck \u015fehri ve biz daha bu g\u00fczel ada \u00fclkesinde hi\u00e7 b\u00fcy\u00fck \u015fehir g\u00f6rmedik. Okyanus k\u0131y\u0131s\u0131nda olan \u015fehre girerken etkileyici manzara bizi baya\u011f\u0131 heyecanland\u0131rd\u0131. Sevimli mimarisi, \u015firin restoran ve kafeleri ile \u00e7ok be\u011fendik Akureyri\u2019 yi. Akureyri\u2019 nin en \u00f6nemli etkinliklerinden biri balina izleme turlar\u0131. En az yar\u0131m g\u00fcn ay\u0131rmam\u0131z gerekece\u011fi i\u00e7in ba\u015fka bahara b\u0131rakt\u0131k. Buraya b\u00fcy\u00fck \u015fehir dedi\u011fime bakmay\u0131n siz. Standart bir Avrupa \u015fehrinin mahallesi kadar b\u00fcy\u00fckl\u00fckte haberiniz olsun. \u015eehri pardon mahalleyi gezdikten sonra me\u015fhur balina etini (balina yemekleri soyu t\u00fckenme tehlikesi bulunmayan minke balinas\u0131 etinden yap\u0131l\u0131yor ve her y\u0131l belirli miktarda avlan\u0131yor) tatt\u0131k. Ci\u011fer tad\u0131ndaki balina etinin tad\u0131n\u0131 hi\u00e7 b\u00f6yle beklemiyordum. Nede olsa bal\u0131k yani. Karn\u0131m\u0131z doyduktan sonra b\u00fcy\u00fck \u015fehirde olman\u0131n getirdi\u011fi heyecanla sosyalle\u015fmek ad\u0131na kafe, bar, pastane ne bulduysak denedik. Gece 01.00 gibi odama gittim ve halen g\u00f6zlerimi \u00f6\u011flen g\u00fcne\u015fi gibi kama\u015ft\u0131ran g\u00fcne\u015fi engellemek i\u00e7in siyah kal\u0131n perdeyi \u00e7ekerek uyudum. <\/p>\n\n\n\n<p>Sabah erkenden gene d\u00fc\u015ft\u00fck yollara. <strong>Varmahlid<\/strong> k\u00f6y\u00fcne kadar mola vermeden ilerledik. Buras\u0131 sevimli bir k\u00f6y ve hemen \u00e7ok yak\u0131n\u0131nda <strong>Glaumbaer<\/strong> kasabas\u0131 var. \u0130ngilizlerin \u2018turf houses\u2019 dedi\u011fi \u00e7at\u0131lar\u0131 \u00e7im kapl\u0131 evlerden olu\u015fan bu kasaba Unesco D\u00fcnya Miras listesinde. Volkanik bir ada olan \u0130zlanda\u2019 da odun sa\u011flayacak b\u00fcy\u00fck a\u011fa\u00e7lar\u0131n az olmas\u0131 ah\u015fap binalar\u0131n yap\u0131labilmesine en gel olmu\u015f ve so\u011fuk, ya\u011fmur, r\u00fczgar gibi hava ko\u015fullar\u0131na kar\u015f\u0131 izolasyon sa\u011flamak amac\u0131 ile \u00e7im evler Demir \u00c7a\u011f\u2019\u0131n dan itibaren yap\u0131lmaya ba\u015flanm\u0131\u015f. Zamanla bu \u00e7im evler ada \u00fclkesinin mimarisini belirleyen ana yap\u0131lar\u0131 olu\u015fturmaya ba\u015flam\u0131\u015f. Bu k\u00f6y ve kasaba, ada mimarisinin en g\u00fczel ve tipik \u00f6rnekleri.<\/p>\n\n\n\n<div class=\"wp-block-image\"><figure class=\"aligncenter\"><img decoding=\"async\" src=\"https:\/\/lh6.googleusercontent.com\/McCTSjK_De7_-DhP28hOl1GL_xFWZGpxEnuVj2IfAxN3fC9hKKMfyTato4PrJzZTPxQHFphLlDLHOyjhX5BvrJ3c7u6pAXRDLVGINrvK-yXsA20NrG9b3h9MZ8iVHRNFTPWFGvBRoPniCRNMhA\" alt=\"C:\\Users\\skaraduman.KENT\\Desktop\\f20382de-9c18-4d43-8a9f-d83206050de8.JPG\" \/><\/figure><\/div>\n\n\n\n<p>Adan\u0131n kuzeyinden bat\u0131s\u0131na do\u011fru yol al\u0131rken rotadan biraz \u00e7\u0131karak <strong>Hvitserkur<\/strong> kayas\u0131na geliyoruz. Okyanusun i\u00e7inden y\u00fckselen 15 metre b\u00fcy\u00fckl\u00fc\u011f\u00fcndeki ortas\u0131 oyuk do\u011fal olu\u015fum fotojenik bir nokta ve ciddi ziyaret\u00e7i al\u0131yor. Hayal g\u00fcc\u00fc sayesinde fil, gergedan hatta ejderhaya benzetilerek \u00fcn salm\u0131\u015f kayay\u0131 yukar\u0131dan g\u00f6rebilir, isterseniz a\u015fa\u011f\u0131 sahile de inebilirsiniz.<\/p>\n\n\n\n<p>Yollarda \u00e7ok sevimli, ba\u015fka hi\u00e7bir \u00fclkede g\u00f6remeyece\u011finiz atlar\u0131 seyretmeye doyamayacaks\u0131n\u0131z. Hatta bir at \u00e7iftli\u011fine u\u011frayabilir, yak\u0131ndan g\u00f6r\u00fcp binebilirsiniz. D\u00fcnyadaki en saf at \u0131rk\u0131 \u0130zlanda\u2019 daym\u0131\u015f. Irk\u0131n safl\u0131\u011f\u0131n\u0131 korumak i\u00e7in aday\u0131 terk eden bir at\u0131n bir daha adaya d\u00f6nmesinin yasakland\u0131\u011f\u0131n\u0131 ve d\u00f6rt ki\u015fiye bir at d\u00fc\u015fmesi nedeniyle ki\u015fi ba\u015f\u0131na d\u00fc\u015fen at say\u0131s\u0131 bak\u0131m\u0131ndan \u0130zlanda\u2019n\u0131n d\u00fcnyada birinci oldu\u011funu \u00f6\u011frendik. Haz\u0131r hayvanlara girmi\u015fken \u00fclkenin koyunlar\u0131 da \u00e7ok g\u00fczel. Yumo\u015f yumo\u015f yast\u0131k yap\u0131p yatas\u0131n geliyor. \u00c7ok uykusuz oldu\u011fum i\u00e7in tatil boyunca her koyun g\u00f6r\u00fc\u015f\u00fcmde yast\u0131k, yatak, uyku diziminden kurtulamad\u0131m. Ek bir bilgi kutba yak\u0131n oldu\u011fu i\u00e7in akla gelebilir ama \u0130zlanda\u2019 da hi\u00e7 kutup ay\u0131s\u0131 yok. <\/p>\n\n\n\n<div class=\"wp-block-image\"><figure class=\"aligncenter\"><img decoding=\"async\" src=\"https:\/\/lh3.googleusercontent.com\/RXoYH78IrqO6Ad6ZPAi1hNRw8KE_VuB-hRja-Up2giutsfvmvN-U73LUPMlqOpnrykLlw1vXtGeIvwwLSm5P9OnRyuVHid9gt7Q6qtnD0770dmz34hkQfg8lxxepwsogWsW01XOd2gsSd6VLWw\" alt=\"C:\\Users\\skaraduman.KENT\\Desktop\\61f87bf8-7eb8-4e7f-8420-ce839fe63782.JPG\" \/><\/figure><\/div>\n\n\n\n<p>Hedefimiz Snaefells yar\u0131madas\u0131\u2019 nda ad\u0131n\u0131 s\u00fcrekli unuttu\u011fum <strong>Stykkisholmur<\/strong> kasabas\u0131. Burada \u00f6\u011flen yemek molas\u0131 veririz diye d\u00fc\u015f\u00fcnm\u00fc\u015ft\u00fck. Uzun bir yolumuz var ve yolda bak\u0131m \u00e7al\u0131\u015fmalar\u0131 var. \u00c7ak\u0131l yol h\u0131z\u0131m\u0131z\u0131 kesti\u011fi gibi konforumuzu da bozuyor. Ac\u0131kan ekip iyice huzursuzlanmaya ba\u015flad\u0131. Yol muhalefetinden dolay\u0131 ikindi saatlerinde kasabaya var\u0131yoruz. Kafeleri ve restoranlar\u0131 ile sevimli bir kasaba \u00e7ok da k\u00fc\u00e7\u00fck de\u011fil. D\u00fcnyan\u0131n en ilgin\u00e7 mimarili kiliseleri aras\u0131nda g\u00f6sterilen <strong>Stykkisholmskirkja<\/strong>\u2019 y\u0131 ziyaret ettikten sonra ho\u015f bir restoranda enfes bir yemek yiyoruz. D\u0131\u015far\u0131da \u00e7ok fazla insan olmamas\u0131na ra\u011fmen restoranlar t\u0131kl\u0131m t\u0131kl\u0131m dolu. \u0130kinci girdi\u011fimiz restoranda d\u00f6rt ki\u015filik yer bulunca hemen oturup sipari\u015f veriyoruz. Buralara kadar gelip \u0130zlanda somonundan yemeden d\u00f6n\u00fclmez tabi. Restoran\u0131n ad\u0131n\u0131 hat\u0131rlayam\u0131yorum ama yemekler \u00e7ok lezizdi ve porsiyonlar olduk\u00e7a b\u00fcy\u00fckt\u00fc. Epey oyaland\u0131ktan sonra ak\u015fam saatlerinde kasabadan ayr\u0131larak geceyi ge\u00e7irece\u011fimiz <strong>Grundarfj\u00f6rdur<\/strong> kasabas\u0131 ula\u015ft\u0131k ve kendimizi yeni odam\u0131za ve yataklar\u0131m\u0131za b\u0131rakt\u0131k. <\/p>\n\n\n\n<p>G\u00fcne minyat\u00fcr \u0130zlanda olarak bilinen <strong>Snaefells<\/strong> yar\u0131madas\u0131nda uyan\u0131yoruz. Kraterleri, ma\u011faralar\u0131, \u015felaleleri, siyah kumsallar\u0131, buzullar\u0131 ile Ring Road yapamayanlar\u0131n u\u011frak noktas\u0131. Ring Road yapt\u0131ktan sonra bu b\u00f6lgede g\u00f6rd\u00fcklerimiz bizi \u00e7ok \u015fa\u015f\u0131rtm\u0131yor tabi. Grundarfj\u00f6rdur kasabas\u0131n\u0131n tam kar\u015f\u0131s\u0131nda yer alan <strong>Kirkjufell Da\u011f<\/strong>\u2019 \u0131 ve hemen yan\u0131nda <strong>Kirkjufellsfoss\u2019 <\/strong>un, \u0130zlanda\u2019 n\u0131n en \u00e7ok foto\u011fraf\u0131 \u00e7ekilen noktalar\u0131ndan biri oldu\u011funu ve nefes kesen g\u00fczelli\u011fini belirtmezsek haks\u0131zl\u0131k etmi\u015f oluruz. S\u0131rf bu manzaray\u0131 doyas\u0131ya izlemek i\u00e7in Stykkisholmskirkja\u2019 da de\u011fil Grundarfj\u00f6rdur kasabas\u0131nda konaklamay\u0131 tercih etmi\u015ftik. \u015eelalenin yan\u0131ndan Kirkjufell Da\u011f\u2019 \u0131 muhte\u015fem g\u00f6z\u00fck\u00fcyor. En iyi foto\u011fraf karesi buradan al\u0131n\u0131yor. E\u011fer bu g\u00fczel manzaraya yeteri kadar vakit ay\u0131rma imkan\u0131n\u0131z varsa konaklama \u015fehri olarak Grundarfj\u00f6rdur de\u011fil de Stykkisholmskirkja\u2019 y\u0131 se\u00e7mek daha e\u011flenceli olabilir.<\/p>\n\n\n\n<div class=\"wp-block-image\"><figure class=\"aligncenter\"><img decoding=\"async\" src=\"https:\/\/lh4.googleusercontent.com\/2-uPQbdJLAgCYicGXNhj_O0nCtni-tdCziz8mOCLPuIKhmZ0PE_1GKAf0h7KIRfQGLnMCotphT0-QKepPJaytgm-Vmdv93dHBBMo1uWQGZU9cYJnEloQpK-NzSqljxzyfMwIyHuECYdTVg9C4Q\" alt=\"C:\\Users\\skaraduman.KENT\\Desktop\\IMG_2391.jpg\" \/><\/figure><\/div>\n\n\n\n<p><strong>Olasvik<\/strong> ve <strong>Hellnar<\/strong> gibi k\u00fc\u00e7\u00fck kasabalardan ge\u00e7ip, Hellnar\u2019 a \u00e7ok yak\u0131n okyanus dalgalar\u0131 ile ortadan delinmi\u015f gibi duran kaya k\u00fctlesini g\u00f6r\u00fcyoruz<strong>. Berserkjahraun<\/strong> lav tarlas\u0131ndan ge\u00e7iyoruz ve Arnastapi kasabas\u0131ndaki fotojenik noktalardan biri olan ayn\u0131 zamanda pek \u00e7ok turistin nikah tazeledi\u011fi yer olan \u0131ss\u0131z siyah <strong>Budir<\/strong> Kilise\u2019 sini buluyoruz. \u00c7ok e\u011flenceli pozlar verip, foto\u011fraflar \u00e7ekiyoruz, Atlantik okyanusu\u2019 nu seyredip g\u00fc\u00e7l\u00fc dalgalar\u0131n \u015fekillendirdi\u011fi ilgin\u00e7 kayalar\u0131 izliyoruz. Yar\u0131mada\u2019 da ki son dura\u011f\u0131m\u0131z olan <strong>Ytri Tunga Plaj\u0131<\/strong>\u2019 nda fok bal\u0131klar\u0131n\u0131 yak\u0131ndan g\u00f6rd\u00fckten sonra zamanlama a\u00e7\u0131s\u0131ndan ilk kez tahmini plana g\u00f6re \u00e7ok ileride oldu\u011fumuzu fark edip seviniyoruz. Yar\u0131mada\u2019 n\u0131n k\u00fc\u00e7\u00fck ve her yerin birbirine yak\u0131n olmasa bize epey vakit kazand\u0131rd\u0131. <\/p>\n\n\n\n<div class=\"wp-block-image\"><figure class=\"aligncenter\"><img decoding=\"async\" src=\"https:\/\/lh3.googleusercontent.com\/t1hVe4Q5r_77_rO23hoD7tKTyfCsfUJsrwCDDaVoNAWFQ2QN3O3nL9z9OKfysYod-vCdVWexBKXPYNoBXVzzA7C1OicL1F5Q9f16Xd-BqMhjzNtwQm_o4wqXgCrSQ1Zs1Zf7DUpB-9eJuzrIjA\" alt=\"C:\\Users\\skaraduman.KENT\\Desktop\\IMG_2414.jpg\" \/><\/figure><\/div>\n\n\n\n<p>Reykjavik\u2019 e \u00e7ok yak\u0131n <strong>Borgarnes<\/strong> \u015fehrine do\u011fru yola \u00e7\u0131k\u0131yoruz. \u015eehre yakla\u015ft\u0131k\u00e7a yollar kalabal\u0131kla\u015f\u0131yor, araba say\u0131s\u0131 art\u0131yor ve sessizlik bitiyor. B\u00fcy\u00fck \u015fehre geldi\u011fimizi anl\u0131yoruz. &nbsp;3-4 mahalleden olu\u015fan \u015fehir i\u00e7in 1 saat ay\u0131rmak yeterli oluyor. Reykjavik yolundan saparak Golden Circle b\u00f6lgesinde g\u00f6l kenar\u0131ndaki Golden Circle Apartments (konum, kalite ve fiyat oran\u0131 ba\u015far\u0131l\u0131) yerle\u015fiyoruz. G\u00fczel bir yemek yiyoruz, ho\u015f sohbet ve g\u00f6l kenar\u0131nda y\u00fcr\u00fcy\u00fc\u015f yaparak g\u00fcn\u00fc tamaml\u0131yoruz. Biz tercih etmesek de burada da ho\u015f bir termal havuz vard\u0131. Konaklama i\u00e7in bu lokalizasyonu se\u00e7me sebebime gelince yar\u0131n me\u015fhur Golden Circle turunu yapaca\u011f\u0131z ve Reykjavik\u2019 den buraya git, gel vakit kaybetmeyelim diye d\u00fc\u015f\u00fcnm\u00fc\u015ft\u00fcm. Hem zaman tasarrufu hem de lokalizasyon a\u00e7\u0131s\u0131ndan mant\u0131kl\u0131 bir karar vermi\u015fim. &nbsp;<\/p>\n\n\n\n<p>\u0130zlanda\u2019 ya gelen turistlerin hemen hepsi <strong>Golden Circle<\/strong> denilen \u00fclkenin do\u011fal g\u00fczelliklerinin k\u0131sa bir \u00f6zeti diyebilece\u011fimiz bu rotay\u0131 bir g\u00fcn gibi k\u0131sa bir s\u00fcrede tamamlayabilir. \u015eahsi arac\u0131n\u0131z yoksa Reykjavik\u2019 den bu b\u00f6lge i\u00e7in turda sat\u0131n alabilirsiniz. Tabi ki en g\u00fczeli kendi arac\u0131n\u0131zla istedi\u011finiz kadar vakit ay\u0131rarak gezmek. \u00dcstelik hi\u00e7 de karma\u015f\u0131k bir rota de\u011fil. Bu rota genellikle Reykjavik\u2019 den ba\u015flay\u0131p yine ayn\u0131 yere d\u00f6necek \u015fekilde yap\u0131l\u0131r (yani tam bir \u00e7ember). Nihayetinde g\u00f6r\u00fclecek noktalar belli ve bizim gibi kendi arac\u0131n\u0131z varsa \u00e7emberi esnetebilme \u015fans\u0131n\u0131z var. &nbsp;<\/p>\n\n\n\n<p>Rotan\u0131n etkileyici yerlerinden biri yakla\u015f\u0131k 3000 ya\u015f\u0131ndaki <strong>Kerid Krater G\u00f6l\u00fc<\/strong>. G\u00f6l yata\u011f\u0131 farkl\u0131 renklerdeki toprak \u00e7e\u015fitlili\u011fi ve turkuaz renkteki suyuyla foto\u011fraf \u00e7ekmek i\u00e7in harika bir yer. \u00c7evresini 20-25 dakikada dola\u015f\u0131p sonra patika bir yol ve merdiven kullanarak g\u00f6l\u00fcn kenar\u0131na kadar inebiliyorsunuz. Giri\u015fi \u015fa\u015f\u0131rt\u0131c\u0131 bir \u015fekilde \u00fccretli, \u00e7\u00fcnk\u00fc \u0130zlanda\u2019 da ba\u015fka hi\u00e7bir yere giri\u015f i\u00e7in \u00fccret \u00f6demiyorsunuz. De\u011fer mi derseniz? Kesinlikle diye cevap veririm.<\/p>\n\n\n\n<div class=\"wp-block-image\"><figure class=\"aligncenter\"><img decoding=\"async\" src=\"https:\/\/lh3.googleusercontent.com\/qD1cbUbT--85xZpunas9FNtURUJ_63qcQsmCTfaWVL_0tiSuOHOGSm01JBV84ZRg_ehNiMPW_f5ScRURahF_Xs9Nw4HnlRJIusOOpwZRLdwt9oT9kdfx6b0TLNr0F_-z79vRMfeply1aFWXCoQ\" alt=\"C:\\Users\\skaraduman.KENT\\Desktop\\IMG_2552.jpg\" \/><\/figure><\/div>\n\n\n\n<p>Benim en \u00e7ok etkilendi\u011fim yer ise <strong>Strokkur Geysir<\/strong>\u2019 i. San\u0131r\u0131m b\u00f6yle bir do\u011fa olay\u0131n\u0131 d\u00fcnya \u00fczerinde ba\u015fka bir yerde g\u00f6rmemiz pek kolay de\u011fil. Benim de ilk geysir tan\u0131\u015fmam oldu. Her 8-10 dakikada bir kayna\u011f\u0131ndan bas\u0131nc\u0131n etkisi ile ortalama 20 metre yukar\u0131 p\u00fcsk\u00fcren s\u0131cak suyu beklemek, o an\u0131 yakalamaya \u00e7al\u0131\u015fmak heyecanl\u0131yd\u0131 do\u011frusu. Su olduk\u00e7a s\u0131cak dikkat edin, videoya alaca\u011f\u0131m derken yanmay\u0131n. Asl\u0131nda burada birbirine yak\u0131n \u00fc\u00e7 tane geysir var ancak aktif olan\u0131 Strokkur. <\/p>\n\n\n\n<p>Rotan\u0131n ve \u0130zlanda\u2019 n\u0131n en pop\u00fcler \u015felalesi <strong>Gullfoss<\/strong>. Dev bir yar\u0131ktan a\u015fa\u011f\u0131ya ak\u0131yor gibi duruyor. Arac\u0131 park ettikten sonra 5 dakikal\u0131k bir y\u00fcr\u00fcme ile buraya ula\u015f\u0131l\u0131yor. Gullfoss\u2019 un bire bir \u00e7evirisi Alt\u0131n \u015eelale imi\u015f. Golden Circle turundaki alt\u0131n kelimesinin bu \u015felaleden geldi\u011fi s\u00f6ylenmekte. Gullfoss\u2019 un devam\u0131nda rotan\u0131n olmazsa olmaz\u0131 de\u011fil ancak yol \u00fczerinde oldu\u011fundan u\u011framan\u0131zda fayda olan <strong>Faxi<\/strong> \u015felalesine geliyoruz. \u0130zlanda gezinizde bundan daha etkileyici \u015felaleler g\u00f6rece\u011finiz kesin. Yine de durup soluklan\u0131n ve manzaran\u0131n tad\u0131n\u0131 \u00e7\u0131kar\u0131n.<\/p>\n\n\n\n<p>Son dura\u011f\u0131m\u0131z <strong>Thingvellir Milli Park\u0131<\/strong>. &nbsp;Vadileri, da\u011flar\u0131 ve g\u00f6lleri ile buras\u0131 do\u011fa a\u015f\u0131klar\u0131 i\u00e7in bir cennet. Kuzey Amerika ve Avrasya tektonik levhalar\u0131n\u0131n bulu\u015ftu\u011fu yer oldu\u011fundan, jeolojik s\u00fcre\u00e7 burada adeta do\u011fal bir tiyatro yaratm\u0131\u015f. Buraya en az 3 saat ay\u0131rmal\u0131s\u0131n\u0131z. Birbirine yak\u0131n olsa da g\u00f6r\u00fclecek \u00e7ok yer var ve y\u00fcr\u00fcy\u00fc\u015f yapmas\u0131 da keyifli oluyor. <strong>\u00d6xararfoss<\/strong> \u015felalesi, <strong>L\u00f6gberg<\/strong> (eski parlamento binas\u0131n\u0131n yeri), <strong>Thingvellir Kilisesi<\/strong> gezebilece\u011finiz yerlerden. Ayr\u0131ca scuba yap\u0131yorsan\u0131z <strong>Silfra<\/strong> Diving yar\u0131\u011f\u0131nda (iki k\u0131ta aras\u0131nda y\u00fczme deneyimi) dal\u0131\u015f yaparak tatilinize e\u015fsiz bir tecr\u00fcbe katabilirsiniz. Ben vakit k\u0131s\u0131tl\u0131l\u0131\u011f\u0131ndan dolay\u0131 de\u011fil buz gibi suya girmeye cesaret edemedi\u011fim i\u00e7in bu tecr\u00fcbeyi deneyimleyemedim. Ama dal\u0131\u015f yapanlar\u0131n heyecan\u0131n\u0131 izlemek bile \u00e7ok g\u00fczeldi. Otopark\u0131 nadir \u00fccretli olan yerlerden biri bu milli park. Bilet makinesinden fi\u015finizi al\u0131p, arac\u0131n\u0131z\u0131n \u00f6n\u00fcne koymay\u0131 unutmay\u0131n.<\/p>\n\n\n\n<div class=\"wp-block-image\"><figure class=\"aligncenter\"><img decoding=\"async\" src=\"https:\/\/lh4.googleusercontent.com\/zA-E8iBeSot0xpyovR9Cu0bJZCkcxiGu4B9hS0nAIW8o2ws0kAN_O42gNwC5he6xosfgPU5x8EjQyg4bScAgMKBou97QX9gktLAxqhBLTvG-0wcf6M3zlOiWTbntpUHldm5qFQwBLb8hwfluyw\" alt=\"C:\\Users\\skaraduman.KENT\\Desktop\\IMG_2586.jpg\" \/><\/figure><\/div>\n\n\n\n<p>Golden Circle ve Ring Road yaparak kilometrelerce yol kat ettik. Yollarla ilgili ufak t\u00fcyolar payla\u015fmak \u015fart bence. \u0130zlanda okyanus \u00fczerinde kurulu bir ada oldu\u011fundan bulutlar nispeten h\u0131zl\u0131 hareket ediyor. Bu, g\u00fczel foto\u011fraf karelerinin \u00e7\u0131kmas\u0131na sebebiyet verse de hava \u00e7abuk de\u011fi\u015fiyor. Hava g\u00fcnl\u00fck g\u00fcne\u015flikken 10 dakika i\u00e7inde t\u00fcm g\u00f6ky\u00fcz\u00fcn\u00fc bulutlar kaplayabiliyor.<\/p>\n\n\n\n<div class=\"wp-block-image\"><figure class=\"aligncenter\"><img decoding=\"async\" src=\"https:\/\/lh5.googleusercontent.com\/AdPyj9uTSNwD3jIC_9OLohF8Dq0xPZVkodJpQOcNpXSUF_m5MYEM4tM65vqnQy7Fm7bC-3QF8FGedXYs0MdICU1GocWop98kJ_8_TP-5fTIXClEZwHcHXQ4_TMAJe8HGZZ5n_0YE46fpFHwOMg\" alt=\"C:\\Users\\skaraduman.KENT\\Desktop\\c1355ba4-f6eb-42bd-8a96-3a959ba704e4.JPG\" \/><\/figure><\/div>\n\n\n\n<p>Yollar\u0131n \u00e7o\u011fu tek \u015ferit olarak ak\u0131yor ve bildi\u011fimiz standart geni\u015fli\u011fe sahip de\u011fil biraz daha dar. Ucu buca\u011f\u0131 olmayan d\u00fcmd\u00fcz bir lav tarlas\u0131nda gidiyorsunuz ama arabay\u0131 kenara \u00e7ekmek ya da d\u00f6nmek isteseniz manevra yapabilece\u011finiz bir emniyet \u015feridi asla yok. Yol, nas\u0131l bir ama\u00e7 g\u00fcderek bilemiyorum ama tarla zeminden ya da toprak zeminden 30 cm kadar yukar\u0131da seyrediyor. Bu kadar bo\u015f alan varken, bu kadar refah ve medeni bir \u00fclkenin emniyet \u015feridi olmadan, dar ve yerden yukar\u0131da yol yapmalar\u0131n\u0131 anlamakta ger\u00e7ekten zorland\u0131m. &nbsp;Polis veya radar yok, sadece speedcamlar var. 90 km\/h h\u0131z\u0131 ge\u00e7memeniz gerekiyor. Ben App Store\u2019 den indirdi\u011fim Sygic diye bir navigasyonu yurtd\u0131\u015f\u0131nda \u00e7ok kullan\u0131yorum. \u0130nternet yokken de kullan\u0131labilmesi en g\u00fczel \u00f6zelli\u011fi. Ayr\u0131ca h\u0131z kameralar\u0131n\u0131, benzin istasyonu, tamircileri, cafe ve restoranlar\u0131 da gene internet yokken g\u00f6steriyor. \u00dccretsiz olan en temel Sygic\u2019 i kullanmama ra\u011fmen \u00e7ok memnunum. Yaln\u0131zca gitmeden \u00f6nce gidece\u011finiz \u00fclkenin haritas\u0131n\u0131 programa indirmeniz yeterli oluyor.<\/p>\n\n\n\n<p>G\u00fcn\u00fc dolu dolu ge\u00e7irdikten sonra \u0130zlanda\u2019 n\u0131n Ba\u015fkenti ve \u00fclke n\u00fcfusunun \u00fc\u00e7te ikisinin ya\u015fad\u0131\u011f\u0131, <strong>Reykjavik<\/strong>\u2019 e geldik. T\u00fcrk\u00e7e \u2018dumanl\u0131 k\u00f6rfez\u2019 manas\u0131na gelen Reykjavik ayn\u0131 zamanda Kuzey Kutbuna en yak\u0131n ba\u015fkent \u00fcnvan\u0131n\u0131 da ta\u015f\u0131yor. Hemen \u00e7ok merkezi, g\u00fczel manzaral\u0131, temiz ve g\u00fcvenli bir hostel olan Central Guesthouse yerle\u015ftik. Gene konum-kalite-fiyat olarak iyi bir konaklama adresi se\u00e7mi\u015fiz. \u0130zlanda i\u00e7in plan yapanlara tavsiye ederim. Plans\u0131z programs\u0131z sokaklara dal\u0131yoruz. Sevimli kafeler, restoranlar, barlar, rengarenk evler, hediyelik e\u015fya satan d\u00fckkanlar ve ciddi say\u0131da turist dikkat \u00e7ekiyor. G\u00fcnlerdir yollarda neredeyse tek araba seyahat eden bizler birden kalabal\u0131\u011f\u0131n i\u00e7ine girince metropole gelmi\u015f gibi hissediyoruz. Asl\u0131na bakarsan\u0131z trafi\u011fe kapal\u0131 \u00fc\u00e7 pop\u00fcler caddesi var o kadar. Bir tam g\u00fcn Reykjavik i\u00e7in yeterli olur bence. Bu \u0130zlanda\u2019 da ki son gecemiz ve Reykjavik\u2019 deyiz desek de g\u00fcnlerin yorgunlu\u011funu \u00fczerimizde ta\u015f\u0131d\u0131\u011f\u0131m\u0131z i\u00e7in ge\u00e7 saatlere kalmadan yat\u0131yoruz. Yatmadan \u00f6nce internette Reykjavik \u015fehir sitesinde buldu\u011fumuz paras\u0131z 3 saatlik bir tura ad\u0131m\u0131z\u0131 kaydetmeyi unutmuyoruz.<\/p>\n\n\n\n<div class=\"wp-block-image\"><figure class=\"aligncenter\"><img decoding=\"async\" src=\"https:\/\/lh5.googleusercontent.com\/f9_GGks-Rifkp8xL_nTjxRcH4DWF0CWtSTBMvmjrNdkCaQw1TouJfn05MEN6TEnN6CPPNsyleqJyhsKSCk4zUvb293klGv5TiwWxf0gyAeFVGi-ABx_NTntGLQ5gvNoDMjZFBANuGxN-mEklsg\" alt=\"C:\\Users\\skaraduman.KENT\\Desktop\\IMG_2689.jpg\" \/><\/figure><\/div>\n\n\n\n<p>Sabah tur rehberimizle gezerken \u0130zlanda, Vikinkler ve Reykjavik ile ilgili bilgi al\u0131yoruz. \u0130zlanda\u2019 da ilk insan yerle\u015fimi 10. yy da ba\u015flam\u0131\u015f ve ilk gelip yerle\u015fenler Vikinkler olmu\u015f. Reykjavik\u2019 de oldu\u011fu gibi pek \u00e7ok \u015fehir isminde ge\u00e7en \u2018vik\u2019 koy demekmi\u015f. Dolay\u0131s\u0131 ile Vikinkler \u2018koydan gelenler\u2019 anlam\u0131n\u0131 ta\u015f\u0131yormu\u015f. \u0130zlanda\u2019 n\u0131n di\u011fer \u0130skandinav \u00fclkelerinden fark\u0131, k\u0131ta Avrupas\u0131\u2019 na uzak olmalar\u0131ndan dolay\u0131 nispeten izole ya\u015fam s\u00fcrm\u00fc\u015fler ve Vikinkler\u2019 den kalan k\u00fclt\u00fcr miras\u0131n\u0131 daha fazla korumu\u015flar. O kadar izole bir ya\u015fam varm\u0131\u015f ki rehberimiz \u2018Biz \u0130zlandal\u0131lar \u00e7o\u011fumuz akrabay\u0131z. \u0130zlanda\u2019 da gece biri ile tan\u0131\u015f\u0131p, tak\u0131l\u0131rsan, sabah soy a\u011fac\u0131 program\u0131na girip akraba m\u0131y\u0131z? diye kontrol etmen gerekir\u2019 diye espri yap\u0131yor. Vikinkler\u2019 den kalan ve \u0130skandinav \u00fclkeleri aras\u0131nda bir tek \u0130zlanda\u2019 da uygulanan Nordic isim gelene\u011fi halen kullan\u0131l\u0131yormu\u015f. Bildi\u011fimiz anlamda soyad\u0131 kullan\u0131m\u0131 yokmu\u015f. \u0130nsanlar \u2018A k\u0131z\u0131 B\u2019 veya \u2018B o\u011flu C\u2019 \u015feklinde isimlendiriliyormu\u015f. Dolay\u0131s\u0131 ile ayn\u0131 anne babadan do\u011fan k\u0131z ve erkek \u00e7ocuklar farkl\u0131 soyadlar\u0131 al\u0131yormu\u015f. Yani ayn\u0131 aileye \u00fcye olan ki\u015filer farkl\u0131 soyad\u0131 ta\u015f\u0131yorlarm\u0131\u015f ve bundan dolay\u0131 \u0130zlanda\u2019 da telefon rehberi soyada g\u00f6re de\u011fil ada g\u00f6re s\u0131ralan\u0131rm\u0131\u015f. <\/p>\n\n\n\n<p>Di\u011fer enteresan bilgi; Vikinklerin bir millet olmad\u0131\u011f\u0131, i\u015fsiz g\u00fc\u00e7s\u00fcz, h\u0131rs\u0131z, ya\u011fmac\u0131 gruplar\u0131n kendilerini Vikink olarak isimlendirmesi. Vikink \u00e7izgi filmlerine hayran b\u00fcy\u00fcyen ben, bir anda bu bilgi ile ciddi bocalad\u0131m. Yanl\u0131\u015f anlad\u0131\u011f\u0131m\u0131 d\u00fc\u015f\u00fcn\u00fcp yan\u0131mdaki arkada\u015flardan sa\u011flamas\u0131n\u0131 yapma ihtiyac\u0131 hissettim. Ne ironidir ki \u0130zlanda \u015fu an d\u00fcnyan\u0131n en g\u00fcvenilir \u00fclkesi. Polisi silah ta\u015f\u0131m\u0131yor ve tarih boyunca yaln\u0131zca bir kez polis silah kullanmak zorunda kalm\u0131\u015f; o da zihinsel engelli, ileti\u015fime a\u00e7\u0131k olmayan bir ki\u015finin yanl\u0131\u015f anla\u015f\u0131lmas\u0131 sonucu olmu\u015f. \u00dclkede demir parmakl\u0131 bir hapishane yokmu\u015f. Snaefells Yar\u0131mada\u2019s\u0131nda belirli bir b\u00f6lgeyi a\u015fmadan elektronik kelep\u00e7e ile serbest dola\u015farak cezalar\u0131n\u0131 \u00e7ekiyorlarm\u0131\u015f. 2017 de tutuklu mahk\u00fcm say\u0131s\u0131 124 ve bu say\u0131n\u0131n \u00e7o\u011fu da g\u00f6\u00e7menmi\u015f. Devletin ordusu ve tek bir askeri bile yokmu\u015f.<\/p>\n\n\n\n<p>\u00dc\u00e7 saatlik tur boyunca <strong>Old Harbour<\/strong>, <strong>Reykjavikurtj\u00f6rn g\u00f6l\u00fc<\/strong>, renkli evlerden olu\u015fan sokaklarda gezindikten sonra gruptan ayr\u0131larak farkl\u0131 mimarisi ile <strong>Hallgrimskiekja Kilise<\/strong>\u2019 sine gidiyoruz. Mimarisi kimine g\u00f6re \u0130zlanda\u2019 n\u0131n pek \u00e7ok yerinde kar\u015f\u0131la\u015ft\u0131\u011f\u0131m\u0131z bazalt s\u00fctunlar\u0131ndan, kimine g\u00f6re ise okyanus dalgalar\u0131ndan esinlenerek yap\u0131lm\u0131\u015f. Bana g\u00f6re ise uzay meki\u011fine benzeyen \u015fekli ile bug\u00fcne kadar g\u00f6rd\u00fc\u011f\u00fcm en farkl\u0131 kilise. \u015eehrin en y\u00fcksek binas\u0131 ve \u00fcst kat\u0131na \u00e7\u0131karak t\u00fcm \u015fehri panoramik olarak ta g\u00f6rebilirsiniz<strong>. Harpa<\/strong> konser salonu da mimarisi ile olduk\u00e7a ilgin\u00e7 bir bina ve g\u00f6r\u00fclmeyi hak ediyor.<\/p>\n\n\n\n<p>Gece u\u00e7a\u011f\u0131 ile \u0130zlanda\u2019 dan ayr\u0131laca\u011f\u0131z. Son saatlerimizi sokaklarda gezerek ge\u00e7irirken i\u00e7erisi kalabal\u0131k sala\u015f bir bal\u0131k\u00e7\u0131 buluyoruz. Yemeklerinin lezzetli oldu\u011fu kap\u0131daki s\u0131radan belli. Hemen s\u0131raya girip \u0131stakoz \u00e7orbas\u0131 ve deniztara\u011f\u0131 gibi \u00e7ok sevdi\u011fim, \u00fclkemde bulmas\u0131 zor, bulsan da yemesi pahal\u0131, lezzeti s\u0131n\u0131rl\u0131 olan bu tatlar\u0131 test ediyorum. Zihnimde g\u00fczel an\u0131lar, g\u00f6zlerimde ho\u015f kareler ve nihayet dama\u011f\u0131mda enfes bir tat ile Arz\u0131n Merkezi \u0130zlanda\u2019dan tekrar gelmek \u00fczere ayr\u0131l\u0131yorum. &nbsp;&nbsp;<\/p>\n\n\n\n<p><em><strong>Seyahat\/Gezi yaz\u0131lar\u0131m\u0131z farkl\u0131 rotalarda devam edecek, Takipte kal\u0131n&#8230;  <\/strong><\/em><\/p>\n","protected":false},"excerpt":{"rendered":"<p>Yazar: Sevilay Karaduman,1990-1996 y\u0131llar\u0131nda DE\u00dcTF de \u00fcniversite e\u011fitimini tamamlay\u0131p, arkas\u0131ndan ayn\u0131 \u00fcniversitede Acil T\u0131p ihtisas\u0131 yapt\u0131. Halen \u0130zmir \u00d6zel Kent Hastanesinde Acil&hellip;<\/p>\n","protected":false},"author":1599,"featured_media":734,"comment_status":"open","ping_status":"open","sticky":false,"template":"","format":"standard","meta":{"_acf_changed":false,"inline_featured_image":false,"_lmt_disableupdate":"","_lmt_disable":"","footnotes":""},"categories":[13],"tags":[112,167],"class_list":["post-786","post","type-post","status-publish","format-standard","has-post-thumbnail","hentry","category-seyahat","tag-izlanda","tag-seyahat"],"acf":[],"_links":{"self":[{"href":"https:\/\/tatd.org.tr\/aciltipbulteni\/wp-json\/wp\/v2\/posts\/786","targetHints":{"allow":["GET"]}}],"collection":[{"href":"https:\/\/tatd.org.tr\/aciltipbulteni\/wp-json\/wp\/v2\/posts"}],"about":[{"href":"https:\/\/tatd.org.tr\/aciltipbulteni\/wp-json\/wp\/v2\/types\/post"}],"author":[{"embeddable":true,"href":"https:\/\/tatd.org.tr\/aciltipbulteni\/wp-json\/wp\/v2\/users\/1599"}],"replies":[{"embeddable":true,"href":"https:\/\/tatd.org.tr\/aciltipbulteni\/wp-json\/wp\/v2\/comments?post=786"}],"version-history":[{"count":0,"href":"https:\/\/tatd.org.tr\/aciltipbulteni\/wp-json\/wp\/v2\/posts\/786\/revisions"}],"wp:featuredmedia":[{"embeddable":true,"href":"https:\/\/tatd.org.tr\/aciltipbulteni\/wp-json\/wp\/v2\/media\/734"}],"wp:attachment":[{"href":"https:\/\/tatd.org.tr\/aciltipbulteni\/wp-json\/wp\/v2\/media?parent=786"}],"wp:term":[{"taxonomy":"category","embeddable":true,"href":"https:\/\/tatd.org.tr\/aciltipbulteni\/wp-json\/wp\/v2\/categories?post=786"},{"taxonomy":"post_tag","embeddable":true,"href":"https:\/\/tatd.org.tr\/aciltipbulteni\/wp-json\/wp\/v2\/tags?post=786"}],"curies":[{"name":"wp","href":"https:\/\/api.w.org\/{rel}","templated":true}]}}