{"id":732,"date":"2019-04-30T08:00:25","date_gmt":"2019-04-30T05:00:25","guid":{"rendered":"http:\/\/acilbulten.net\/?p=732"},"modified":"2019-04-30T08:00:25","modified_gmt":"2019-04-30T05:00:25","slug":"arzin-merkezine-yolculuk-izlanda-birinci-bolum","status":"publish","type":"post","link":"https:\/\/tatd.org.tr\/aciltipbulteni\/2019\/04\/30\/arzin-merkezine-yolculuk-izlanda-birinci-bolum\/","title":{"rendered":"Arz\u0131n Merkezine Yolculuk: \u0130zlanda&#8230; Birinci B\u00f6l\u00fcm"},"content":{"rendered":"\n<div class=\"wp-block-image\"><figure class=\"alignleft is-resized\"><img decoding=\"async\" src=\"https:\/\/tatd.org.tr\/aciltipbulteni\/wp-content\/uploads\/sites\/52\/2019\/04\/Sevilay-K.-1024x996.jpeg\" alt=\"\" class=\"wp-image-736\" width=\"177\" height=\"173\" srcset=\"https:\/\/tatd.org.tr\/aciltipbulteni\/wp-content\/uploads\/sites\/3\/2019\/04\/Sevilay-K.-1024x996.jpeg 1024w, https:\/\/tatd.org.tr\/aciltipbulteni\/wp-content\/uploads\/sites\/3\/2019\/04\/Sevilay-K.-300x292.jpeg 300w, https:\/\/tatd.org.tr\/aciltipbulteni\/wp-content\/uploads\/sites\/3\/2019\/04\/Sevilay-K.-768x747.jpeg 768w, https:\/\/tatd.org.tr\/aciltipbulteni\/wp-content\/uploads\/sites\/3\/2019\/04\/Sevilay-K.-648x630.jpeg 648w, https:\/\/tatd.org.tr\/aciltipbulteni\/wp-content\/uploads\/sites\/3\/2019\/04\/Sevilay-K..jpeg 1242w\" sizes=\"(max-width: 177px) 100vw, 177px\" \/><figcaption><br><\/figcaption><\/figure><\/div>\n\n\n\n<p class=\"has-text-color has-background has-very-dark-gray-color has-luminous-vivid-amber-background-color\"><strong><em> Yazar:<\/em><\/strong> Sevilay Karaduman,<em>1990-1996 y\u0131llar\u0131nda DE\u00dcTF de \u00fcniversite e\u011fitimini tamamlay\u0131p, arkas\u0131ndan ayn\u0131 \u00fcniversitede Acil T\u0131p ihtisas\u0131 yapt\u0131. Halen \u0130zmir \u00d6zel Kent Hastanesinde Acil T\u0131p uzman\u0131 olarak \u00e7al\u0131\u015f\u0131yor. \u0130\u015f hayat\u0131 d\u0131\u015f\u0131nda farkl\u0131 rotalara ve k\u00fclt\u00fcrlere seyahat, spirit\u00fcel e\u011fitimler, spor, sa\u011fl\u0131kl\u0131 ve do\u011fal \u00fcr\u00fcnlerle beslenme ile mutfak at\u00f6lyelerine vakit ay\u0131r\u0131yor.<\/em><\/p>\n\n\n\n<p><\/p>\n\n\n\n<p>\u0130tiraf etmeliyim ki, \u0130zlanda hakk\u0131nda yaz\u0131 yazmak; daha do\u011frusu, g\u00f6rd\u00fc\u011f\u00fcm ola\u011fan\u00fcst\u00fc manzaralar\u0131 tasvir edecek do\u011fru kelimeleri bulmak pek kolay olmad\u0131. Bu k\u00fc\u00e7\u00fck ada \u00fclkesine bo\u015fu bo\u015funa arz\u0131n merkezi dememi\u015fler. Sanki buras\u0131 D\u00fcnya de\u011fil, ba\u015fka bir gezegen. Lav tarlalar\u0131, simsiyah plajlar, buzullar, kraterler, her sene \u015fekil de\u011fi\u015ftiren buz ma\u011faralar\u0131, yerden f\u0131\u015fk\u0131ran jeotermal sular, yere inen bulutlar, hi\u00e7bir yerde g\u00f6remeyece\u011finiz kadar g\u00fczel atlar ve tabi ki \u015felaleler\u2026 \u0130nsan neredeyse yok bu gezegende. Bir ba\u015f\u0131n\u0131za kalm\u0131\u015fl\u0131k hissi hep yan\u0131n\u0131zda. \u00d6yle ki kasaba dedikleri yerler \u00fc\u00e7 ev, bir kilise ve bir \u015felaleden olu\u015fuyor. \u0130nan\u0131n hi\u00e7 abartm\u0131yorum. Bu b\u00fcy\u00fcl\u00fc topraklar\u0131 daha da \u00f6zel yapan \u015fey ise k\u0131\u015f aylar\u0131ndaki kuzey \u0131\u015f\u0131klar\u0131 (Aurora Borealis). <\/p>\n\n\n\n<p>\u0130zlanda\u2019n\u0131n en pop\u00fcler seyahat rotas\u0131 \u2018Ring Road\u2019. Bu rotay\u0131 izleyerek t\u00fcm aday\u0131 bizim de yapt\u0131\u011f\u0131m\u0131z gibi ba\u015ftan sona gezebilirsiniz. E\u011fer Ring Road yapacaksan\u0131z havan\u0131n daha s\u0131cak, karlardan yollar\u0131n kapanmad\u0131\u011f\u0131, uzun yol yapabilmek i\u00e7in g\u00fcnd\u00fcz\u00fcn daha uzun oldu\u011fu yaz mevsimini tercih etmeniz gerekli. Durum b\u00f6yle olunca may\u0131s sonu d\u00f6rt arkada\u015f, Ring Road rotas\u0131na biraz ilave g\u00fczergahlar koyarak d\u00fc\u015ft\u00fck yollara ve 2000 km ye yak\u0131n yol yapt\u0131k. Buralara yaz\u0131n gelmek demek kuzey \u0131\u015f\u0131klar\u0131ndan ve buz ma\u011faralar\u0131ndan feragat etmek demek. Yani illaki tekrar gelece\u011fim diyorum. <\/p>\n\n\n\n<div class=\"wp-block-image\"><figure class=\"aligncenter\"><img decoding=\"async\" src=\"https:\/\/lh5.googleusercontent.com\/h4HF-skXvwlJrIM87AYIwsSkzUh7kqNN2_EfcOB5yCtsro14IpO-yyT_jXfHXGWwznb61hb9c825KFv4mg1sdEwMcQ2VyHYz4bo5RUnMMe7fKdV2IbpiMbIxJSM38nNgoofu_Nn64BebxJg6TA\" alt=\"http:\/\/www.thezeal.net\/wp-content\/uploads\/2016\/05\/iceland_ring_road_map.png\" \/><\/figure><\/div>\n\n\n\n<p>Gece saat 02.00 gibi Keflavik havaalan\u0131na ula\u015ft\u0131k. Pasaport i\u015flemlerinden sonra daha \u00f6nce internetten ayarlad\u0131\u011f\u0131m\u0131z arabam\u0131z\u0131 teslim ald\u0131k. Havaalan\u0131, \u0130zlanda\u2019n\u0131n ba\u015fkenti Reykjavik\u2019e ara\u00e7la 25 dk mesafede ama \u0130zlanda\u2019n\u0131n olmazsa olmaz\u0131 turkuaz jeotermal kapl\u0131cas\u0131 <strong>Blue Lagon<\/strong>\u2019 a daha da yak\u0131n. Termal havuz i\u00e7in \u00f6nceden rezervasyon yapt\u0131rman\u0131z \u015fart. Rezervasyonsuz maalesef giremiyorsunuz. Saat ba\u015f\u0131 i\u00e7eriye rezervasyona g\u00f6re belirli say\u0131da ki\u015fi al\u0131yorlar. Hem yolculu\u011fun yorgunlu\u011funu s\u0131cak havuzda dinlenerek atabilmek hem de zaman\u0131 ekonomik kullanmak i\u00e7in Reykjavik\u2019e u\u011framadan do\u011fru Blue Lagon\u2019a gittik. Sabah ilk saate rezervasyon yapt\u0131rm\u0131\u015ft\u0131k. \u00c7ok erken bir saat oldu\u011fu i\u00e7in arabada uyuyarak kapl\u0131can\u0131n a\u00e7\u0131lmas\u0131n\u0131 bekledik. Bizim gibi 10-15 uyuyan araba daha vard\u0131. \u0130zlanda Kuzey Amerika ve Avrasya fay hatlar\u0131n\u0131n tam \u00fcst\u00fcnde oldu\u011fu i\u00e7in tektonik hareketlerin fazlaca ya\u015fand\u0131\u011f\u0131 aktif bir b\u00f6lge. Bunun nimetlerinden biri de kapl\u0131calar ve jeotermal santraller. \u00dclkemizde pek \u00e7ok kapl\u0131ca kapal\u0131 ortamda hizmet verdi\u011fi i\u00e7in k\u00fck\u00fcrt kokusu biraz yorucu olabiliyor. Blue Lagon\u2019 un a\u00e7\u0131k havada olmas\u0131, temiz hava, g\u00fcne\u015f ve dumanlar harika bir atmosfer yarat\u0131yor. D\u0131\u015far\u0131s\u0131 \u00e7ok so\u011fuk olsa da \u00fc\u015f\u00fcm\u00fcyorsunuz, bir taraftan da s\u0131caktan bunalma gibi bir durumda yok. Suyu cilt i\u00e7in olduk\u00e7a yararl\u0131 olsa da, sa\u00e7\u0131n\u0131z ve mayolar\u0131n\u0131z i\u00e7in ayn\u0131 \u015feyi s\u00f6yleyemeyece\u011fim. Geri kalan tatilinizi ke\u00e7e gibi sa\u00e7larla gezerek ge\u00e7irmek istemiyorsan\u0131z havuza girmeden \u00f6nce sa\u00e7\u0131n\u0131za sa\u00e7 kremini mutlaka boca edin ve bone tak\u0131n derim. Buras\u0131 i\u00e7in d\u00f6rt saat fazlas\u0131 ile yeterli bir s\u00fcre. \u0130\u00e7eride restoran ve barda var ama olduk\u00e7a tuzlu. <\/p>\n\n\n\n<div class=\"wp-block-image\"><figure class=\"aligncenter\"><img decoding=\"async\" src=\"https:\/\/lh3.googleusercontent.com\/IyvCecF8bEMQySiCKoGL_SCfFVih5cfWHNI4W_0hktNZJB_tvLGvF1PSRVU8xvU8-DM93QDedK4HKTiB079Fjpg7yRcL7djSkzEUlJaj22d_LE5d9ddNb97gqs-QivPnu-Gv0b98UeFbseiKXQ\" alt=\"C:\\Users\\skaraduman.KENT\\Desktop\\fb1d4472-b1d9-4237-9f13-7789f4b6fee0.JPG\" \/><\/figure><\/div>\n\n\n\n<p>Aday\u0131 g\u00fcneyden do\u011fuya do\u011fru ilerleyerek bir \u00e7ember \u015feklinde gezmeyi planl\u0131yoruz. Yolumuz \u00fczerinde Hveragerdi kasabas\u0131 var. \u00c7i\u00e7ek k\u00f6y\u00fc diye ge\u00e7en ufac\u0131k bir kasaba. Bolca sera var. Arkas\u0131ndan Selfoss kasabas\u0131na geliyoruz. Buras\u0131da olduk\u00e7a k\u00fc\u00e7\u00fck. Kasabaya girmemizle, \u00e7\u0131kmam\u0131z bir oluyor. \u00c7ok yorgun ve uykusuzuz diye mi, yoksa \u00fc\u00e7 ev, bir kilise format\u0131ndaki kasabalara hen\u00fcz al\u0131\u015famad\u0131\u011f\u0131m\u0131z i\u00e7in mi kasaban\u0131n bitti\u011fini pek anlayam\u0131yoruz. &nbsp;G\u00fcn\u00fc erken bitirip, Hella b\u00f6lgesinde konaklayaca\u011f\u0131m\u0131z \u00e7iftlik evini bulmaya koyuluyoruz. Yak\u0131n\u0131nda ev ya da tesis bulunmayan bu \u00e7iftlik evini \u00f6zellikle se\u00e7mi\u015ftik. Iss\u0131zl\u0131kta olmak, klasik bir \u0130zlanda \u00e7iftlik evinde kalmakt\u0131 amac\u0131m\u0131z. Ev sahibini hi\u00e7 g\u00f6rmedik bile. Bizim i\u00e7in anahtar\u0131 posta kutusuna b\u0131rakm\u0131\u015ft\u0131. Muhte\u015fem bir do\u011fan\u0131n i\u00e7inde, \u00e7ok ho\u015f bir evde kald\u0131k ama evi buluncaya kadar baya\u011f\u0131 bir sab\u0131r \u00e7ektik. Ertesi g\u00fcnk\u00fc program\u0131m\u0131z \u00e7ok yo\u011fun olaca\u011f\u0131 i\u00e7in hafif bir \u015feyler at\u0131\u015ft\u0131r\u0131p, erkenden uyuduk.<\/p>\n\n\n\n<p>Ring Road boyunca her g\u00fcn farkl\u0131 otellerde kal\u0131p, uzun s\u00fcre yol yapaca\u011f\u0131m\u0131z i\u00e7in arabadaki zaman\u0131m\u0131z\u0131 konforlu hale getirmeyi \u00f6nceden planlam\u0131\u015ft\u0131k. Her daim kahvemiz, \u00e7ay\u0131m\u0131z, kurabiyemiz ve antioksidan kuruyemi\u015flerimiz olsun demi\u015ftik. O y\u00fczden french press, termos, matara bu tatilin olmazsa olmazlar\u0131 idi. Sabah yola \u00e7\u0131kmadan kahvemizi, \u00e7ay\u0131m\u0131z\u0131 haz\u0131rlay\u0131p yola \u00e7\u0131k\u0131yorduk. \u00c7o\u011fu zaman k\u0131rsalda kahve alabilece\u011fimiz mekan bulmakta zorlanaca\u011f\u0131m\u0131z\u0131 biliyorduk. Tabi ki tek sebep konfor de\u011fildi. \u0130zlanda\u2019n\u0131n \u00e7ok pahal\u0131 bir \u00fclke oldu\u011funu bloklardan \u00f6\u011frenmi\u015ftik. Japonya\u2019ya pahal\u0131 diyenler yan\u0131l\u0131yor. Gelin bir de \u0130zlanda\u2019y\u0131 g\u00f6r\u00fcn. Ben gitti\u011fim zaman Euro bu kadar artmam\u0131\u015ft\u0131 gene de fiyatlar pek abart\u0131l\u0131yd\u0131. Bir kahveye 10-15 euro \u00f6deyince haz\u0131rl\u0131kl\u0131 gelmekle ne iyi yapt\u0131\u011f\u0131m\u0131z\u0131 g\u00f6rd\u00fck. \u00dclkedeki en ekonomik \u015fey su idi. Buzullardan gelen mis gibi, tertemiz \u00e7e\u015fme suyu. Avrupa\u2019da suya para vermemek de \u00e7ok g\u00fczel do\u011frusu. &nbsp;<\/p>\n\n\n\n<p>\u0130zlanda\u2019da ki ikinci g\u00fcn\u00fcm\u00fcz bence tatilin en g\u00fczel g\u00fcn\u00fcyd\u00fc. Birbirinden \u00f6zel, pek \u00e7ok g\u00fczel yer g\u00f6rd\u00fck. Hava gece bire kadar ayd\u0131nl\u0131k oldu\u011fu i\u00e7in bu g\u00fcn\u00fc \u00e7ok yo\u011fun planlam\u0131\u015ft\u0131m. G\u00fcn uzun bundan faydalanal\u0131m demi\u015ftim ama bedenin yorulaca\u011f\u0131n\u0131 hesaba katamam\u0131\u015ft\u0131m. Klasik acilci mant\u0131\u011f\u0131 \u2018bana bir \u015fey olmaz\u2019\u2026 Ekipteki di\u011fer \u00fc\u00e7 ki\u015fi baya\u011f\u0131 zorland\u0131. Ben \u015fahsen beden yorgunlu\u011fu \u00e7ok ya\u015famasam da buralarda daha uzun kalmak, m\u00fcmk\u00fcn m\u00fc bilmiyorum ama bu co\u011frafyaya doymak isterdim. Siz siz olun bu g\u00fcn\u00fc, iki g\u00fcne yay\u0131n. Adan\u0131n g\u00fcney k\u0131y\u0131lar\u0131 g\u00f6r\u00fclmesi gereken yerlerin bollu\u011fu a\u00e7\u0131s\u0131ndan, k\u0131sa \u0130zlanda gezisinde yer alan Alt\u0131n \u00c7ember \u2019den kal\u0131r yan\u0131 yok. Hatta bence \u00e7ok daha \u00f6zel yerler.<\/p>\n\n\n\n<p>\u0130zlanda\u2019da olup da g\u00fcne \u015felalesiz ba\u015flamak olmaz. \u0130lk durak <strong>Seljalandsfoss\u2026 <\/strong>Bu \u015felale \u0130zlanda\u2019n\u0131n en pop\u00fcler ve 61 metrelik y\u00fckseklikle en b\u00fcy\u00fck \u015felalelerinden. \u015eahsen ben en g\u00fczel ve en fotojenik \u015felale olarak se\u00e7tim kendilerini. Islanmay\u0131 g\u00f6ze al\u0131p \u015felalenin yan\u0131na kadar yakla\u015f\u0131n hatta \u00fc\u015fenmeyip dar patika yolu takip ederek \u015felalenin arkas\u0131ndan dola\u015f\u0131p di\u011fer taraftan \u00e7\u0131k\u0131n.<strong> <\/strong>Hem \u00e7ok e\u011flenip, hem de \u00e7ok g\u00fczel foto\u011fraflar \u00e7ekece\u011finize eminim. Biraz y\u00fcr\u00fcy\u00fcnce ileride \u00e7ok b\u00fcy\u00fck olmayan Gluggafoss\u2019 u g\u00f6receksiniz. Burada \u00e7ok vakit harcaman\u0131za gerek yok. K\u0131sa bir y\u00fcr\u00fcme mesafesi oldu\u011fu i\u00e7in g\u00f6rmeniz uygun. Yakla\u015f\u0131k 1 saat buras\u0131 i\u00e7in yeterli bir s\u00fcre.<\/p>\n\n\n\n<div class=\"wp-block-image\"><figure class=\"aligncenter\"><img decoding=\"async\" src=\"https:\/\/lh6.googleusercontent.com\/QnJjj30RJ5ckmjnEnMz3TAScr6jtYwLXW8mWkYCPkcUGzwlsll66LsxA8hHbnrr7PB80Y_S01x0DvKBc73IXDqWe8X4X7ZbIUcsRFgYavOy1woJKQWWoSJ7KGxG37cVvY-95Iq6KGK2DaEYvaQ\" alt=\"C:\\Users\\skaraduman.KENT\\Desktop\\IMG_1353.jpg\" \/><\/figure><\/div>\n\n\n\n<p style=\"text-align:center\"><em><strong>\u0130zlanda rotam\u0131z\u0131 anlatmaya yar\u0131nki yaz\u0131m\u0131zda devam edece\u011fiz&#8230; Takipte kal\u0131n&#8230;  <\/strong><\/em><\/p>\n","protected":false},"excerpt":{"rendered":"<p>Yazar: Sevilay Karaduman,1990-1996 y\u0131llar\u0131nda DE\u00dcTF de \u00fcniversite e\u011fitimini tamamlay\u0131p, arkas\u0131ndan ayn\u0131 \u00fcniversitede Acil T\u0131p ihtisas\u0131 yapt\u0131. Halen \u0130zmir \u00d6zel Kent Hastanesinde Acil&hellip;<\/p>\n","protected":false},"author":1599,"featured_media":735,"comment_status":"open","ping_status":"open","sticky":false,"template":"","format":"standard","meta":{"_acf_changed":false,"inline_featured_image":false,"_lmt_disableupdate":"","_lmt_disable":"","footnotes":""},"categories":[13],"tags":[112,167],"class_list":["post-732","post","type-post","status-publish","format-standard","has-post-thumbnail","hentry","category-seyahat","tag-izlanda","tag-seyahat"],"acf":[],"_links":{"self":[{"href":"https:\/\/tatd.org.tr\/aciltipbulteni\/wp-json\/wp\/v2\/posts\/732","targetHints":{"allow":["GET"]}}],"collection":[{"href":"https:\/\/tatd.org.tr\/aciltipbulteni\/wp-json\/wp\/v2\/posts"}],"about":[{"href":"https:\/\/tatd.org.tr\/aciltipbulteni\/wp-json\/wp\/v2\/types\/post"}],"author":[{"embeddable":true,"href":"https:\/\/tatd.org.tr\/aciltipbulteni\/wp-json\/wp\/v2\/users\/1599"}],"replies":[{"embeddable":true,"href":"https:\/\/tatd.org.tr\/aciltipbulteni\/wp-json\/wp\/v2\/comments?post=732"}],"version-history":[{"count":0,"href":"https:\/\/tatd.org.tr\/aciltipbulteni\/wp-json\/wp\/v2\/posts\/732\/revisions"}],"wp:featuredmedia":[{"embeddable":true,"href":"https:\/\/tatd.org.tr\/aciltipbulteni\/wp-json\/wp\/v2\/media\/735"}],"wp:attachment":[{"href":"https:\/\/tatd.org.tr\/aciltipbulteni\/wp-json\/wp\/v2\/media?parent=732"}],"wp:term":[{"taxonomy":"category","embeddable":true,"href":"https:\/\/tatd.org.tr\/aciltipbulteni\/wp-json\/wp\/v2\/categories?post=732"},{"taxonomy":"post_tag","embeddable":true,"href":"https:\/\/tatd.org.tr\/aciltipbulteni\/wp-json\/wp\/v2\/tags?post=732"}],"curies":[{"name":"wp","href":"https:\/\/api.w.org\/{rel}","templated":true}]}}