{"id":508,"date":"2019-03-19T07:22:13","date_gmt":"2019-03-19T04:22:13","guid":{"rendered":"http:\/\/acilbulten.net\/?p=508"},"modified":"2021-11-10T22:27:35","modified_gmt":"2021-11-10T19:27:35","slug":"turkiye-acil-tip-dernegi-saglikli-yasam-calisma-grubu-ve-wellness","status":"publish","type":"post","link":"https:\/\/tatd.org.tr\/aciltipbulteni\/2019\/03\/19\/turkiye-acil-tip-dernegi-saglikli-yasam-calisma-grubu-ve-wellness\/","title":{"rendered":"T\u00fcrkiye Acil T\u0131p Derne\u011fi Sa\u011fl\u0131kl\u0131 Ya\u015fam \u00c7al\u0131\u015fma Grubu ve Wellness"},"content":{"rendered":"\n<h3 class=\"wp-block-heading\">Wellness Nedir?<\/h3>\n\n\n\n<p><strong>Tan\u0131m olarak \u201cwellness\u201d; bir b\u00fct\u00fcn olarak ki\u015finin bedenen, ruhen ve sosyal y\u00f6nden tam bir iyi olma halidir. Fiziksel, duygusal, entelekt\u00fcel, ruhsal, sosyal, \u00e7evresel ve mesleki boyutlar\u0131 olan wellness; asl\u0131nda bir ya\u015fam bi\u00e7imidir. <\/strong><\/p>\n\n\n\n<p class=\"has-drop-cap\">Acil T\u0131p \u00e7al\u0131\u015fanlar\u0131 olarak olduk\u00e7a zorlu ko\u015fullar alt\u0131nda \u00e7al\u0131\u015f\u0131yoruz. \u00c7al\u0131\u015fma \u015fartlar\u0131m\u0131z ve saatlerimiz normal bir ya\u015fam s\u00fcrd\u00fcrmeye pek uygun de\u011fil. Ak\u015fam saat- lerinde, hafta sonu ve resmi tatil demeden 7 g\u00fcn 24 saat \u00e7al\u0131\u015f\u0131yoruz. Ancak t\u00fcm bu olum- suz \u00e7al\u0131\u015fma ko\u015fullar\u0131na ra\u011fmen, m\u00fcmk\u00fcn oldu\u011funca sa\u011fl\u0131kl\u0131 ya\u015famal\u0131y\u0131z ve bu hi\u00e7 de olanaks\u0131z de\u011fil. Bunun i\u00e7in yap\u0131labilecek \u00e7ok \u015fey var ku\u015fkusuz; kimimiz i\u00e7in spor yapmak, kimimiz i\u00e7in bir sinema yada tiyatroya gitmek, kimimiz i\u00e7in do\u011fada bir g\u00fcn ge\u00e7irmek, kimimiz i\u00e7in yeteneklerimizi geli\u015ftirebi- lece\u011fimiz bir gruba dahil olmak gibi. Bu \u00f6rnekler \u00e7o\u011falt\u0131labilir; yeter ki kendimiz i\u00e7in en uygun y\u00f6ntemi bulal\u0131m ve bunu kendimiz i\u00e7in bir ya\u015fam bi\u00e7imine d\u00f6n\u00fc\u015ft\u00fcrelim. T\u00fcrkiye Acil T\u0131p Derne\u011fi (TATD) 11-17 Mart 2018 tarihleri aras\u0131nda \u201cAcil T\u0131p Sa\u011fl\u0131kl\u0131 Ya\u015fam Haftas\u0131\u201d kapsam\u0131nda yurdun \u00e7e\u015fitli yerlerinde farkl\u0131 etkinlikler d\u00fczenledi ve b\u00f6ylece \u201cwellness\u201d yani sa\u011fl\u0131kl\u0131 ya\u015fam konusunda fark\u0131ndal\u0131\u011f\u0131m\u0131z artt\u0131. Bir kez daha anlad\u0131k ki; \u00f6zellikle biz Acil T\u0131p \u00e7al\u0131\u015fanlar\u0131 i\u00e7in sadece fiziksel de\u011fil, ruhsal ve sosyal y\u00f6nden de sa\u011fl\u0131kl\u0131 ya\u015fam vazge\u00e7ilmez olmal\u0131. Buradan hareketle, \u201cTATD Sa\u011fl\u0131kl\u0131 Ya\u015fam \u00c7al\u0131\u015fma Grubu\u201d kuruldu ve b\u00f6ylece etkinliklerin sadece bir hafta ile s\u0131n\u0131rl\u0131 kalmay\u0131p, t\u00fcm y\u0131l boyunca hatta t\u00fcm ya\u015fam boyunca devam etmesi ama\u00e7land\u0131. <\/p>\n\n\n\n<p>Ba\u015fkanl\u0131\u011f\u0131n\u0131 Do\u00e7. Dr. \u00d6zlem K\u00f6ksal\u2019\u0131n y\u00fcr\u00fctmekte oldu\u011fu bu \u00e7al\u0131\u015fma grubunun hedefleri;<\/p>\n\n\n\n<ul class=\"wp-block-list\"><li> Acil T\u0131pta Sa\u011fl\u0131kl\u0131 Ya\u015fam konusunda ve fiziksel, ruhsal ve sosyal bile\u015fenleri hakk\u0131nda bir fark\u0131ndal\u0131k yaratmak,<\/li><li>Acil T\u0131pta Sa\u011fl\u0131kl\u0131 Ya\u015fam \u00e7al\u0131\u015fma grubu olarak \u00e7e\u015fitli sosyal etkinlikler, faaliyetler ve sempozyumlar d\u00fczenlemek,<\/li><li>T\u00fcrkiye Acil T\u0131p Derne\u011fini b\u00fcnyesinde d\u00fczenlenen kongre ve sempozyumlarda \u00e7e\u015fitli oturumlar d\u00fczenlemek, stantlar a\u00e7mak ve etkinlikler d\u00fczenlemek,<\/li><li>Sa\u011fl\u0131kl\u0131 ya\u015fam ve Acil T\u0131p ile ilgili yaz\u0131l\u0131 ve g\u00f6rsel materyaller \u00fcretmek,<\/li><li>Acil T\u0131pta Sa\u011fl\u0131kl\u0131 Ya\u015fam ile ilgili uluslararas\u0131 platformlarda T\u00fcrkiye Acil T\u0131p Derne\u011fini temsil etmek,<\/li><li>Acil T\u0131pta Sa\u011fl\u0131kl\u0131 Ya\u015fam ile ilgili uluslararas\u0131 di\u011fer dernekler ve kurulu\u015flarla i\u015f birli\u011fi yapmak,<\/li><li>Acil T\u0131pta Sa\u011fl\u0131kl\u0131 Ya\u015fam ile ilgili ulusal\/uluslararas\u0131 projeler \u00fcretmek ve bu konuda \u00fcretilmi\u015f projelerde yer almakt\u0131r. <\/li><\/ul>\n","protected":false},"excerpt":{"rendered":"<p>Wellness Nedir? Tan\u0131m olarak \u201cwellness\u201d; bir b\u00fct\u00fcn olarak ki\u015finin bedenen, ruhen ve sosyal y\u00f6nden tam bir iyi olma halidir. Fiziksel, duygusal, entelekt\u00fcel,&hellip;<\/p>\n","protected":false},"author":1599,"featured_media":515,"comment_status":"open","ping_status":"open","sticky":false,"template":"","format":"standard","meta":{"_acf_changed":false,"inline_featured_image":false,"_lmt_disableupdate":"","_lmt_disable":"","footnotes":""},"categories":[10011,17,18],"tags":[],"class_list":["post-508","post","type-post","status-publish","format-standard","has-post-thumbnail","hentry","category-haber-ve-duyuru","category-spor","category-tanitim"],"acf":[],"_links":{"self":[{"href":"https:\/\/tatd.org.tr\/aciltipbulteni\/wp-json\/wp\/v2\/posts\/508","targetHints":{"allow":["GET"]}}],"collection":[{"href":"https:\/\/tatd.org.tr\/aciltipbulteni\/wp-json\/wp\/v2\/posts"}],"about":[{"href":"https:\/\/tatd.org.tr\/aciltipbulteni\/wp-json\/wp\/v2\/types\/post"}],"author":[{"embeddable":true,"href":"https:\/\/tatd.org.tr\/aciltipbulteni\/wp-json\/wp\/v2\/users\/1599"}],"replies":[{"embeddable":true,"href":"https:\/\/tatd.org.tr\/aciltipbulteni\/wp-json\/wp\/v2\/comments?post=508"}],"version-history":[{"count":0,"href":"https:\/\/tatd.org.tr\/aciltipbulteni\/wp-json\/wp\/v2\/posts\/508\/revisions"}],"wp:featuredmedia":[{"embeddable":true,"href":"https:\/\/tatd.org.tr\/aciltipbulteni\/wp-json\/wp\/v2\/media\/515"}],"wp:attachment":[{"href":"https:\/\/tatd.org.tr\/aciltipbulteni\/wp-json\/wp\/v2\/media?parent=508"}],"wp:term":[{"taxonomy":"category","embeddable":true,"href":"https:\/\/tatd.org.tr\/aciltipbulteni\/wp-json\/wp\/v2\/categories?post=508"},{"taxonomy":"post_tag","embeddable":true,"href":"https:\/\/tatd.org.tr\/aciltipbulteni\/wp-json\/wp\/v2\/tags?post=508"}],"curies":[{"name":"wp","href":"https:\/\/api.w.org\/{rel}","templated":true}]}}