{"id":3436,"date":"2023-09-28T09:00:00","date_gmt":"2023-09-28T06:00:00","guid":{"rendered":"https:\/\/tatd.org.tr\/aciltipbulteni\/?p=3436"},"modified":"2023-09-25T16:02:39","modified_gmt":"2023-09-25T13:02:39","slug":"hava-karanlikti-ve-biz-hicbir-seyin-farkinda-degildik","status":"publish","type":"post","link":"https:\/\/tatd.org.tr\/aciltipbulteni\/2023\/09\/28\/hava-karanlikti-ve-biz-hicbir-seyin-farkinda-degildik\/","title":{"rendered":"Hava Karanl\u0131kt\u0131 ve Biz Hi\u00e7bir \u015eeyin Fark\u0131nda De\u011fildik"},"content":{"rendered":"\n<p>Depremi ilk duydu\u011fum an&nbsp; herkes gibi ben de b\u00fcy\u00fck bir \u015fok ya\u015fad\u0131m. Hemen akabinde alm\u0131\u015f oldu\u011fum ulusal medikal kurtarma ekibi (UMKE) e\u011fitimi gere\u011fince deprem b\u00f6lgesine g\u00f6n\u00fcll\u00fc olarak intikal etmek i\u00e7in ba\u015fvuruda bulundum. Benim gibi pek \u00e7ok sa\u011fl\u0131k g\u00f6n\u00fcll\u00fcs\u00fc de ayn\u0131 ba\u015fvurular\u0131 yapt\u0131\u011f\u0131 i\u00e7in benim hizmet s\u0131ram yakla\u015f\u0131k 15 g\u00fcn sonra geldi.&nbsp;<\/p>\n\n\n\n<p class=\"px-3 py-2 rounded-3 has-white-color has-black-background-color has-text-color has-background\"><strong>\u201cHatay merkez karanl\u0131k, \u0131ss\u0131z ve terk edilmi\u015f g\u00f6r\u00fcn\u00fcyordu\u201d<\/strong><\/p>\n\n\n\n<p>Ulusal medikal kurtarma ekibinden (UMKE) g\u00f6rev emrimi ald\u0131\u011f\u0131mda \u00e7al\u0131\u015ft\u0131\u011f\u0131m hastanede n\u00f6bet\u00e7iydim. Ertesi g\u00fcn n\u00f6bet \u00e7\u0131k\u0131\u015f\u0131&nbsp; toplama yerinde&nbsp; g\u00f6n\u00fcll\u00fc arkada\u015flar\u0131mla bulu\u015ftuk. Afet b\u00f6lgesi i\u00e7in gerekli malzemelerimizi ula\u015f\u0131m ara\u00e7lar\u0131m\u0131za h\u0131zl\u0131 bir \u015fekilde yerle\u015ftirerek yola \u00e7\u0131kt\u0131k. Yakla\u015f\u0131k 10 saat s\u00fcren heyecanl\u0131 ve tedirgin karayolu seyahatinden sonra deprem b\u00f6lgesine ula\u015ft\u0131k. Hemen&nbsp; sorumluluklar\u0131m\u0131zla ilgili talimatlar\u0131m\u0131z\u0131 alarak g\u00f6rev b\u00f6lgelerimize do\u011fru hareket ettik. Benim g\u00f6rev yerim Hatay merkezde idi. Hataya intikalimiz gece Saat 21:00 sular\u0131ndayd\u0131. Evet hava karanl\u0131kt\u0131 ve biz hi\u00e7bir \u015feyin fark\u0131nda de\u011fildik. Bizi g\u00f6rev yerlerimize g\u00f6t\u00fcrecek olan ara\u00e7lara binip Hatay merkeze do\u011fru hareket edip yerle\u015fim b\u00f6lgelerine vard\u0131\u011f\u0131m\u0131zda (ki buraya \u00e7ok yerle\u015fim b\u00f6lgesi diyemezdik ) hepimiz b\u00fcy\u00fck bir \u015fok ya\u015fad\u0131k. \u0130lk \u015foku atlatt\u0131ktan sonra hali haz\u0131rda orada g\u00f6rev yapmakta olan UMKE\u2019den g\u00f6revimizi devrald\u0131k. 15 g\u00fcn s\u00fcrecek olan g\u00f6revimiz esnas\u0131nda nelerle kar\u015f\u0131la\u015faca\u011f\u0131m\u0131z\u0131 bilmemenin tedirginli\u011fi ve korkusu i\u00e7erisindeydik. D\u00fc\u015f\u00fcnsenize gece saat 9:00 hava karanl\u0131k ve so\u011fuk daha \u00f6nce hi\u00e7 g\u00f6rmedi\u011finiz bir yerde ve enkazlar\u0131n aras\u0131nda bir g\u00f6rev al\u0131yorsunuz. Yan\u0131n\u0131zda daha \u00f6nce tan\u0131mad\u0131\u011f\u0131n\u0131z ama her birinin bu b\u00f6lgeye sorgusuz ve b\u00fcy\u00fck bir istekle geldi\u011fini bildi\u011finiz sa\u011fl\u0131k \u00e7al\u0131\u015fan\u0131 arkada\u015flar\u0131n\u0131zla berabersiniz. Duydu\u011funuz tek g\u00fcven yan\u0131n\u0131zdaki arkada\u015flar\u0131n\u0131z. G\u00fcne\u015f do\u011fup hava ayd\u0131nlanmaya ba\u015fl\u0131ktan sonra Hatay merkezde neler oldu\u011funu fark ettik. G\u00f6rd\u00fc\u011f\u00fcm\u00fcz tek \u015fey enkazlar ve yard\u0131ma muhta\u00e7 vatanda\u015flar\u0131m\u0131zd\u0131. Benim ekibim deprem b\u00f6lgesine intikal etti\u011finde arama kurtarma \u00e7al\u0131\u015fmalar\u0131 sona ermi\u015fti.&nbsp;<\/p>\n\n\n\n<p class=\"px-3 py-2 rounded-3 has-white-color has-black-background-color has-text-color has-background\"><strong>\u201cilk g\u00fcnlerde SU ve TUVALET en b\u00fcy\u00fck problemdi \u201d<\/strong><\/p>\n\n\n\n<p>\u00c7ad\u0131rkent diye adland\u0131r\u0131lan b\u00f6lgelerde gerek sa\u011fl\u0131k alan\u0131nda gerekse sosyal alanda yard\u0131ma ihtiyac\u0131 olan depremzedelere; devletimizin bize vermi\u015f oldu\u011fu imkanlar do\u011frultusunda hizmet etmeye ba\u015flad\u0131k. Benim ilk g\u00fcn g\u00f6rd\u00fc\u011f\u00fcm en b\u00fcy\u00fck problem su s\u0131k\u0131nt\u0131s\u0131 ve tuvalet ihtiyac\u0131 idi. Pek\u00e7ok g\u00f6n\u00fcll\u00fc kurum depremzedelerin beslenme ihtiyac\u0131n\u0131 kar\u015f\u0131lamakdayd\u0131. Ama en \u00f6nemli sorun su ve hijyen problemlerinin \u00e7\u00f6z\u00fclememesiydi. G\u00f6rev yapt\u0131\u011f\u0131m t\u0131bbi u\u00e7 noktada yakla\u015f\u0131k 500 \/600 \u00e7ad\u0131r mevcuttu Buda ortalama 2000 depremzedeye kar\u015f\u0131l\u0131k gelmekte idi. Alanda iki ya da \u00fc\u00e7 adet tuvalet bulunmakta su ihtiyac\u0131 da Pet \u015fi\u015felerle kar\u015f\u0131lanmaktayd\u0131. Mevcut su ve bar\u0131nma problemleri asl\u0131nda kontrols\u00fcz bir \u015fekilde olu\u015fturulan \u00e7ad\u0131r kentlerdan kaynaklan\u0131yordu. \u0130lerleyen g\u00fcnlerde bu \u00e7ad\u0131r alanlar\u0131n\u0131n daha kontroll\u00fc daha g\u00fcvenli yerlere ta\u015f\u0131nma i\u015flemleri de ba\u015flad\u0131. Zaten olmas\u0131 gereken de buydu.&nbsp;<\/p>\n\n\n\n<p class=\"px-3 py-2 rounded-3 has-white-color has-black-background-color has-text-color has-background\"><strong>\u201cG\u00fcvenlik \u00f6nemli bir sorun olmaya ba\u015flam\u0131\u015ft\u0131\u201d<\/strong><\/p>\n\n\n\n<p>Depremzedelerin bir an evvel enkaz b\u00f6lgesinden daha g\u00fcvenli yerlere ta\u015f\u0131nmas\u0131 sa\u011fl\u0131k, g\u0131da ve hijyen ihtiya\u00e7lar\u0131n\u0131n daha g\u00fcvenli bir \u015fekilde kar\u015f\u0131lanmas\u0131 gerekiyordu. Bizler g\u00f6revlerimize deprem b\u00f6lgelerinde devam ederken Hatay E\u011fitim Ara\u015ft\u0131rma Hastanesi\u2019nin g\u00fcvenli alanlar\u0131na kurulmu\u015f a\u011f\u0131r iklim sahra \u00e7ad\u0131rlar\u0131 olarak adland\u0131r\u0131lan \u00e7ad\u0131r hastanede di\u011fer g\u00f6n\u00fcll\u00fc sa\u011fl\u0131k \u00e7al\u0131\u015fanlar\u0131 hizmetlerini devam ediyordu. Bu b\u00f6lgede bizlerin de bar\u0131nma ve lojistik ihtiya\u00e7lar\u0131 kar\u015f\u0131lan\u0131yordu. Bu ana kampta 4 binin \u00fczerinde g\u00f6n\u00fcll\u00fc aktif olarak g\u00f6rev yapmaktayd\u0131. Genel anlamda bu alanda da s\u0131k\u0131nt\u0131lar mevcuttu.&nbsp;<\/p>\n\n\n\n<p class=\"px-3 py-2 rounded-3 has-white-color has-black-background-color has-text-color has-background\"><strong>\u201cDepremzedelerin hastaneye ula\u015f\u0131mlar\u0131 \u00e7ok zordu\u201d<\/strong><\/p>\n\n\n\n<p>Acil vakalarda biz deprem alan\u0131ndaki acil m\u00fcdahale ekipleri ve 112 ekipleri hastalar\u0131n hastaneye nakilini sa\u011fl\u0131yorduk ama ayaktan m\u00fcracaatlar i\u00e7in hastaneye ula\u015f\u0131m \u00e7ok zordu. Halen devam eden art\u00e7\u0131 depremler sonucunda hastaneye en kolay ula\u015f\u0131m yolundaki k\u00f6pr\u00fcn\u00fcn y\u0131k\u0131lmas\u0131 durumu daha da g\u00fc\u00e7le\u015ftirmi\u015fti. Neyse ki bir miktar daha uzak olan bir k\u00f6y yolu aktif hale getirildi ve s\u0131k\u0131nt\u0131&nbsp; ge\u00e7ici olarak giderildi. Anla\u015f\u0131lan oydu ki deprem b\u00f6lgesinde ula\u015f\u0131m hayati \u00f6neme sahipti. Sahra hastanesinde g\u00f6rev yapan&nbsp; ve yine bu b\u00f6lgede bar\u0131nan sa\u011fl\u0131k g\u00f6n\u00fcll\u00fclerinin ihtiya\u00e7lar\u0131n\u0131n kar\u015f\u0131lanmas\u0131 ve organize edilmesi de hayli g\u00fc\u00e7 bir i\u015fti elbette ki. Bu g\u00f6rev de ba\u011fl\u0131 bulundu\u011fum UMKE ekiplerinin i\u015fiydi. Bu ekipler hem sahada aktif sa\u011fl\u0131k hizmeti vermekte hem de t\u00fcm g\u00f6n\u00fcll\u00fc ekiplerinin lojistik ihtiya\u00e7lar\u0131n\u0131 kar\u015f\u0131lamakta idi.&nbsp;<\/p>\n\n\n\n<p class=\"px-3 py-2 rounded-3 has-white-color has-black-background-color has-text-color has-background\"><strong>\u201cSTK\u2019lar daha etkin kullan\u0131labilirdi\u201d<\/strong><\/p>\n\n\n\n<p>Ana kamptaki sa\u011fl\u0131k g\u00f6n\u00fcll\u00fclerinin beslenme ihtiya\u00e7lar\u0131 \u00e7evre illerden gelen sivil toplum \u00f6rg\u00fctleri ve dernekler taraf\u0131ndan kar\u015f\u0131lanmaktayd\u0131. Ki\u015fisel g\u00f6r\u00fc\u015f\u00fcm bu sivil toplum kurulu\u015flar\u0131n\u0131n deprem b\u00f6lgesindeki&nbsp; depremzedelere&nbsp; hizmet etmesi gerekti\u011fi y\u00f6n\u00fcndeydi. Bizim bu tip beslenme ihtiya\u00e7lar\u0131m\u0131z\u0131n kamu kurulu\u015flar\u0131 taraf\u0131ndan giderilmesi daha uygun olurdu. Yakla\u015f\u0131k 15 g\u00fcn s\u00fcren g\u00f6revim boyunca&nbsp; birtak\u0131m aksakl\u0131klar g\u00f6z\u00fcme&nbsp; \u00e7arpsa da deprem b\u00f6lgesindeki t\u00fcm kamu kurum ve kurulu\u015flar\u0131ndaki g\u00f6n\u00fcll\u00fcler canla ba\u015fla \u00e7al\u0131\u015farak bu eksiklikleri giderme \u00e7abalar\u0131n\u0131 da g\u00f6zard\u0131 edemem. Bizler depremzedelere sa\u011fl\u0131k y\u00f6n\u00fcnden hizmet etti\u011fimiz gibi; UMKE\u2019nin g\u00f6revi gere\u011fi sahadaki pek \u00e7ok sa\u011fl\u0131k biriminin lojistik ihtiya\u00e7lar\u0131n\u0131 kar\u015f\u0131lamaya \u00e7al\u0131\u015ft\u0131k.&nbsp;<\/p>\n\n\n\n<p class=\"px-3 py-2 rounded-3 has-white-color has-black-background-color has-text-color has-background\"><strong>\u201cB\u00f6lgeyi art\u0131k Halk sa\u011fl\u0131\u011f\u0131 ve Sosyal hizmet ekiplerine devretme vakti\u201d<\/strong><\/p>\n\n\n\n<p>Zaman ge\u00e7tik\u00e7e b\u00f6lgede acil sa\u011fl\u0131k hizmetlerinin yerine halk sa\u011fl\u0131\u011f\u0131 ve sosyal hizmetler ekiplerinin g\u00f6rev almas\u0131 gereklili\u011fi a\u015fikard\u0131 ve bu de\u011fi\u015fimler ger\u00e7ekle\u015ftik\u00e7e UMKE ekiplerine duyulan ihtiya\u00e7ta azalmakta idi. Bizler de planl\u0131 bir \u015fekilde g\u00f6revlerimizi bakanl\u0131k halk sa\u011fl\u0131\u011f\u0131 ekiplerine devrederek as\u0131l g\u00f6rev yerlerimize d\u00f6nmeye ba\u015flad\u0131k.&nbsp;<\/p>\n\n\n\n<p>Tabi ki b\u00f6lgeye halen gerek g\u00f6n\u00fcll\u00fcl\u00fck esas\u0131yla gerekse g\u00f6revlendirmeler ile giden arkada\u015flar\u0131m\u0131z olacakt\u0131r. Oradaki \u015fartlar her ge\u00e7en g\u00fcn d\u00fczelse de, hi\u00e7birimiz evlerimizde buldu\u011fumuz konforu orada bulamayaca\u011f\u0131z. B\u00f6lgeye gidecek arkada\u015flar\u0131ma tavsiyem bulunduklar\u0131 s\u00fcre i\u00e7erisinde kendi konforlar\u0131ndan \u00e7ok hizmet edece\u011fi insanlar\u0131n konforunu d\u00fc\u015f\u00fcnmeleri ve bu psikolojiyle b\u00f6lgeye gitmeleridir.<\/p>\n\n\n\n<p>(Yaz\u0131m\u0131n sonunda Ankara ulusal medikal kurtarma ekip sorumlusu Doktor Ahmet Umut Karadeniz Beyi anmadan ge\u00e7emeyece\u011fim; kendisi Ankara\u2019da olup deprem b\u00f6lgesine hi\u00e7 gidemedi ama deprem b\u00f6lgesinde canla ba\u015fla \u00e7al\u0131\u015fan sa\u011fl\u0131k g\u00f6n\u00fcll\u00fclerinden daha \u00e7ok yorulup daha \u00e7ok hizmet etmi\u015f bir doktor arkada\u015f\u0131m\u0131zd\u0131r. Kendisi depremin yakla\u015f\u0131k 40. g\u00fcn\u00fcnde ge\u00e7irmi\u015f oldu\u011fu kalp krizi sonucu b\u00fcy\u00fck bir \u00fcz\u00fcnt\u00fcyle kaybetti\u011fimiz doktor arkada\u015f\u0131m\u0131zd\u0131r. Sayg\u0131yla ve minnetle an\u0131yorum\u2026)<\/p>\n\n\n\n<p class=\"rounded-3 px-2 py-1 has-text-color has-background has-small-font-size\" style=\"color:#666666;background-color:#f5f5f5\"><em>Bu yaz\u0131 Acil T\u0131p B\u00fclteni&#8217;nin Temmuz 2023 tarihli<\/em> <em><a href=\"https:\/\/tatd.org.tr\/aciltipbulteni\/2023\/09\/15\/2023-temmuz-sayimiz-cikti-iyi-okumalar\/\" data-type=\"post\" data-id=\"3403\" target=\"_blank\" rel=\"noreferrer noopener\">14. say\u0131s\u0131nda<\/a><\/em> <em>yay\u0131mlanm\u0131\u015ft\u0131r.<\/em><\/p>\n","protected":false},"excerpt":{"rendered":"<p>Depremi ilk duydu\u011fum an&nbsp; herkes gibi ben de b\u00fcy\u00fck bir \u015fok ya\u015fad\u0131m. Hemen akabinde alm\u0131\u015f oldu\u011fum ulusal medikal kurtarma ekibi (UMKE) e\u011fitimi&hellip;<\/p>\n","protected":false},"author":917,"featured_media":3438,"comment_status":"open","ping_status":"open","sticky":false,"template":"","format":"standard","meta":{"_acf_changed":false,"inline_featured_image":false,"_lmt_disableupdate":"","_lmt_disable":"","footnotes":""},"categories":[10,14,10015],"tags":[10369,10347,10370],"class_list":["post-3436","post","type-post","status-publish","format-standard","has-post-thumbnail","hentry","category-mercek","category-sizden-gelenler","category-sosyal-blog-yazisi","tag-6-subat","tag-deprem","tag-hatay"],"acf":[],"_links":{"self":[{"href":"https:\/\/tatd.org.tr\/aciltipbulteni\/wp-json\/wp\/v2\/posts\/3436","targetHints":{"allow":["GET"]}}],"collection":[{"href":"https:\/\/tatd.org.tr\/aciltipbulteni\/wp-json\/wp\/v2\/posts"}],"about":[{"href":"https:\/\/tatd.org.tr\/aciltipbulteni\/wp-json\/wp\/v2\/types\/post"}],"author":[{"embeddable":true,"href":"https:\/\/tatd.org.tr\/aciltipbulteni\/wp-json\/wp\/v2\/users\/917"}],"replies":[{"embeddable":true,"href":"https:\/\/tatd.org.tr\/aciltipbulteni\/wp-json\/wp\/v2\/comments?post=3436"}],"version-history":[{"count":0,"href":"https:\/\/tatd.org.tr\/aciltipbulteni\/wp-json\/wp\/v2\/posts\/3436\/revisions"}],"wp:featuredmedia":[{"embeddable":true,"href":"https:\/\/tatd.org.tr\/aciltipbulteni\/wp-json\/wp\/v2\/media\/3438"}],"wp:attachment":[{"href":"https:\/\/tatd.org.tr\/aciltipbulteni\/wp-json\/wp\/v2\/media?parent=3436"}],"wp:term":[{"taxonomy":"category","embeddable":true,"href":"https:\/\/tatd.org.tr\/aciltipbulteni\/wp-json\/wp\/v2\/categories?post=3436"},{"taxonomy":"post_tag","embeddable":true,"href":"https:\/\/tatd.org.tr\/aciltipbulteni\/wp-json\/wp\/v2\/tags?post=3436"}],"curies":[{"name":"wp","href":"https:\/\/api.w.org\/{rel}","templated":true}]}}