{"id":3398,"date":"2023-06-02T09:00:00","date_gmt":"2023-06-02T06:00:00","guid":{"rendered":"https:\/\/tatd.org.tr\/aciltipbulteni\/?p=3398"},"modified":"2023-06-01T19:17:42","modified_gmt":"2023-06-01T16:17:42","slug":"almanyada-acil-serviste-bir-hafta","status":"publish","type":"post","link":"https:\/\/tatd.org.tr\/aciltipbulteni\/2023\/06\/02\/almanyada-acil-serviste-bir-hafta\/","title":{"rendered":"Almanya&#8217;da Acil Serviste Bir Hafta"},"content":{"rendered":"\n<p>Herkes Almanca \u00e7al\u0131\u015f\u0131yor herkes gitmeyi planl\u0131yor. \u00dcniversitemizdeki \u00f6\u011frencilerin hepsi online Almanca kurslar\u0131na son derece hakim. Peki, \u015fartlar anlat\u0131ld\u0131\u011f\u0131 gibi mi yoksa asl\u0131nda yurtd\u0131\u015f\u0131nda yeni bir ya\u015fam kurmak b\u00fcy\u00fck bir yaln\u0131zl\u0131k m\u0131?<\/p>\n\n\n\n<p>Avrupa ve \u00f6zellikle Almanya sistemine hayran bir insan ve her tatilini orda ge\u00e7irmeyi \u00e7ok seven birisi olarak bu yaz M\u00fcnih LMU Acil Servisinde kendime g\u00f6zlemci olarak bir g\u00f6rev ayarlad\u0131m. \u00d6ncesinde tan\u0131d\u0131\u011f\u0131m ba\u015fka bir hoca buna vesile oldu (hakk\u0131 \u00f6denmez ve bence genetik k\u00f6kenlerinde T\u00fcrk olan bir Alman). Davet mektubu, kalacak yer ayarlamas\u0131 ve di\u011fer i\u015fleri de halledip yola \u00e7\u0131kt\u0131k.<\/p>\n\n\n\n<p>M\u00fcnih bana g\u00f6re Almanya\u2019n\u0131n en g\u00fczel \u015fehirlerinden biri ve \u00fcniversitelerinde \u00f6zellikle T\u0131p Fak\u00fcltesinde e\u011fitim kalitesi son derece y\u00fcksek. \u0130lk g\u00fcn \u00f6\u011frendi\u011fim; Almanyada art\u0131k acil t\u0131p biriminin kuruldu\u011fu, \u00e7ok yeni de olsa \u00f6n\u00fc a\u00e7\u0131k bir alan oldu\u011fu idi. Bu beni \u00e7ok mutlu etti ve gelip tecr\u00fcbe ya\u015famak isteyen meslekta\u015flar\u0131m i\u00e7in harika bir f\u0131rsat olabilece\u011fini d\u00fc\u015f\u00fcnd\u00fcm.<\/p>\n\n\n\n<p>Acil servisi dahili ve cerrahi aciller olarak ay\u0131rm\u0131\u015flar ve ben daha \u00e7ok cerrahi tarafta bulundum. Acil servis konum olarak \u015fehir merkezinde ve toplu ta\u015f\u0131ma ile ula\u015f\u0131m\u0131 son derece kolay. Buna ra\u011fmen 24 saatte gelen hasta say\u0131s\u0131 50-60 aras\u0131nda. Benim geldi\u011fim 3. G\u00fcn 70 hasta oldu diye t\u00fcm doktorlar \u2018\u0130NANILMAZ B\u0130R \u00c7ILGINLIK YA\u015eADIK\u2019 ifadesi kulland\u0131lar (insan tatl\u0131 bir tebess\u00fcmle bak\u0131yor bu \u015fekilde konu\u015fanlara).<\/p>\n\n\n\n<p>Cerrahi tarafta cerrahi bran\u015f asistanlar\u0131 ve dahili tarafta dahili bran\u015f asistanlar\u0131 g\u00f6rev yap\u0131yor. T\u00fcm doktorlar forma giymek zorunda ve hastane y\u00f6netimi bunu sa\u011fl\u0131yor. Doktor odalar\u0131nda hasta bilgilerine eri\u015fimi sa\u011flayan bir a\u011f sistemi var ve aynen bizdeki gibi detayl\u0131 bir \u015fekilde dosya doldurmak \u00c7OK AMA \u00c7OK \u00f6nemli! Sigorta \u015firketleri bu konuda her g\u00fcn gelip kontrol ediyorlar.<\/p>\n\n\n\n<p>Gelelim doktor ne yap\u0131yor hem\u015fire ne yap\u0131yor konusuna. Hasta anamnezi, muayene, kan alma ve tedavi d\u00fczenlenmesi doktor taraf\u0131ndan yap\u0131l\u0131yor. 6. s\u0131n\u0131f \u00f6\u011frencileri aynen bizdeki gibi hastaya ilk bak\u0131 ve de\u011ferlendirmeyi yapt\u0131ktan sonra ilgili asistan\u0131 \u00e7a\u011f\u0131r\u0131yor. Hasta say\u0131s\u0131 normal d\u00fczeyde oldu\u011fu i\u00e7in her hasta ile detayl\u0131 ilgilenme m\u00fcmk\u00fcn. Kalan i\u015fler hem\u015firelerde. Ben yabanc\u0131 olmama ra\u011fmen hepsi \u00e7ok yard\u0131mc\u0131 ve \u00e7ok tatl\u0131yd\u0131. Hep dedi\u011fim gibi iyilik evrensel bir olay. Kesinlikle dil, din ve \u0131rk ayr\u0131m\u0131 yok.<\/p>\n\n\n\n<p>Cihazlar, odalar, malzemeler ve acilin dizayn\u0131 son derece kullan\u0131\u015fl\u0131 yap\u0131lm\u0131\u015f. Hastalar\u0131n ve \u00e7al\u0131\u015fanlar\u0131n rahat\u0131 i\u00e7in d\u00fczenlenmi\u015f (foto\u011frafa izin olmad\u0131\u011f\u0131 i\u00e7in maalesef sizlere g\u00f6sterme imkan\u0131m olmad\u0131). Yard\u0131mc\u0131 personel aras\u0131nda \u00e7ok fazla T\u00fcrk var ve \u00e7al\u0131\u015fma \u015fartlar\u0131ndan memnunlar.<\/p>\n\n\n\n<p>Gelelim dil konusuna; ben A2 s\u0131nav\u0131na girmi\u015f ve ge\u00e7mi\u015f birisi olarak muayene esnas\u0131nda kullan\u0131lan basit kal\u0131plar\u0131 kullanabildim, ama kalan k\u0131s\u0131mlarda hep \u0130ngilizce devreye girdi. Hastalardan \u0130ngilizce bilmeyen neredeyse yoktu.<\/p>\n\n\n\n<p>Acilde olan birka\u00e7 yabanc\u0131 doktorla da g\u00f6r\u00fc\u015ft\u00fcm ve san\u0131r\u0131m Almanlar her konuda \u00e7ok daha yard\u0131mc\u0131 olma gayretindeler. B2 sertifikas\u0131 \u015fart hatta C1\u2019de isteyen yerler var ve mesleki Almanca s\u0131nav\u0131 (FSP) meselesi var bir de.<\/p>\n\n\n\n<p>Son olarak benim yapt\u0131\u011f\u0131m \u00e7\u0131kar\u0131m \u015fu y\u00f6nde oldu; biz ger\u00e7ekten kendi \u00fclkemizde muhte\u015fem bir e\u011fitim alarak t\u0131p e\u011fitimini tamaml\u0131yoruz ve gerek teorik gerekse pratik becerimiz yabanc\u0131 yurtd\u0131\u015f\u0131ndaki meslekta\u015flar\u0131m\u0131zla e\u015fde\u011fer (baz\u0131 alanlarda \u00fcstte), ama yine de bu \u015fekilde \u00e7al\u0131\u015fma hayali olanlar i\u00e7in do\u011fru bir planlama ile kolayca ba\u015far\u0131labilir bir konu.<\/p>\n\n\n\n<p>Bu noktada esas cevaplanmas\u0131 gereken \u015fu ki; BEN BUNU GER\u00c7EKTEN \u0130ST\u0130YOR MUYUM?<\/p>\n\n\n\n<p class=\"rounded-3 px-2 py-1 has-text-color has-background has-small-font-size\" style=\"color:#666666;background-color:#f5f5f5\"><em>Bu yaz\u0131 Acil T\u0131p B\u00fclteni&#8217;nin \u015eubat 2023 tarihli<\/em> <em><a href=\"https:\/\/tatd.org.tr\/aciltipbulteni\/2023\/04\/07\/2023-subat-sayimiz-cikti-iyi-okumalar\/\" data-type=\"post\" data-id=\"3087\" target=\"_blank\" rel=\"noreferrer noopener\">13. say\u0131s\u0131nda<\/a><\/em> <em>yay\u0131mlanm\u0131\u015ft\u0131r.<\/em><\/p>\n","protected":false},"excerpt":{"rendered":"<p>Herkes Almanca \u00e7al\u0131\u015f\u0131yor herkes gitmeyi planl\u0131yor. \u00dcniversitemizdeki \u00f6\u011frencilerin hepsi online Almanca kurslar\u0131na son derece hakim. Peki, \u015fartlar anlat\u0131ld\u0131\u011f\u0131 gibi mi yoksa asl\u0131nda&hellip;<\/p>\n","protected":false},"author":917,"featured_media":3400,"comment_status":"open","ping_status":"open","sticky":false,"template":"","format":"standard","meta":{"_acf_changed":false,"inline_featured_image":false,"_lmt_disableupdate":"","_lmt_disable":"","footnotes":""},"categories":[10,14,10015],"tags":[34,10363],"class_list":["post-3398","post","type-post","status-publish","format-standard","has-post-thumbnail","hentry","category-mercek","category-sizden-gelenler","category-sosyal-blog-yazisi","tag-acil-servis","tag-almanya"],"acf":[],"_links":{"self":[{"href":"https:\/\/tatd.org.tr\/aciltipbulteni\/wp-json\/wp\/v2\/posts\/3398","targetHints":{"allow":["GET"]}}],"collection":[{"href":"https:\/\/tatd.org.tr\/aciltipbulteni\/wp-json\/wp\/v2\/posts"}],"about":[{"href":"https:\/\/tatd.org.tr\/aciltipbulteni\/wp-json\/wp\/v2\/types\/post"}],"author":[{"embeddable":true,"href":"https:\/\/tatd.org.tr\/aciltipbulteni\/wp-json\/wp\/v2\/users\/917"}],"replies":[{"embeddable":true,"href":"https:\/\/tatd.org.tr\/aciltipbulteni\/wp-json\/wp\/v2\/comments?post=3398"}],"version-history":[{"count":0,"href":"https:\/\/tatd.org.tr\/aciltipbulteni\/wp-json\/wp\/v2\/posts\/3398\/revisions"}],"wp:featuredmedia":[{"embeddable":true,"href":"https:\/\/tatd.org.tr\/aciltipbulteni\/wp-json\/wp\/v2\/media\/3400"}],"wp:attachment":[{"href":"https:\/\/tatd.org.tr\/aciltipbulteni\/wp-json\/wp\/v2\/media?parent=3398"}],"wp:term":[{"taxonomy":"category","embeddable":true,"href":"https:\/\/tatd.org.tr\/aciltipbulteni\/wp-json\/wp\/v2\/categories?post=3398"},{"taxonomy":"post_tag","embeddable":true,"href":"https:\/\/tatd.org.tr\/aciltipbulteni\/wp-json\/wp\/v2\/tags?post=3398"}],"curies":[{"name":"wp","href":"https:\/\/api.w.org\/{rel}","templated":true}]}}