{"id":3342,"date":"2023-05-12T09:00:00","date_gmt":"2023-05-12T06:00:00","guid":{"rendered":"https:\/\/tatd.org.tr\/aciltipbulteni\/?p=3342"},"modified":"2023-05-07T18:28:33","modified_gmt":"2023-05-07T15:28:33","slug":"her-kamp-insanin-kendini-yeniden-kesfidir","status":"publish","type":"post","link":"https:\/\/tatd.org.tr\/aciltipbulteni\/2023\/05\/12\/her-kamp-insanin-kendini-yeniden-kesfidir\/","title":{"rendered":"Her Kamp \u0130nsan\u0131n Kendini Yeniden Ke\u015ffidir"},"content":{"rendered":"<div class=\"wp-block-image is-style-default\">\n<figure class=\"alignright size-large is-resized\"><img fetchpriority=\"high\" decoding=\"async\" src=\"https:\/\/tatd.org.tr\/aciltipbulteni\/wp-content\/uploads\/sites\/3\/2023\/05\/840904d4b72bdc11e47f8565f58540ec-683x1024.jpg\" alt=\"\" class=\"wp-image-3346\" width=\"301\" height=\"450\" srcset=\"https:\/\/tatd.org.tr\/aciltipbulteni\/wp-content\/uploads\/sites\/3\/2023\/05\/840904d4b72bdc11e47f8565f58540ec-683x1024.jpg 683w, https:\/\/tatd.org.tr\/aciltipbulteni\/wp-content\/uploads\/sites\/3\/2023\/05\/840904d4b72bdc11e47f8565f58540ec-200x300.jpg 200w, https:\/\/tatd.org.tr\/aciltipbulteni\/wp-content\/uploads\/sites\/3\/2023\/05\/840904d4b72bdc11e47f8565f58540ec-768x1151.jpg 768w, https:\/\/tatd.org.tr\/aciltipbulteni\/wp-content\/uploads\/sites\/3\/2023\/05\/840904d4b72bdc11e47f8565f58540ec.jpg 822w\" sizes=\"(max-width: 301px) 100vw, 301px\" \/><\/figure>\n<\/div>\n\n\n<p class=\"col-8 rounded-pill px-5 py-4 has-electric-grass-gradient-background has-background has-medium-font-size\"><strong><em>\u0130nsan merak etmedi\u011fi g\u00fcne ba\u015flamak istemez. Yeni ke\u015fifler yapaca\u011f\u0131 bir g\u00fcne ise merakla uyan\u0131r. <\/em><\/strong><strong><em>&nbsp;<\/em><\/strong><\/p>\n\n\n\n<p>Acil t\u0131p\u00e7\u0131 olmak; d\u00fczensiz ya\u015famak, ak\u015fam sa\u011fl\u0131ks\u0131z beslenmek, g\u00fcne\u015f do\u011farken uyuyup, g\u00fcne\u015f batt\u0131\u011f\u0131nda uyanmak olmamal\u0131yd\u0131.&nbsp;<\/p>\n\n\n\n<p>Do\u011fa da her g\u00fcn g\u00fcne\u015f do\u011fudan do\u011fup, bat\u0131dan batsa da hi\u00e7bir g\u00fcn ayn\u0131 de\u011fildir asl\u0131nda. Bu y\u00fczden bir do\u011fa severin toprakla bulu\u015fmak i\u00e7in yapmayaca\u011f\u0131 fedak\u00e2rl\u0131k yok san\u0131r\u0131m diyerek ba\u015flamak istiyorum s\u00f6zlerime. Sabah n\u00f6bete gitmek haricinde beni yata\u011f\u0131mdan erken kald\u0131rabilecek tek aktivitenin, do\u011faya \u00e7ad\u0131r\u0131m\u0131 kurmak i\u00e7in yola \u00e7\u0131kmak oldu\u011funu y\u0131llar \u00f6nce fark etti\u011fimden beri, her f\u0131rsatta topra\u011fa ko\u015fuyorum.&nbsp;&nbsp;<\/p>\n\n\n\n<p>Yine b\u00f6yle bir sabaha uyand\u0131m bir cuma g\u00fcn\u00fc saat 5\u2019te. Bir g\u00fcn \u00f6nceden haz\u0131rlad\u0131\u011f\u0131m \u00e7ad\u0131r\u0131m, k\u0131yafetlerim, \u015farj etti\u011fim fenerim, mat\u0131m, uyku tulumum, yiyeceklerim ve sandalyemle birlikte yola \u00e7\u0131kt\u0131m. Daha \u00f6nce onlarca kamp deneyimim olmas\u0131na ra\u011fmen ekim sonunda ilk defa gece yayla da kalacakt\u0131m. Biraz uykusuz, biraz yorgun, 20 ki\u015filik kamp ekibini g\u00f6t\u00fcrecek araca bindim. Yol boyu biraz uyudum, biraz m\u00fczik dinledim. Al\u0131\u015fveri\u015f i\u00e7in durdu\u011fumuzda herkes birbirine bak\u0131yordu, acaba ne alsak diye? Bozulma ihtimali y\u00fcksek olanlar\u0131 bu gece yeriz, di\u011ferlerini sonraya saklar\u0131z diye d\u00fc\u015f\u00fcnerek al\u0131\u015fveri\u015fimizi tamamlad\u0131k. \u0130lk dura\u011f\u0131m\u0131z efsanelere konu olmu\u015f Efteni G\u00f6l\u00fc\u2019yd\u00fc. Bizans Prensesi Eftalya\u2019n\u0131n ellerinde ve y\u00fcz\u00fcnde \u00e7\u0131kan yaralara \u015fifa oldu\u011fu s\u00f6ylenen g\u00f6l, daha sonra Eftalya\u2019n\u0131n sevgilisiyle g\u00f6r\u00fc\u015fmek i\u00e7in bindi\u011fi kay\u0131\u011f\u0131n batmas\u0131yla prensesin \u00f6l\u00fcm\u00fcne neden olmu\u015ftur. K\u0131sacas\u0131 <strong><em>\u2018\u00d6nce \u015fifa, sonra mezar olan\u2019<\/em><\/strong> bu g\u00f6l\u00fcn e\u015fsiz havas\u0131n\u0131 i\u00e7imize \u00e7ekip; oradan G\u00fczeldere \u015eelalesine do\u011fru yola \u00e7\u0131kt\u0131k. Gelin duva\u011f\u0131 gibi narin s\u00fcz\u00fclen \u015felaleye ula\u015fmak i\u00e7in 320 basamakl\u0131 zahmetli bir yoldan ge\u00e7ip manzaran\u0131n g\u00fczelli\u011fine ortak olduk. Ak\u015fam olmadan bir an \u00f6nce yaylam\u0131za ula\u015fmal\u0131yd\u0131k, kamp\u00e7\u0131lar bilir. En uygun kamp yerini bulmak i\u00e7in g\u00fcne\u015fi bat\u0131rmamak gerekir.&nbsp;<\/p>\n\n\n\n<figure class=\"wp-block-gallery has-nested-images columns-default is-cropped wp-block-gallery-1 is-layout-flex wp-block-gallery-is-layout-flex\">\n<figure class=\"wp-block-image size-large\"><img decoding=\"async\" width=\"822\" height=\"550\" data-id=\"3354\" src=\"https:\/\/tatd.org.tr\/aciltipbulteni\/wp-content\/uploads\/sites\/3\/2023\/05\/1cc54aa54f21cb2d5a2baece8ad17132.jpg\" alt=\"\" class=\"wp-image-3354\" srcset=\"https:\/\/tatd.org.tr\/aciltipbulteni\/wp-content\/uploads\/sites\/3\/2023\/05\/1cc54aa54f21cb2d5a2baece8ad17132.jpg 822w, https:\/\/tatd.org.tr\/aciltipbulteni\/wp-content\/uploads\/sites\/3\/2023\/05\/1cc54aa54f21cb2d5a2baece8ad17132-300x201.jpg 300w, https:\/\/tatd.org.tr\/aciltipbulteni\/wp-content\/uploads\/sites\/3\/2023\/05\/1cc54aa54f21cb2d5a2baece8ad17132-768x514.jpg 768w\" sizes=\"(max-width: 822px) 100vw, 822px\" \/><\/figure>\n\n\n\n<figure class=\"wp-block-image size-large\"><img decoding=\"async\" width=\"820\" height=\"614\" data-id=\"3355\" src=\"https:\/\/tatd.org.tr\/aciltipbulteni\/wp-content\/uploads\/sites\/3\/2023\/05\/a48462aa18b745eb7d3bd28ff6e04e2e.jpg\" alt=\"\" class=\"wp-image-3355\" srcset=\"https:\/\/tatd.org.tr\/aciltipbulteni\/wp-content\/uploads\/sites\/3\/2023\/05\/a48462aa18b745eb7d3bd28ff6e04e2e.jpg 820w, https:\/\/tatd.org.tr\/aciltipbulteni\/wp-content\/uploads\/sites\/3\/2023\/05\/a48462aa18b745eb7d3bd28ff6e04e2e-300x225.jpg 300w, https:\/\/tatd.org.tr\/aciltipbulteni\/wp-content\/uploads\/sites\/3\/2023\/05\/a48462aa18b745eb7d3bd28ff6e04e2e-768x575.jpg 768w\" sizes=\"(max-width: 820px) 100vw, 820px\" \/><\/figure>\n<\/figure>\n\n\n\n<p>P\u00fcrenli Yaylas\u0131na vard\u0131\u011f\u0131m\u0131zda ufak bir s\u00fcrpriz bizi bekliyordu. O da ba\u011f\u0131ml\u0131s\u0131 oldu\u011fumuz telefon eri\u015fiminin olmamas\u0131yd\u0131. Bu ilerleyen saatlerde avantaj m\u0131 oldu, dezavantaj m\u0131 g\u00f6recektik.&nbsp;<\/p>\n\n\n\n<p>\u00c7ad\u0131rlar\u0131m\u0131z\u0131 birbirine yak\u0131n kurmaya karar verdik ve birbirimize yard\u0131m ederek, g\u00fczel obam\u0131z\u0131 belirledik. Ekip yava\u015f yava\u015f a\u00e7\u0131lmaya ba\u015flam\u0131\u015ft\u0131. H\u0131zl\u0131ca yan\u0131m\u0131zda getirdi\u011fimiz haz\u0131r yiyeceklerimizi at\u0131\u015ft\u0131rd\u0131k. Hen\u00fcz ate\u015f yakmaya f\u0131rsat\u0131m\u0131z olmam\u0131\u015ft\u0131. Sucuklar\u0131m\u0131z, etlerimiz ak\u015fam yemek i\u00e7in bizi bekliyordu.&nbsp;<\/p>\n\n\n<div class=\"wp-block-image is-style-rounded\">\n<figure class=\"alignleft size-full is-resized\"><img loading=\"lazy\" decoding=\"async\" src=\"https:\/\/tatd.org.tr\/aciltipbulteni\/wp-content\/uploads\/sites\/3\/2023\/05\/08cd14a2e9c453e282e68d0f0d33bc73.jpg\" alt=\"\" class=\"wp-image-3351\" width=\"410\" height=\"308\" srcset=\"https:\/\/tatd.org.tr\/aciltipbulteni\/wp-content\/uploads\/sites\/3\/2023\/05\/08cd14a2e9c453e282e68d0f0d33bc73.jpg 820w, https:\/\/tatd.org.tr\/aciltipbulteni\/wp-content\/uploads\/sites\/3\/2023\/05\/08cd14a2e9c453e282e68d0f0d33bc73-300x225.jpg 300w, https:\/\/tatd.org.tr\/aciltipbulteni\/wp-content\/uploads\/sites\/3\/2023\/05\/08cd14a2e9c453e282e68d0f0d33bc73-768x577.jpg 768w\" sizes=\"(max-width: 410px) 100vw, 410px\" \/><\/figure>\n<\/div>\n\n\n<p>Hava biraz serin fakat g\u00fczeldi. D\u00fczce hen\u00fcz so\u011fumam\u0131\u015ft\u0131. Fakat P\u00fcrenli Yaylas\u0131\u2019n\u0131n gece so\u011fu\u011fundan bir\u00e7o\u011fumuz habersizdik. Etraf\u0131 ke\u015ffetmeye \u00e7\u0131kt\u0131k. Arkas\u0131 ormanl\u0131k olan, d\u00fcmd\u00fcz ve yemye\u015fil bir arazide, gece yiyece\u011fimiz etlerin, edece\u011fimiz sohbetlerin ve birlikte dinleyece\u011fimiz m\u00fcziklerin plan\u0131n\u0131 yap\u0131yorduk. Sabah \u00fczerimize ya\u011facak \u00e7i\u011fden habersizdik.&nbsp;<\/p>\n\n\n\n<p>\u00d6nce odun toplad\u0131k, b\u00fcy\u00fck bir ate\u015f yakmak i\u00e7in t\u00fcm haz\u0131rl\u0131klar\u0131 yapt\u0131k. Ate\u015f etraf\u0131nda edilen sohbetlerin tad\u0131n\u0131, ba\u015fka yerde alamam. <strong><em>\u015eehrin \u0131\u015f\u0131klar\u0131ndan unuttu\u011fumuz g\u00f6ky\u00fcz\u00fc hemen \u00fcst\u00fcm\u00fczdeydi.<\/em><\/strong><strong><em> <\/em><\/strong>Keyfimize diyecek yoktu. Fakat ayaz yava\u015f yava\u015f \u00e7\u00f6kmeye ba\u015flam\u0131\u015ft\u0131. Daha \u00f6nce hi\u00e7bir kampta \u00fc\u015f\u00fcmemi\u015f olan ben, bu gecenin zor ge\u00e7ece\u011fini anlam\u0131\u015ft\u0131m. So\u011fu\u011fu tahmin edememi\u015ftik. Uyku tulumlar\u0131m\u0131z P\u00fcrenli\u2019nin -7 derecesine kesinlikle uygun de\u011fildi.&nbsp;<\/p>\n\n\n\n<p>Daha birka\u00e7 saat \u00f6nce tan\u0131\u015ft\u0131\u011f\u0131m Meltem ve Halime\u2019yle birlikte benim \u00e7ad\u0131rda yatmaya karar verdik. E\u015fyalar\u0131m\u0131 onlar\u0131n \u00e7ad\u0131r\u0131na koydum, 3 <strong><em>k\u0131\u015f acemisi<\/em><\/strong>, ayn\u0131 \u00e7ad\u0131rda kald\u0131k, fakat bu \u0131s\u0131nmam\u0131za yetmedi.&nbsp;<\/p>\n\n\n\n<p>Sabah g\u00fcn \u0131\u015f\u0131\u011f\u0131 \u00e7ad\u0131ra vurmaya ba\u015flad\u0131\u011f\u0131nda yeni uyuyabilmi\u015ftik ve bu sebeple g\u00fcn i\u00e7inde yap\u0131lacak mini y\u00fcr\u00fcy\u00fc\u015fe kat\u0131lamad\u0131k. Sabah s\u0131ms\u0131cak bir g\u00fcne uyand\u0131k. Do\u011fa insan\u0131 ac\u0131kt\u0131r\u0131r. Hemen kahvalt\u0131 yapt\u0131k ve y\u00fcr\u00fcy\u00fc\u015f ekibinden geriye kalanlar olarak kendimiz etraf\u0131 gezmeye karar verdik.&nbsp;<\/p>\n\n\n\n<p>Aram\u0131za profesyonel foto\u011fraf\u00e7\u0131l\u0131k yapan Ersin\u2019de kat\u0131ld\u0131. Hem foto\u011fraf \u00e7ektik hem internet \u00e7eken yerleri ke\u015ffettik, hem de P\u00fcrenli\u2019nin g\u00fczel do\u011fas\u0131 e\u015fli\u011finde y\u00fcr\u00fcy\u00fc\u015f yapm\u0131\u015f olduk.&nbsp;<\/p>\n\n\n\n<p>Obam\u0131zda telefonun \u00e7ekmemesi ekibin birbiriyle sohbetinin derinle\u015fmesine sebep oldu. Dezavantaj olarak g\u00f6rd\u00fc\u011f\u00fcm\u00fcz bu olay asl\u0131nda unutulmaz arkada\u015fl\u0131klar edinmemize neden olmu\u015ftu.&nbsp;<\/p>\n\n\n\n<p>Gece oldu\u011funda \u00e7akal ve domuz seslerini duysak da, ilk defa kampa kat\u0131lan arkada\u015flar\u0131m\u0131z\u0131 korkutmamak ad\u0131na bu bilgiyi payla\u015fmay\u0131 d\u00f6n\u00fc\u015f yoluna saklad\u0131k.\u00a0<\/p>\n\n\n\n<p class=\"rounded-pill px-3 py-4 has-electric-grass-gradient-background has-background\"><strong><em>Do\u011faseverlerin birbirleriyle ileti\u015fimleri do\u011fal, stresten uzak, g\u00fcnl\u00fck ya\u015fam\u0131n tela\u015f\u0131ndan s\u00fcz\u00fclm\u00fc\u015f oluyor. \u00c7\u00fcnk\u00fc her kamp insan\u0131n kendini yeniden ke\u015ffidir.<\/em><\/strong><\/p>\n\n\n\n<p class=\"rounded-3 px-2 py-1 has-text-color has-background has-small-font-size\" style=\"color:#666666;background-color:#f5f5f5\"><em>Bu yaz\u0131 Acil T\u0131p B\u00fclteni&#8217;nin \u015eubat 2023 tarihli<\/em> <em><a href=\"https:\/\/tatd.org.tr\/aciltipbulteni\/2023\/04\/07\/2023-subat-sayimiz-cikti-iyi-okumalar\/\" data-type=\"post\" data-id=\"3087\" target=\"_blank\" rel=\"noreferrer noopener\">13. say\u0131s\u0131nda<\/a><\/em> <em>yay\u0131mlanm\u0131\u015ft\u0131r.<\/em><\/p>\n","protected":false},"excerpt":{"rendered":"<p>\u0130nsan merak etmedi\u011fi g\u00fcne ba\u015flamak istemez. Yeni ke\u015fifler yapaca\u011f\u0131 bir g\u00fcne ise merakla uyan\u0131r. &nbsp; Acil t\u0131p\u00e7\u0131 olmak; d\u00fczensiz ya\u015famak, ak\u015fam sa\u011fl\u0131ks\u0131z&hellip;<\/p>\n","protected":false},"author":97,"featured_media":3357,"comment_status":"open","ping_status":"open","sticky":false,"template":"","format":"standard","meta":{"_acf_changed":false,"inline_featured_image":false,"_lmt_disableupdate":"","_lmt_disable":"","footnotes":""},"categories":[13,10015],"tags":[10355,10356],"class_list":["post-3342","post","type-post","status-publish","format-standard","has-post-thumbnail","hentry","category-seyahat","category-sosyal-blog-yazisi","tag-kamp","tag-purenli"],"acf":[],"_links":{"self":[{"href":"https:\/\/tatd.org.tr\/aciltipbulteni\/wp-json\/wp\/v2\/posts\/3342","targetHints":{"allow":["GET"]}}],"collection":[{"href":"https:\/\/tatd.org.tr\/aciltipbulteni\/wp-json\/wp\/v2\/posts"}],"about":[{"href":"https:\/\/tatd.org.tr\/aciltipbulteni\/wp-json\/wp\/v2\/types\/post"}],"author":[{"embeddable":true,"href":"https:\/\/tatd.org.tr\/aciltipbulteni\/wp-json\/wp\/v2\/users\/97"}],"replies":[{"embeddable":true,"href":"https:\/\/tatd.org.tr\/aciltipbulteni\/wp-json\/wp\/v2\/comments?post=3342"}],"version-history":[{"count":0,"href":"https:\/\/tatd.org.tr\/aciltipbulteni\/wp-json\/wp\/v2\/posts\/3342\/revisions"}],"wp:featuredmedia":[{"embeddable":true,"href":"https:\/\/tatd.org.tr\/aciltipbulteni\/wp-json\/wp\/v2\/media\/3357"}],"wp:attachment":[{"href":"https:\/\/tatd.org.tr\/aciltipbulteni\/wp-json\/wp\/v2\/media?parent=3342"}],"wp:term":[{"taxonomy":"category","embeddable":true,"href":"https:\/\/tatd.org.tr\/aciltipbulteni\/wp-json\/wp\/v2\/categories?post=3342"},{"taxonomy":"post_tag","embeddable":true,"href":"https:\/\/tatd.org.tr\/aciltipbulteni\/wp-json\/wp\/v2\/tags?post=3342"}],"curies":[{"name":"wp","href":"https:\/\/api.w.org\/{rel}","templated":true}]}}