{"id":3017,"date":"2022-07-15T09:00:00","date_gmt":"2022-07-15T06:00:00","guid":{"rendered":"https:\/\/tatd.org.tr\/aciltipbulteni\/?p=3017"},"modified":"2022-07-12T22:39:11","modified_gmt":"2022-07-12T19:39:11","slug":"hikayem","status":"publish","type":"post","link":"https:\/\/tatd.org.tr\/aciltipbulteni\/2022\/07\/15\/hikayem\/","title":{"rendered":"Hikayem"},"content":{"rendered":"\n<p>M\u00fczik ile tan\u0131\u015fmama asl\u0131nda eve gelen ilk internet ile babam\u0131n youtube \u00fczerinden a\u00e7t\u0131\u011f\u0131 ACDC alb\u00fcm\u00fc ile ba\u015flad\u0131. O g\u00fcnle ba\u015flayan rock m\u00fczik a\u015fk\u0131m giderek devam etti. Gitar sololar\u0131ndan o kadar etkileniyordum ki daha o ya\u015flardan sadece gitar solosu olan m\u00fczikler dinlerdim. Gitarla tan\u0131\u015fmam yine asl\u0131nda ilkokula dayan\u0131yor. M\u00fczik ser\u00fcvenime ilkokulda klasik gitarla ba\u015flad\u0131m. O d\u00f6nemler klasik gitar \u00e7almak \u00e7ok pop\u00fclerdi. Herkesin evinde bir klasik gitar vard\u0131. Ancak daha 6-7 ya\u015flar\u0131nda rock m\u00fczik tutukunu biri i\u00e7in klasik gitar tatmin edici olmam\u0131\u015ft\u0131. \u00c7o\u011fu gitar \u00e7alan gen\u00e7 gibi birka\u00e7 akor basmaktan ibaretti benim i\u00e7in.<\/p>\n\n\n\n<p class=\"rounded-3 px-3 py-2 has-background\" style=\"background-color:#bcaaa4\"><strong><em>\u201cHayat\u0131m\u0131n amac\u0131n\u0131 bulmu\u015ftum\u201d<\/em><\/strong><strong><em><\/em><\/strong><\/p>\n\n\n<div class=\"wp-block-image\">\n<figure class=\"alignright size-large is-resized\"><img fetchpriority=\"high\" decoding=\"async\" src=\"https:\/\/tatd.org.tr\/aciltipbulteni\/wp-content\/uploads\/sites\/3\/2022\/07\/ac122ebccbf781999c10fad5ab4353f7-576x1024.jpeg\" alt=\"\" class=\"wp-image-3018\" width=\"288\" height=\"512\" srcset=\"https:\/\/tatd.org.tr\/aciltipbulteni\/wp-content\/uploads\/sites\/3\/2022\/07\/ac122ebccbf781999c10fad5ab4353f7-576x1024.jpeg 576w, https:\/\/tatd.org.tr\/aciltipbulteni\/wp-content\/uploads\/sites\/3\/2022\/07\/ac122ebccbf781999c10fad5ab4353f7-169x300.jpeg 169w, https:\/\/tatd.org.tr\/aciltipbulteni\/wp-content\/uploads\/sites\/3\/2022\/07\/ac122ebccbf781999c10fad5ab4353f7-354x630.jpeg 354w, https:\/\/tatd.org.tr\/aciltipbulteni\/wp-content\/uploads\/sites\/3\/2022\/07\/ac122ebccbf781999c10fad5ab4353f7.jpeg 750w\" sizes=\"(max-width: 288px) 100vw, 288px\" \/><\/figure>\n<\/div>\n\n\n<p>Daha sonradan bir arkada\u015f\u0131m\u0131n elektro gitar ald\u0131\u011f\u0131n\u0131 duydum ve evlerine gidip ben de denedim. Arkada\u015f\u0131m <strong><em>Nothing Else Matters&#8217;\u0131n<\/em><\/strong> solosuna \u00e7al\u0131\u015fm\u0131\u015f m\u00fczik e\u015fli\u011finde \u00e7alm\u0131\u015ft\u0131. O g\u00fcnden sonra sanki hayat amac\u0131m\u0131 bulmu\u015f gibiydim. S\u00fcrekli gidip elektro gitar \u00e7almak istiyordum. \u0130lk tutu\u015fta a\u015fk olsa ad\u0131 ki tak\u0131nt\u0131l\u0131 gibi ailemden her g\u00fcn ba\u015flar\u0131n\u0131n etini yiyerek elektro gitar istiyordum.<\/p>\n\n\n\n<p>Sa\u011folsunlar beni k\u0131rmad\u0131lar. Babamla bir g\u00fcn \u0130zmir \u00c7ankaya&#8217;daki bir m\u00fczik markete gittik. O kadar y\u0131l ge\u00e7mesine ra\u011fmen o g\u00fcnk\u00fc heyecan\u0131m\u0131 asla unutam\u0131yorum. Herhalde hayat\u0131m\u0131n en heyecanl\u0131 ve mutlu g\u00fcn\u00fcyd\u00fc desem abart\u0131 olmaz.<\/p>\n\n\n\n<p>M\u00fczik markette her yer tavandan as\u0131l\u0131 parlak elektro gitarlar hepsi o kadar g\u00fczel g\u00f6z\u00fck\u00fcyordu ki. Daha adam ak\u0131ll\u0131 \u00e7almay\u0131 dahi bilmiyordum. D\u00fcz akor basarak se\u00e7mek istemedi\u011fimden g\u00f6revli abiye &#8221;abi sen \u00e7al bir \u015feyler ben sesisi dinleyim&#8221; diye tek tek adama gitarlar\u0131 \u00e7ald\u0131rd\u0131\u011f\u0131m\u0131 hat\u0131rl\u0131yorum. Uzun u\u011fra\u015flar sonunda do\u011fru bir gitar \u00f6nerisiyle, ilk a\u015fk\u0131m olan <strong><em>Epiphone Les Paul<\/em><\/strong> ile evimize d\u00f6nd\u00fck.<\/p>\n\n\n\n<p class=\"rounded-3 px-3 py-2 has-background\" style=\"background-color:#bcaaa4\"><strong><em>\u201cBilgisayar\u0131m\u0131n bozulmu\u015f olmas\u0131 dahi pratik yapmam\u0131 engelleyemedi\u201d<\/em><\/strong><strong><em><\/em><\/strong><\/p>\n\n\n\n<p>O g\u00fcnden sonra hayat\u0131m o kadar de\u011fi\u015fti ki. S\u00fcrekli internetten gitar videolar\u0131 izler oldum. Tek ya\u015fama amac\u0131m oydu sanki. O kadar ki bir d\u00f6nem bilgisayar\u0131m bozuldu. O zaman bile internet kafeye gidip; makam-gam armoni dersleri izleyip eve geri gelip gitar \u00fczerinde pratik yap\u0131yordum. Notlar tutuyordum. Daha sonra her zaman m\u00fcte\u015fekkir kalaca\u011f\u0131m Cumhur abi ile tan\u0131\u015ft\u0131m. Yakla\u015f\u0131k 3 ay boyunca bana gitar dersi verdi. Asl\u0131nda gitardan \u00e7ok armoni (m\u00fczik teorisi) dersi ald\u0131m demek daha do\u011fru olacakt\u0131r. Geli\u015fme s\u00fcrecim haliyle h\u0131zland\u0131 sayesinde.<\/p>\n\n\n\n<p>Halen en yak\u0131n arkada\u015flar\u0131m olan lise arkada\u015flar\u0131m ile okulda \u00f6\u011fle aras\u0131 eve gelip gitar \u00e7alard\u0131k. M\u00fczik \u00f6\u011fretmenimiz sa\u011folsun bizimle ilgilendi, okulda konserler verdik. Liseyi gitara az \u00e7ok hakim metalci bir gen\u00e7 olarak bitirdim.<\/p>\n\n\n\n<figure class=\"wp-block-image size-large\"><img decoding=\"async\" width=\"1024\" height=\"576\" src=\"https:\/\/tatd.org.tr\/aciltipbulteni\/wp-content\/uploads\/sites\/3\/2022\/07\/db4d1f7dc979b151dcd0e1588a9c0bb1-1024x576.jpeg\" alt=\"\" class=\"wp-image-3019\" srcset=\"https:\/\/tatd.org.tr\/aciltipbulteni\/wp-content\/uploads\/sites\/3\/2022\/07\/db4d1f7dc979b151dcd0e1588a9c0bb1-1024x576.jpeg 1024w, https:\/\/tatd.org.tr\/aciltipbulteni\/wp-content\/uploads\/sites\/3\/2022\/07\/db4d1f7dc979b151dcd0e1588a9c0bb1-300x169.jpeg 300w, https:\/\/tatd.org.tr\/aciltipbulteni\/wp-content\/uploads\/sites\/3\/2022\/07\/db4d1f7dc979b151dcd0e1588a9c0bb1-768x432.jpeg 768w, https:\/\/tatd.org.tr\/aciltipbulteni\/wp-content\/uploads\/sites\/3\/2022\/07\/db4d1f7dc979b151dcd0e1588a9c0bb1-1120x630.jpeg 1120w, https:\/\/tatd.org.tr\/aciltipbulteni\/wp-content\/uploads\/sites\/3\/2022\/07\/db4d1f7dc979b151dcd0e1588a9c0bb1.jpeg 1280w\" sizes=\"(max-width: 1024px) 100vw, 1024px\" \/><\/figure>\n\n\n\n<p>Daha sonralar\u0131 kendim gitar sololar\u0131 yazmaya ve bunlar\u0131 kaydetmeye ba\u015flad\u0131m. Bir ses kart\u0131 ald\u0131m kay\u0131t programlar\u0131 ile tan\u0131\u015ft\u0131m. Apayr\u0131 bir d\u00fcnyaya girmi\u015f oldum. \u0130stedi\u011fim her \u015feyi dijital ortamda kaydedebilirdim art\u0131k. B\u00f6yle olunca baz\u0131 g\u00fcnlerim oluyordu ki gitar, yemek ve uyku 3\u2019l\u00fcs\u00fc ile hayat\u0131m\u0131 s\u00fcrd\u00fcr\u00fcyordum. Parmak u\u00e7lar\u0131m s\u00fcrekli nas\u0131rl\u0131 gezdim y\u0131llar boyu. Daha \u00e7ok enstrumental besteler yapmaya ba\u015flad\u0131m. Bu nedenle armoni-teorik bir yana, gitar tekniklerimi de maksimuma \u00e7\u0131karmal\u0131yd\u0131m. Saatlerce John Petrucci &#8211; Rock Discipline \u00e7al\u0131\u015ft\u0131\u011f\u0131m zamanlar\u0131 hat\u0131rl\u0131yorum.<\/p>\n\n\n\n<p class=\"rounded-3 px-3 py-2 has-background\" style=\"background-color:#bcaaa4\"><strong><em>\u201cDersler, m\u00fczik ve sosyallik bir arada s\u00fcrd\u00fcr\u00fclmesi yorucu olsa da verdi\u011fi mutluluk hissi paha bi\u00e7ilmezdi\u201d<\/em><\/strong><strong><em><\/em><\/strong><\/p>\n\n\n\n<p>Tabi ki bir yandan da T\u0131p Fak\u00fcltesi \u00f6\u011frencisiydim. Hem sosyalli\u011fi hem m\u00fczi\u011fi hem de dersleri y\u00f6netmek zor olsa da hepsini ayr\u0131 ayr\u0131 sevdi\u011fim i\u00e7in o geceleyin uyumay\u0131p gitar \u00e7al\u0131\u015f\u0131p sabah gitti\u011fim hastane bana tatl\u0131 bir yorgunluk ama \u00f6fori durumu veriyordu. T\u0131pk\u0131 Acilde yorucu ge\u00e7en bir n\u00f6betin sonras\u0131 gibi.<\/p>\n\n\n<div class=\"wp-block-image\">\n<figure class=\"alignright size-full is-resized\"><img decoding=\"async\" src=\"https:\/\/tatd.org.tr\/aciltipbulteni\/wp-content\/uploads\/sites\/3\/2022\/07\/fab991e5955bf0481f4b72436e943de1.jpeg\" alt=\"\" class=\"wp-image-3020\" width=\"276\" height=\"276\" srcset=\"https:\/\/tatd.org.tr\/aciltipbulteni\/wp-content\/uploads\/sites\/3\/2022\/07\/fab991e5955bf0481f4b72436e943de1.jpeg 552w, https:\/\/tatd.org.tr\/aciltipbulteni\/wp-content\/uploads\/sites\/3\/2022\/07\/fab991e5955bf0481f4b72436e943de1-300x300.jpeg 300w, https:\/\/tatd.org.tr\/aciltipbulteni\/wp-content\/uploads\/sites\/3\/2022\/07\/fab991e5955bf0481f4b72436e943de1-150x150.jpeg 150w\" sizes=\"(max-width: 276px) 100vw, 276px\" \/><\/figure>\n<\/div>\n\n\n<p>T\u0131bb\u0131 seviyordum ancak her g\u00fcn i\u015fe git. Odada dur, servis i\u015fleri her g\u00fcn al\u0131nan kanlar, poliklinikler vs bana s\u0131k\u0131c\u0131 geliyordu. Hi\u00e7 unutmuyorum daha acil t\u0131bb\u0131 bilmiyorken 4. s\u0131n\u0131fta stajlara ba\u015flad\u0131\u011f\u0131m\u0131zda kliniklerin hep akut durumlar\u0131n\u0131 \u00e7ok iyi ezberlerdim. O m\u00fcdahale hissi hep ho\u015fuma giderdi. G\u00fc\u00e7l\u00fc hissettirirdi. Diabetik ketoasidoz ezberim daha 4. s\u0131n\u0131f\u0131n ilk g\u00fcn\u00fcnden beri zihnimde.<\/p>\n\n\n\n<p>Daha sonra ufuktan bir \u0131\u015f\u0131k g\u00f6z\u00fckt\u00fc ve Acil T\u0131p ile tan\u0131\u015ft\u0131m. \u0130kinci tutkum acil t\u0131p oldu. Art\u0131k uzmanl\u0131k i\u00e7in bir hedefim vard\u0131. Kaos ve adrenalin s\u0131radan poliklinikler gibi dura\u011fan olmayan bir servis: Acil servis. K\u0131sacas\u0131 acil t\u0131p anabilim dal\u0131n\u0131 ke\u015ffetti\u011fim g\u00fcn hedefimi koymu\u015f oldum.<\/p>\n\n\n\n<p>\u00dcniversite d\u00f6rd\u00fcnc\u00fc s\u0131n\u0131fta m\u00fczik gruplar\u0131 kurduk, bir s\u00fcr\u00fc farkl\u0131 m\u00fczisyen ile tan\u0131\u015ft\u0131m ve sahne tecr\u00fcbesi edindim. Bir yandan da bar m\u00fczisyenli\u011fi yapmaya ba\u015flad\u0131m. \u0130lk ba\u015flarda ne kadar e\u011flenceli gelse de kendi istedi\u011fin m\u00fczi\u011fi yapamamakla ilgili s\u0131k\u0131nt\u0131lar ya\u015famaya ba\u015flad\u0131m. Sonunda samimi oldu\u011fum 2 arkada\u015f\u0131m ile <strong><em>&#8221;Get Rekt&#8221;<\/em><\/strong> isimli grubu kurduk.<\/p>\n\n\n\n<p class=\"rounded-3 px-3 py-2 has-background\" style=\"background-color:#bcaaa4\"><strong><em>\u201cYapaca\u011f\u0131m\u0131z ve f\u0131rsat olsa halen yapmay\u0131 <\/em><\/strong><strong><em>\u00e7<\/em><\/strong><strong><em>ok isteyece\u011fim <\/em><\/strong><strong><em>\u00e7<\/em><\/strong><strong><em>ok i\u015f vard\u0131\u201d<\/em><\/strong><strong><em><\/em><\/strong><\/p>\n\n\n\n<p>Farkl\u0131 \u015feyler denemeye \u00e7al\u0131\u015ft\u0131k g\u00fczel s\u00f6zler yazd\u0131k kendimizce amat\u00f6rd\u00fck ancak herkes enstr\u00fcman\u0131nda ba\u015far\u0131l\u0131yd\u0131. Hala dijital platformlarda birka\u00e7 bestemiz mevcut. Daha yapaca\u011f\u0131m\u0131z ve f\u0131rsat olsa halen yapmay\u0131 \u00e7ok isteyece\u011fim \u00e7ok i\u015f vard\u0131. Ama hayat i\u015fte, bir s\u00fcr\u00fc beste havada kald\u0131 zamana kar\u0131\u015ft\u0131. Derleyip toparlayamad\u0131k. Malum doktor olunca ba\u015fka insanlar\u0131n yapt\u0131\u011f\u0131 planlara uymak her zaman m\u00fcmk\u00fcn olam\u0131yor. Kimse anlayam\u0131yor bile \u00e7al\u0131\u015fma saatlerimizi ne zaman evdeyiz, ne zaman hastanedeyiz belli de\u011fil.<\/p>\n\n\n\n<p class=\"rounded-3 px-3 py-2 has-background\" style=\"background-color:#bcaaa4\"><strong><em>\u201cM\u00fczisyenlikte her \u015feyi tek ba\u015f\u0131na yapmaya \u00e7al\u0131\u015fmak yorucu oluyor\u201d<\/em><\/strong><strong><em><\/em><\/strong><\/p>\n\n\n\n<p>B\u00f6yle olunca kendi bestelerimi kendim d\u00fczenlemeye karar verdim. Kendi \u00e7ap\u0131mda s\u00f6zler yazd\u0131m kendim seslendirdim. \u00c7o\u011fu bestemi asl\u0131nda bir iki g\u00fcnde yazar\u0131m. Ancak toparlamak kayd\u0131n\u0131 tamamlamak, mix mastering i\u015flemlerini yapmak ve \u015fark\u0131y\u0131 dijital platformalara haz\u0131r ses kalitesine getirmeye \u00e7al\u0131\u015fmak yani hem bestenin kendisini (bir gitarsit olarak bestelemek) hem MIDI davullar, MIDI Keyboard, Bass y\u00fcr\u00fcy\u00fc\u015fleri vs her\u015feyi kendin planlay\u0131p \u00fcst\u00fcne mix masteringi ile tek ba\u015f\u0131ma cebelle\u015fmek zorlay\u0131c\u0131 ve yorucu oluyor.<\/p>\n\n\n\n<p>\u00dcniversite bitti ve Trabzon Of&#8217;a acil servis hekimi olarak atand\u0131m. Orada da gitara ve acil t\u0131bba olan a\u015fk\u0131m son gaz devam etti. Kendime bir motosiklet ald\u0131m hemen. N\u00f6bet, motosiklet, ev ve gitar 4&#8217;l\u00fcs\u00fc ile 1 y\u0131l\u0131m ge\u00e7ti. \u0130yisiyle k\u00f6t\u00fcs\u00fcyle g\u00fczel an\u0131lar edindim. <strong><em>&#8221;Bu temmuz hava kapal\u0131&#8221; <\/em><\/strong>isimli \u015fark\u0131m\u0131 orada yazd\u0131m. Hatta, e\u015fim ile orada tan\u0131\u015ft\u0131m.<\/p>\n\n\n\n<p class=\"rounded-3 px-3 py-2 has-background\" style=\"background-color:#bcaaa4\"><strong><em>\u201cM<\/em><\/strong><strong><em>\u00fc<\/em><\/strong><strong><em>zik benim tutkumsa acil t\u0131p evim\u201d<\/em><\/strong><strong><em><\/em><\/strong><\/p>\n\n\n\n<p>Acil asistanl\u0131\u011f\u0131m\u0131n \u00e7\u00f6mezlik d\u00f6nemindeyim \u015fu anda. \u00dcniversite y\u0131llar\u0131mda oldu\u011fu kadar olmasa da her bo\u015flu\u011fumda \u00e7al\u0131\u015fmaya devam ediyorum. \u00dcz\u00fclm\u00fcyorum, m\u00fczik benim tutkumsa acil t\u0131p evim. \u0130kisini de en iyi yapmak kendimi geli\u015ftirebildi\u011fim kadar geli\u015ftirmek i\u00e7in buraday\u0131m ve t\u00fcm meslekta\u015flar\u0131m gibi yorgunluk nedir bilmeden \u00e7al\u0131\u015fmaya hayat kurtarmaya devam ediyoruz. Bundan gurur duyuyorum.<\/p>\n\n\n\n<figure class=\"wp-block-image size-large\"><img loading=\"lazy\" decoding=\"async\" width=\"1024\" height=\"1024\" src=\"https:\/\/tatd.org.tr\/aciltipbulteni\/wp-content\/uploads\/sites\/3\/2022\/07\/ad011debb7ba1c15bdd0d2b3714ff848-1024x1024.png\" alt=\"\" class=\"wp-image-3021\" srcset=\"https:\/\/tatd.org.tr\/aciltipbulteni\/wp-content\/uploads\/sites\/3\/2022\/07\/ad011debb7ba1c15bdd0d2b3714ff848-1024x1024.png 1024w, https:\/\/tatd.org.tr\/aciltipbulteni\/wp-content\/uploads\/sites\/3\/2022\/07\/ad011debb7ba1c15bdd0d2b3714ff848-300x300.png 300w, https:\/\/tatd.org.tr\/aciltipbulteni\/wp-content\/uploads\/sites\/3\/2022\/07\/ad011debb7ba1c15bdd0d2b3714ff848-150x150.png 150w, https:\/\/tatd.org.tr\/aciltipbulteni\/wp-content\/uploads\/sites\/3\/2022\/07\/ad011debb7ba1c15bdd0d2b3714ff848-768x768.png 768w, https:\/\/tatd.org.tr\/aciltipbulteni\/wp-content\/uploads\/sites\/3\/2022\/07\/ad011debb7ba1c15bdd0d2b3714ff848-1536x1536.png 1536w, https:\/\/tatd.org.tr\/aciltipbulteni\/wp-content\/uploads\/sites\/3\/2022\/07\/ad011debb7ba1c15bdd0d2b3714ff848-2048x2048.png 2048w, https:\/\/tatd.org.tr\/aciltipbulteni\/wp-content\/uploads\/sites\/3\/2022\/07\/ad011debb7ba1c15bdd0d2b3714ff848-630x630.png 630w, https:\/\/tatd.org.tr\/aciltipbulteni\/wp-content\/uploads\/sites\/3\/2022\/07\/ad011debb7ba1c15bdd0d2b3714ff848-1200x1200.png 1200w\" sizes=\"(max-width: 1024px) 100vw, 1024px\" \/><\/figure>\n\n\n\n<p>\u015eu an i\u00e7in m\u00fczik platformlar\u0131nda olan 6 tane bestem bunlar\u0131n yan\u0131nda daha toparlanmam\u0131\u015f 10\u2019larca bestem ile \u00e7al\u0131\u015fmaya son gaz devam. Dinlenme say\u0131s\u0131 umurumda de\u011fil. G\u00fcn\u00fcm\u00fczde bu bir ba\u015far\u0131 kriteri de de\u011fil zaten. Ben hayalimi kurdu\u011fum m\u00fczi\u011fi yap\u0131yorum ve D\u00fcnya\u2019da birka\u00e7 ki\u015fi i\u00e7in dahil olsa kal\u0131c\u0131 bir \u015feyler b\u0131rakabiliyorum.<\/p>\n\n\n\n<p class=\"rounded-3 px-3 py-2 has-background\" style=\"background-color:#bcaaa4\"><strong>\u201cBirinin hayat\u0131na dokunabilmek amac\u0131m\u201d<\/strong><strong><\/strong><\/p>\n\n\n\n<p>Jason Becker\u2019in benim hayat\u0131ma dokunu\u015fu gibi, ben de bir ki\u015finin bile hayat\u0131na dokunabilirsem bana yeter. Ayn\u0131 \u015fey mesle\u011fim i\u00e7in de ge\u00e7erli, bir hastan\u0131n ya da yak\u0131n\u0131n g\u00f6z ya\u015flar\u0131n\u0131n akmas\u0131na engel olmak, dindirmek, ne g\u00fczel bir duygu hayata dokunabilmek.<\/p>\n\n\n\n<p>Her insan bir\u015feylerin pe\u015finde, bir tutku pe\u015finde ko\u015fmal\u0131. Bir \u015feyler yapmak zorunday\u0131z hepimiz, ne oldu\u011funun \u00f6nemi yok bilim- sanat- spor-gezi&#8230;<\/p>\n\n\n\n<p class=\"has-text-color has-medium-font-size\" style=\"color:#795548\"><strong><em>Kendin i<\/em><\/strong><strong><em>\u00e7<\/em><\/strong><strong><em>in, iyi hissetmek i<\/em><\/strong><strong><em>\u00e7<\/em><\/strong><strong><em>in, ya\u015famak ve ya\u015fatmak i<\/em><\/strong><strong><em>\u00e7<\/em><\/strong><strong><em>in\u2026<\/em><\/strong><\/p>\n\n\n\n<p>Bu da benim hikayemdi herkese selamlar&#8230;<\/p>\n\n\n\n<p class=\"rounded-3 px-2 py-1 has-text-color has-background has-small-font-size\" style=\"background-color:#f5f5f5;color:#666666\"><em>Bu yaz\u0131 Acil T\u0131p B\u00fclteni&#8217;nin May\u0131s 2022 tarihli<\/em> <em><a href=\"https:\/\/tatd.org.tr\/aciltipbulteni\/2022\/04\/30\/2022-mayis-sayimiz-cikti-keyifli-okumalar\/\" data-type=\"URL\" data-id=\"https:\/\/tatd.org.tr\/aciltipbulteni\/2022\/04\/30\/2022-mayis-sayimiz-cikti-keyifli-okumalar\/\">11. say\u0131s\u0131nda<\/a><\/em> <em>yay\u0131mlanm\u0131\u015ft\u0131r.<\/em><\/p>\n","protected":false},"excerpt":{"rendered":"<p>M\u00fczik ile tan\u0131\u015fmama asl\u0131nda eve gelen ilk internet ile babam\u0131n youtube \u00fczerinden a\u00e7t\u0131\u011f\u0131 ACDC alb\u00fcm\u00fc ile ba\u015flad\u0131. O g\u00fcnle ba\u015flayan rock m\u00fczik&hellip;<\/p>\n","protected":false},"author":917,"featured_media":3022,"comment_status":"open","ping_status":"open","sticky":false,"template":"","format":"standard","meta":{"_acf_changed":false,"inline_featured_image":false,"_lmt_disableupdate":"","_lmt_disable":"","footnotes":""},"categories":[11,10015],"tags":[10303,10305,136],"class_list":["post-3017","post","type-post","status-publish","format-standard","has-post-thumbnail","hentry","category-portre","category-sosyal-blog-yazisi","tag-doguhan-bitlisli","tag-g-e-t-r-e-c-t","tag-muzik"],"acf":[],"_links":{"self":[{"href":"https:\/\/tatd.org.tr\/aciltipbulteni\/wp-json\/wp\/v2\/posts\/3017","targetHints":{"allow":["GET"]}}],"collection":[{"href":"https:\/\/tatd.org.tr\/aciltipbulteni\/wp-json\/wp\/v2\/posts"}],"about":[{"href":"https:\/\/tatd.org.tr\/aciltipbulteni\/wp-json\/wp\/v2\/types\/post"}],"author":[{"embeddable":true,"href":"https:\/\/tatd.org.tr\/aciltipbulteni\/wp-json\/wp\/v2\/users\/917"}],"replies":[{"embeddable":true,"href":"https:\/\/tatd.org.tr\/aciltipbulteni\/wp-json\/wp\/v2\/comments?post=3017"}],"version-history":[{"count":0,"href":"https:\/\/tatd.org.tr\/aciltipbulteni\/wp-json\/wp\/v2\/posts\/3017\/revisions"}],"wp:featuredmedia":[{"embeddable":true,"href":"https:\/\/tatd.org.tr\/aciltipbulteni\/wp-json\/wp\/v2\/media\/3022"}],"wp:attachment":[{"href":"https:\/\/tatd.org.tr\/aciltipbulteni\/wp-json\/wp\/v2\/media?parent=3017"}],"wp:term":[{"taxonomy":"category","embeddable":true,"href":"https:\/\/tatd.org.tr\/aciltipbulteni\/wp-json\/wp\/v2\/categories?post=3017"},{"taxonomy":"post_tag","embeddable":true,"href":"https:\/\/tatd.org.tr\/aciltipbulteni\/wp-json\/wp\/v2\/tags?post=3017"}],"curies":[{"name":"wp","href":"https:\/\/api.w.org\/{rel}","templated":true}]}}