{"id":2881,"date":"2022-05-06T09:00:00","date_gmt":"2022-05-06T06:00:00","guid":{"rendered":"https:\/\/tatd.org.tr\/aciltipbulteni\/?p=2881"},"modified":"2022-05-04T00:43:26","modified_gmt":"2022-05-03T21:43:26","slug":"acil-tip-icinde-bir-yan-dal-cocuk-acil-calisma-grubu","status":"publish","type":"post","link":"https:\/\/tatd.org.tr\/aciltipbulteni\/2022\/05\/06\/acil-tip-icinde-bir-yan-dal-cocuk-acil-calisma-grubu\/","title":{"rendered":"Acil T\u0131p \u0130\u00e7inde Bir Yan Dal: \u00c7ocuk Acil \u00c7al\u0131\u015fma Grubu"},"content":{"rendered":"\n<p>Bug\u00fcn Acil T\u0131p camias\u0131nda \u00e7ok tan\u0131nan, T\u00fcrkiye\u2019de Acil T\u0131bb\u0131n ilk kurulu\u015fundan bu yana gerek ulusal gerekse uluslararas\u0131 platformlarda elinden gelen her t\u00fcrl\u00fc gayreti ve deste\u011fi sarf etmekten asla geri durmayan de\u011ferli hocam\u0131z Prof. Dr. Cem Oktay\u2019\u0131 konuk ediyoruz. Kendisi ile Acil T\u0131p \u00fczerine konu\u015fmak istesek b\u00fcy\u00fck ihtimal g\u00fcnler yetmez bize anlatacaklar\u0131n\u0131 \u00f6zetlemeye. Bug\u00fcn farkl\u0131 bir konu \u2013 tabii ki yine Acil T\u0131p ile ba\u011flant\u0131l\u0131 \u2013 bir konu \u00fczerine konu\u015ftuk. TATD \u00c7al\u0131\u015fma gruplar\u0131n\u0131n her ge\u00e7en g\u00fcn artan g\u00fcc\u00fcne bir yenisi daha eklendi: \u201c\u00c7ocuk Acil T\u0131p \u00c7al\u0131\u015fma Grubu\u201d. Yurtd\u0131\u015f\u0131nda yan dal olarak i\u015fleyi\u015fini devam ettiren birka\u00e7 bran\u015ftan biri olan \u00c7ocuk Acil T\u00fcrkiye\u2019de halen \u00c7ocuk Sa\u011fl\u0131\u011f\u0131 ve Hastal\u0131klar\u0131 uzmanl\u0131\u011f\u0131n\u0131n tek elinde devam ediyor.<\/p>\n\n\n\n<div class=\"wp-block-image\"><figure class=\"alignright size-large is-resized\"><img fetchpriority=\"high\" decoding=\"async\" src=\"https:\/\/tatd.org.tr\/aciltipbulteni\/wp-content\/uploads\/sites\/3\/2022\/05\/f519e73963d4cb9235149d0486aabdf2-907x1024.jpeg\" alt=\"\" class=\"wp-image-2882\" width=\"227\" height=\"256\" srcset=\"https:\/\/tatd.org.tr\/aciltipbulteni\/wp-content\/uploads\/sites\/3\/2022\/05\/f519e73963d4cb9235149d0486aabdf2-907x1024.jpeg 907w, https:\/\/tatd.org.tr\/aciltipbulteni\/wp-content\/uploads\/sites\/3\/2022\/05\/f519e73963d4cb9235149d0486aabdf2-266x300.jpeg 266w, https:\/\/tatd.org.tr\/aciltipbulteni\/wp-content\/uploads\/sites\/3\/2022\/05\/f519e73963d4cb9235149d0486aabdf2-768x867.jpeg 768w, https:\/\/tatd.org.tr\/aciltipbulteni\/wp-content\/uploads\/sites\/3\/2022\/05\/f519e73963d4cb9235149d0486aabdf2-1360x1536.jpeg 1360w, https:\/\/tatd.org.tr\/aciltipbulteni\/wp-content\/uploads\/sites\/3\/2022\/05\/f519e73963d4cb9235149d0486aabdf2-558x630.jpeg 558w, https:\/\/tatd.org.tr\/aciltipbulteni\/wp-content\/uploads\/sites\/3\/2022\/05\/f519e73963d4cb9235149d0486aabdf2.jpeg 1417w\" sizes=\"(max-width: 227px) 100vw, 227px\" \/><\/figure><\/div>\n\n\n\n<p>Cem Hocam Ho\u015f geldiniz!<\/p>\n\n\n\n<p class=\"has-vivid-purple-color has-text-color has-medium-font-size\"><strong>\u00d6ncelikle bizi k\u0131rmay\u0131p r\u00f6portaj teklifimizi kabul etti\u011finiz i\u00e7in te\u015fekk\u00fcr ederiz. Sorular\u0131m\u0131za ba\u015flamadan \u00f6nce kendinizden k\u0131saca bahsedebilir misiniz?<\/strong><\/p>\n\n\n\n<p>1992 Hacettepe \u00dcniversitesi T\u0131p Fak\u00fcltesi mezunuyum. \u0130ki y\u0131ldan biraz fazla mecburi hizmet yapt\u0131ktan sonra 29 A\u011fustos 1995 tarihinde Dokuz Eyl\u00fcl \u00dcniversitesi T\u0131p Fak\u00fcltesi Acil T\u0131p Anabilim Dal\u0131nda uzmanl\u0131k e\u011fitimime ba\u015flad\u0131m. Bildi\u011finiz gibi bu anabilim dal\u0131 T\u00fcrkiye\u2019deki ilk kurulan acil t\u0131p ana bilim dal\u0131d\u0131r ve ben de ilk asistanlardan\u0131m. Burada ihtisas\u0131m\u0131 tamamlad\u0131ktan sonra 1999 y\u0131l\u0131nda Akdeniz \u00dcniversitesi T\u0131p Fak\u00fcltesine uzman hekim olarak ge\u00e7tim. 2001 y\u0131l\u0131ndan beri de akademik kadroda aktif olarak \u00e7al\u0131\u015fmaya devam ediyorum.<\/p>\n\n\n\n<p class=\"has-vivid-purple-color has-text-color has-medium-font-size\"><strong>Sizinle bug\u00fcn genel olarak \u00c7ocuk Acil T\u0131bb\u0131 \u00fczerine konu\u015faca\u011f\u0131z ama \u00f6ncelikle yak\u0131n zamanda <\/strong><strong>7. Avrasya Acil T\u0131p Kongresi ve 17. T\u00fcrkiye Acil T\u0131p Kongresi d\u00fczenlendi. Kongrede \u00c7ocuk Acil T\u0131bb\u0131 a\u00e7\u0131s\u0131ndan \u00f6nemli isimler konu\u015fmac\u0131 olarak katk\u0131da bulundu. Sizin i\u00e7in kongre nas\u0131l ge\u00e7ti?<\/strong><\/p>\n\n\n\n<p>Kongre olduk\u00e7a verimli ve bir o kadar da yo\u011fun ge\u00e7ti benim a\u00e7\u0131mdan. Hi\u00e7 bo\u015f zaman bulamad\u0131k hatta pek \u00e7ok zaman ayn\u0131 anda birden fazla yerde olmam\u0131z gerekiyordu. \u00c7ocuk acil t\u0131p konusunda da \u00e7ok g\u00fczel geli\u015fmeler oldu. TATD \u00c7ocuk Acil T\u0131p \u00c7al\u0131\u015fma Grubu y\u00fcz y\u00fcze ilk toplant\u0131s\u0131n\u0131 ger\u00e7ekle\u015ftirdi. Gerek T\u00fcrk\u00e7e salonlar\u0131nda gerekse de EACEM salonunda yap\u0131lan paneller olduk\u00e7a etkiliydi ve yo\u011fun kat\u0131l\u0131mla ger\u00e7ekle\u015fti.<\/p>\n\n\n\n<p class=\"has-vivid-purple-color has-text-color has-medium-font-size\"><strong>\u00c7ocuk acil t\u0131p grubunun ilk y\u00fcz y\u00fcze toplant\u0131s\u0131 da kongrede yap\u0131ld\u0131 fakat daha \u00f6ncesinde kurulan bir \u00e7al\u0131\u015fma grubu oldu\u011funu biliyoruz. Bu \u00e7al\u0131\u015fma grubunun \u00f6yk\u00fcs\u00fcn\u00fc bize anlat\u0131r m\u0131s\u0131n\u0131z?<\/strong><\/p>\n\n\n\n<p>Asl\u0131nda \u00f6yk\u00fcye daha \u00f6ncesinden ba\u015flayay\u0131m. T\u00fcrkiye Acil T\u0131p Derne\u011fi (TATD) bildi\u011finiz \u00fczere 1995\u2019te kuruluyor. TATD\u2019nin kurulu\u015f amac\u0131 acil t\u0131p ile ilgili b\u00fct\u00fcn alanlarda, hastane \u00f6ncesi ve afet de dahil, hastalar\u0131n daha iyi acil sa\u011fl\u0131k hizmeti almas\u0131n\u0131 sa\u011flamak ve hekimlere ayn\u0131 zamanda topluma e\u011fitimler ve katk\u0131lar sa\u011flamakt\u0131r.<\/p>\n\n\n\n<p>Uzmanl\u0131\u011f\u0131n ilk y\u0131llar\u0131nda daha \u00e7ok uzmanl\u0131k e\u011fitiminin m\u00fcfredat\u0131 kapsam\u0131nda \u00e7al\u0131\u015f\u0131ld\u0131. Bu m\u00fcfredat kapsam i\u00e7erisinde, uzmanl\u0131k e\u011fitim s\u0131ras\u0131nda \u00e7ocuk hastal\u0131klar\u0131 rotasyonu mevcuttu. \u00c7\u00fcnk\u00fc acil hekimlerinin temel g\u00f6rev tan\u0131m\u0131nda <strong><em>\u201cHer ya\u015f grubundan hastaya bakar\u201d<\/em><\/strong> c\u00fcmlesi de vard\u0131r. Zaten g\u00fcnl\u00fck prati\u011fimizde, \u00f6zellikle e\u011fitim ve ara\u015ft\u0131rma hastaneleri d\u0131\u015f\u0131ndaki kurumlarda \u00e7al\u0131\u015fan acil t\u0131p uzmanlar\u0131n\u0131n hizmet verdi\u011fi hasta pop\u00fclasyonu her ya\u015f grubunu kaps\u0131yor. Zamanla e\u011fitim m\u00fcfredat\u0131n\u0131n geni\u015flemesi ve 2000\u2019li y\u0131llar\u0131n ortas\u0131nda \u00e7ocuk acil t\u0131p yan dal\u0131n\u0131n olu\u015fmas\u0131 ile birlikte baz\u0131 uzmanl\u0131k e\u011fitimi verilen kliniklerde uzmanl\u0131k e\u011fitimi boyunca g\u00f6r\u00fclen \u00e7ocuk hasta oran\u0131 azald\u0131. Rotasyon s\u00fcresi de 2009\u2019dan sonra 2 aya indirildi. Bunlar\u0131n etkisi ile alana \u00e7\u0131kan acil t\u0131p uzmanlar\u0131 \u00e7ocuk hastalar\u0131n bak\u0131m\u0131nda baz\u0131 ihtiya\u00e7lar hissettiklerini belirttiler. \u00d6zellikle uzmanlar\u0131m\u0131zdan gelen bu teklif \u00fczerine TATD \u00e7at\u0131s\u0131 alt\u0131nda 2019 sonunda bir \u00c7ocuk Acil T\u0131p \u00c7al\u0131\u015fma Grubu kurulmas\u0131 planlanarak, hekimlerimizin s\u00fcrekli t\u0131p e\u011fitimi kapsam\u0131nda \u00c7ocuk Acil T\u0131p konusunda da kendilerini yenilemeleri i\u00e7in bir giri\u015fimde bulunuldu. Bunun \u00fczerine TATD Ba\u015fkanl\u0131\u011f\u0131na sunulan dilek\u00e7e sonras\u0131 6 Ocak 2020 tarihinde TATD Y\u00f6netim Kurulunun onay vermesi ile TATD \u00c7ocuk Acil T\u0131p \u00c7al\u0131\u015fma Grubu kuruldu.<\/p>\n\n\n\n<figure class=\"wp-block-image size-large\"><img decoding=\"async\" width=\"1024\" height=\"768\" src=\"https:\/\/tatd.org.tr\/aciltipbulteni\/wp-content\/uploads\/sites\/3\/2022\/05\/5a54c4bc9aabdbe74a6b04740c27fd97-1024x768.jpeg\" alt=\"\" class=\"wp-image-2884\" srcset=\"https:\/\/tatd.org.tr\/aciltipbulteni\/wp-content\/uploads\/sites\/3\/2022\/05\/5a54c4bc9aabdbe74a6b04740c27fd97-1024x768.jpeg 1024w, https:\/\/tatd.org.tr\/aciltipbulteni\/wp-content\/uploads\/sites\/3\/2022\/05\/5a54c4bc9aabdbe74a6b04740c27fd97-300x225.jpeg 300w, https:\/\/tatd.org.tr\/aciltipbulteni\/wp-content\/uploads\/sites\/3\/2022\/05\/5a54c4bc9aabdbe74a6b04740c27fd97-768x576.jpeg 768w, https:\/\/tatd.org.tr\/aciltipbulteni\/wp-content\/uploads\/sites\/3\/2022\/05\/5a54c4bc9aabdbe74a6b04740c27fd97-1536x1152.jpeg 1536w, https:\/\/tatd.org.tr\/aciltipbulteni\/wp-content\/uploads\/sites\/3\/2022\/05\/5a54c4bc9aabdbe74a6b04740c27fd97-840x630.jpeg 840w, https:\/\/tatd.org.tr\/aciltipbulteni\/wp-content\/uploads\/sites\/3\/2022\/05\/5a54c4bc9aabdbe74a6b04740c27fd97.jpeg 1600w\" sizes=\"(max-width: 1024px) 100vw, 1024px\" \/><\/figure>\n\n\n\n<p>Buradaki temel hedef; \u00e7ocuk hastalar\u0131n bak\u0131m\u0131 i\u00e7in acil sa\u011fl\u0131k hizmetlerinde g\u00f6rev alan ulusal ve uluslararas\u0131 t\u00fcm hekimler ve kurulu\u015flar ile i\u015f birli\u011fi sa\u011flamak, \u00e7ocuk acil t\u0131p ile ilgili klinik, e\u011fitimsel ve y\u00f6netimsel konularda bilgi payla\u015f\u0131m\u0131 yapmak, \u00e7ocuk acil t\u0131bb\u0131n\u0131n gelece\u011fi i\u00e7in \u00fcst otoriterler ile ileti\u015fimi sa\u011flamakt\u0131r. \u0130lk duyurular yap\u0131ld\u0131ktan sonra \u00fcyelikler al\u0131nd\u0131, ancak pandeminin araya girmesi ile ilk etapta hi\u00e7 y\u00fcz y\u00fcze gelemeden online toplant\u0131lar ile faaliyet g\u00f6stermeye ba\u015flad\u0131k. 2020 y\u0131l\u0131 sonunda 2021 y\u0131l\u0131 i\u00e7in planlanan hedeflere y\u00f6nelik olarak webinar ve kurs programlar\u0131 olu\u015fturduk.<\/p>\n\n\n\n<p class=\"has-vivid-purple-color has-text-color has-medium-font-size\"><strong>G\u00fcn\u00fcm\u00fczde Acil T\u0131p uzmanlar\u0131 \u00e7ocuk hasta bak\u0131m\u0131nda \u00f6nemli bir yer tutuyor. Ge\u00e7mi\u015ften g\u00fcn\u00fcm\u00fcze \u00e7ocuk acil t\u0131p nas\u0131l bir yol kat etti? Acil t\u0131p uzmanlar\u0131 acil serviste \u00e7ocuk hasta bak\u0131m\u0131n\u0131n neresinde duruyor?<\/strong><\/p>\n\n\n\n<p>\u00dclkemizin sa\u011fl\u0131k alt yap\u0131s\u0131na bakarsak asl\u0131nda hepimiz t\u0131p fak\u00fcltesinin 4. y\u0131l\u0131nda yakla\u015f\u0131k 2 ay teorik ve pratik ve 6. y\u0131l\u0131nda ise yakla\u015f\u0131k 2 ay uygulama kapsam\u0131nda \u00e7ocuk stajlar\u0131na sahibiz. T\u0131p fak\u00fcltesi mezunlar\u0131 daha \u00f6nceki y\u0131llarda da teorik d\u00fczeyde \u00e7ocuk hastal\u0131klar\u0131 ile ilgili e\u011fitimler almaktayd\u0131.<\/p>\n\n\n\n<p>Yani T\u0131p fak\u00fcltesinden mezun olan hekimler \u00f6zellikle birinci basama\u011fa \u00e7\u0131kt\u0131klar\u0131nda, eskiden sa\u011fl\u0131k oca\u011f\u0131 d\u00fczeyinde \u015fimdi aile hekimli\u011fi d\u00fczeyinde, pratik olarak \u00e7ocuk hastalar\u0131n sa\u011fl\u0131k sorunlar\u0131 ile ilgileniyorlar. \u0130ki y\u0131ldan biraz daha uzun bir s\u00fcre mecburi hizmet yapt\u0131\u011f\u0131m\u0131 s\u00f6ylemi\u015ftim. Bu mecburi hizmet s\u0131ras\u0131nda \u00e7al\u0131\u015ft\u0131\u011f\u0131m il\u00e7e 7000 n\u00fcfusluydu ama sa\u011fl\u0131k oca\u011f\u0131n\u0131n kapsad\u0131\u011f\u0131 n\u00fcfus 21000\u2019e kadar \u00e7\u0131k\u0131yordu. \u0130l\u00e7edeki b\u00fct\u00fcn \u00e7ocuklara biz pratisyen hekimler hizmet veriyorduk. <strong><em>\u00c7ocuk hastal\u0131klar\u0131 ile ilgili \u00e7ok sorunlu durumlarla kar\u015f\u0131la\u015ft\u0131\u011f\u0131m\u0131zda en yak\u0131n il\u00e7e 30 km uzaktayd\u0131<\/em><\/strong> sadece orada \u00c7ocuk Sa\u011fl\u0131\u011f\u0131 ve Hastal\u0131klar\u0131 uzman\u0131 vard\u0131. Hastalar\u0131 oraya ya da il merkezine sevk ediyorduk. \u0130l merkezi de yakla\u015f\u0131k 100 km uzaktayd\u0131.<\/p>\n\n\n\n<p>Tabi hekim olarak hepimizin her ya\u015f grubundan hastaya bakma sorumlulu\u011fu var. \u00c7ocuk Sa\u011fl\u0131\u011f\u0131 ve Hastal\u0131klar\u0131 uzmanl\u0131\u011f\u0131 bir uzmanl\u0131k ana dal\u0131 ve bu uzmanl\u0131k d\u00fczeyinde yap\u0131labilecek \u00e7ok daha detayl\u0131 uygulamalar var. Hatta bu ana dal\u0131n da kendi i\u00e7inde \u00e7ok say\u0131da yan dal\u0131 var. \u00c7ocuk Acil yan dal\u0131, Acil T\u0131p ana dal\u0131 kabul edildikten yakla\u015f\u0131k bir on y\u0131l sonra kabul edilen bir yan dal. Acil servisler \u00f6zellikli alanlar\u0131d\u0131r.<\/p>\n\n\n\n<p><strong><em>Acil servis ba\u015fvurular\u0131 s\u0131n\u0131rland\u0131r\u0131lamaz, her ya\u015f grubundan hasta g\u00fcn\u00fcn 24 saati her t\u00fcrl\u00fc yak\u0131nma ile ba\u015fvurabilir.<\/em><\/strong> \u00c7ocuk hastalar i\u00e7in \u00e7ocuk acil servisleri bu ama\u00e7la hizmet vermektedir. Bu y\u00fczden \u00e7ocuk acil servislerindeki hizmetin kalitesinin geli\u015ftirilmesi, g\u00f6rev yapan hekimlerin e\u011fitiminin daha bilimsel olmas\u0131 tabii ki hepimizin istedi\u011fi bir \u015feydir. Bu da yan dal kurularak ger\u00e7ekle\u015fti. Ancak \u00fclkemizde halen \u00e7ocuk hastalara, \u00f6zellikle acil servislerde ya pratisyen hekimler ya da Acil T\u0131p uzmanlar\u0131 hizmet vermektedir. \u00d6zellikle daha kritik durumlardaki vakalara m\u00fcdahale edenler Acil T\u0131p uzmanlar\u0131 oluyor. \u00c7ocuk Sa\u011fl\u0131\u011f\u0131 ve Hastal\u0131klar\u0131 uzmanlar\u0131 \u00e7o\u011fu kez say\u0131lar\u0131 yeterli olsa bile hastanelerde kons\u00fcltan olarak g\u00f6rev yapmakta ya da sadece g\u00fcnd\u00fcz saatlerinde \u00e7al\u0131\u015fmaktad\u0131r. Bu durum \u00f6zel hastaneler i\u00e7in de ge\u00e7erlidir. O y\u00fczden \u00e7ocuk acil sa\u011fl\u0131k hizmetlerinin geli\u015ftirilmesi i\u00e7in burada g\u00f6revli olan herkesin istisnan\u0131z olarak hizmet i\u00e7i e\u011fitim alma ihtiya\u00e7lar\u0131 vard\u0131r. Bu durum g\u00fcn\u00fcm\u00fczde D\u00fcnya\u2019da bir\u00e7ok \u00fclkede de benzer \u015fekilde y\u00fcr\u00fct\u00fclmektedir. \u00c7ocuk hastal\u0131klar\u0131 uzman\u0131 ve yan dal uzman\u0131 say\u0131s\u0131 acil servislerdeki \u00e7ocuk hastalar\u0131n\u0131n t\u00fcm\u00fcne bakacak kapasitede olmad\u0131\u011f\u0131 i\u00e7in, hekimler ve Acil T\u0131p uzmanlar\u0131 bu hizmetin i\u00e7inde mutlaka bulunmak zorundad\u0131r.<\/p>\n\n\n\n<p class=\"has-vivid-purple-color has-text-color has-medium-font-size\"><strong>\u00dclkemizde \u00c7ocuk Acil yan dal\u0131na ge\u00e7i\u015f sadece \u00c7ocuk Sa\u011fl\u0131\u011f\u0131 ve Hastal\u0131klar\u0131 uzmanlar\u0131 i\u00e7in m\u00fcmk\u00fcn olmakta. D\u00fcnya genelinde \u00c7ocuk Acil T\u0131bb\u0131n\u0131n akademik yap\u0131lanmas\u0131 a\u00e7\u0131s\u0131ndan durum nedir?<\/strong><\/p>\n\n\n\n<p>D\u00fcnyada, \u00f6rne\u011fin ABD\u2019de, Acil T\u0131p uzmanl\u0131k e\u011fitimi 1970\u2019lerde ba\u015fl\u0131yor. 1979 y\u0131l\u0131nda ise Acil T\u0131p uzmanl\u0131\u011f\u0131, Amerikan Yeterlik Kurulu taraf\u0131ndan bir uzmanl\u0131k dal\u0131 olarak kabul ediliyor. 1991 y\u0131l\u0131nda, yani kurulu\u015fundan 12 y\u0131l sonra \u00c7ocuk Acil T\u0131p yan dal uzmanl\u0131\u011f\u0131na ba\u015flama \u015fans\u0131, acil t\u0131p uzmanl\u0131k e\u011fitimini tamamlayan hekimlere de veriliyor ve yan dal olarak kabul ediliyor.<\/p>\n\n\n\n<p>Yani \u015fu an ABD\u2019de hem Acil T\u0131p uzmanlar\u0131 hem de \u00c7ocuk Sa\u011fl\u0131\u011f\u0131 ve Hastal\u0131klar\u0131 uzmanlar\u0131 \u00c7ocuk Acil T\u0131p yan dal\u0131n\u0131 yapabiliyorlar. Hatta Acil T\u0131p uzmanlar\u0131 2 y\u0131l s\u00fcre ile e\u011fitim al\u0131yorken \u00c7ocuk Sa\u011fl\u0131\u011f\u0131 ve Hastal\u0131klar\u0131 uzmanlar\u0131 3 y\u0131l yan dal e\u011fitimi al\u0131yor. Bunun nedeni, Acil T\u0131p zaten bir uzmanl\u0131k alan\u0131 ve bizlerin e\u011fitiminin k\u00f6\u015fe ta\u015f\u0131 acil hasta yakla\u015f\u0131m\u0131 oldu\u011fundan \u00e7ocuk acil t\u0131p e\u011fitimi bizim i\u00e7in daha k\u0131sa oluyor asl\u0131nda. Bu e\u011fitim s\u00fcrecinde, \u00e7ocuk ya\u015f grubuna \u00f6zg\u00fc farkl\u0131l\u0131klar ve farkl\u0131 hastal\u0131klar \u00fczerine odaklan\u0131l\u0131yor. \u00c7ocuk hastalar\u0131n acil ba\u015fvurular\u0131, \u00e7e\u015fitli giri\u015fimler temel m\u00fcfredat konular\u0131 ve yenido\u011fan bak\u0131m\u0131, yenido\u011fan yo\u011fun bak\u0131m gibi \u00f6zellikli alanlar da yine bu m\u00fcfredatt\u0131n konular\u0131 aras\u0131nda yer al\u0131yor.<\/p>\n\n\n\n<p>Genel olarak t\u00fcm D\u00fcnya\u2019da \u00c7ocuk Sa\u011fl\u0131\u011f\u0131 ve Hastal\u0131klar\u0131 uzmanl\u0131\u011f\u0131 e\u011fitimi s\u0131ras\u0131nda travma hastalar\u0131n\u0131n bak\u0131m\u0131 yeterince sa\u011flanam\u0131yor. \u00c7ocuk Sa\u011fl\u0131\u011f\u0131 ve Hastal\u0131klar\u0131 uzmanl\u0131\u011f\u0131 ana dal\u0131n\u0131n e\u011fitim m\u00fcfredat\u0131na bakarsak, <strong><em>d\u00f6rt y\u0131ll\u0131k uzmanl\u0131k e\u011fitiminde acil servis rotasyonlar\u0131 sadece 2 ay<\/em><\/strong>; yani \u00c7ocuk Sa\u011fl\u0131\u011f\u0131 ve Hastal\u0131klar\u0131 uzman\u0131 olan bir ki\u015fi \u00e7ok k\u0131s\u0131tl\u0131 bir s\u00fcre i\u00e7erisinde acil servis rotasyonu ile e\u011fitimini tamaml\u0131yor. Bu s\u00fcreye bak\u0131ld\u0131\u011f\u0131nda asl\u0131nda, acil serviste acil yakla\u015f\u0131m\u0131n temel prensiplerini alman\u0131n yeterli oldu\u011funu s\u00f6ylemek m\u00fcmk\u00fcn de\u011fil. Ayn\u0131 \u015fekilde \u0130ngiltere\u2019de \u00c7ocuk Acil T\u0131p yan dal\u0131 hem eri\u015fkin Acil T\u0131p uzmanlar\u0131na hem de \u00c7ocuk Sa\u011fl\u0131\u011f\u0131 ve Hastal\u0131klar\u0131 uzmanlar\u0131 i\u00e7in tan\u0131mlanm\u0131\u015f. Burada her iki uzmanl\u0131k alan\u0131 i\u00e7in de 2 y\u0131ll\u0131k bir e\u011fitim s\u00fcresi tan\u0131mlanm\u0131\u015f durumda. T\u00fcrkiye\u2019de de \u015fu an i\u00e7in ger\u00e7ekle\u015fmesi beklenen durum benzerdir. \u00c7\u00fcnk\u00fc Acil T\u0131p uzman\u0131 say\u0131s\u0131 h\u0131zl\u0131 bir \u015fekilde artmakta ve Acil t\u0131p uzmanlar\u0131 zaten rutin i\u015fleyi\u015fleri i\u00e7erisinde bu hizmeti yapmaktad\u0131r. Ayr\u0131ca bir\u00e7ok uzmanl\u0131k e\u011fitimi kurumunda \u00e7ocuk travma hastalar\u0131 ba\u015fta olmak \u00fczere \u00e7ocuk hastalar\u0131n bak\u0131m\u0131 da Acil T\u0131p Anabilim Dallar\u0131 taraf\u0131ndan y\u00fcr\u00fct\u00fclmektedir. Bu nedenle ortak bir e\u011fitim program\u0131 olu\u015fturularak Acil T\u0131p Anabilim Dallar\u0131nda \u00c7ocuk Acil T\u0131p Yan dal\u0131 kurulmas\u0131 ve e\u011fitim m\u00fcfredat\u0131na dahil edilmesi gereklidir.<\/p>\n\n\n\n<p>D\u00fcnya\u2019da \u00f6zellikle ABD\u2019de ilk y\u0131llarda \u00c7ocuk Sa\u011fl\u0131\u011f\u0131 ve Hastal\u0131klar\u0131 uzmanlar\u0131 daha \u00e7ok \u00c7ocuk Acil T\u0131p yan dal\u0131n\u0131 tercih ederken \u015fu an i\u00e7in Acil T\u0131p uzmanlar\u0131 daha \u00e7ok say\u0131da bu yan dal\u0131 tercih ediyorlar. Bu yan dal\u0131n \u00e7al\u0131\u015fma dinamikleri de \u00c7ocuk Sa\u011fl\u0131\u011f\u0131 ve Hastal\u0131klar\u0131 uzmanlar\u0131 i\u00e7in \u00e7ok farkl\u0131d\u0131r. \u00c7\u00fcnk\u00fc, Acil T\u0131p do\u011fas\u0131 gere\u011fi zaten 7 g\u00fcn 24 saat \u00e7al\u0131\u015fan bir uzmanl\u0131k dal\u0131 ve \u00e7al\u0131\u015fma esaslar\u0131 zaten bunun \u00fczerine kuruldu\u011fundan, uzmanl\u0131k e\u011fitimi yapanlar bunu kabullenerek geliyor. Ama di\u011fer uzmanl\u0131klarda 7 g\u00fcn 24 saat bu i\u015fi yapmak istemeyen ki\u015fi say\u0131s\u0131 daha fazla olabiliyor. Bunu g\u00fcn\u00fcm\u00fczde, \u00c7ocuk Sa\u011fl\u0131\u011f\u0131 ve Hastal\u0131klar\u0131 uzmanlar\u0131n\u0131n \u00c7ocuk Acil T\u0131p yan dal\u0131n\u0131 tercih etmemesinden ve kadrolar\u0131n bo\u015f kalmas\u0131ndan da g\u00f6rebiliyoruz. Hatta ABD\u2019de bir s\u00fcredir \u00e7ocuk acil servislerinin giri\u015f ve triaj alanlar\u0131 farkl\u0131 olmas\u0131na ra\u011fmen eri\u015fkin acil servislerle mimari olarak ayn\u0131 alanda olacak \u015fekilde ve t\u00fcm alanlar\u0131n idari i\u015fletmesinin sorumlulu\u011fu Acil T\u0131p Anabilim Dallar\u0131 idarecisinde olacak \u015fekilde planlanm\u0131\u015f durumdad\u0131r. \u00c7ocuk Acil T\u0131p uzmanlar\u0131, \u00c7ocuk Sa\u011fl\u0131\u011f\u0131 ve Hastal\u0131klar\u0131 uzman\u0131 dahi olsa Acil T\u0131p Anabilim Dallar\u0131 alt\u0131nda kadro alarak g\u00f6revlerini yap\u0131yorlar.<\/p>\n\n\n\n<p>T\u00fcrkiye\u2019de de benzer tam net olmamakla birlikte uygulamalar\u0131 g\u00f6r\u00fcyoruz. Acil servisler sadece \u201cAcil Servis\u201d diye ge\u00e7iyor. \u00d6rne\u011fin; SGK yakla\u015f\u0131m\u0131na bakt\u0131\u011f\u0131n\u0131zda, acil servislerin \u00e7ocuk i\u00e7in ayr\u0131 eri\u015fkin i\u00e7in ayr\u0131 kabul edilmedi\u011fini, tek bir y\u00f6netimsel alan olarak dikkate al\u0131nd\u0131\u011f\u0131n\u0131 g\u00f6r\u00fcyoruz. Sa\u011fl\u0131k Bakanl\u0131\u011f\u0131\u2019n\u0131n Yatakl\u0131 Sa\u011fl\u0131k Tesislerinde Acil Servis Hizmetlerinin Uygulama Usul ve Esaslar\u0131 Hakk\u0131nda Tebli\u011f\u2019ine de bakarsak, Acil Servisler bir b\u00fct\u00fcn olarak tan\u0131mlanmaklad\u0131r.&nbsp;&nbsp;&nbsp;&nbsp;<\/p>\n\n\n\n<p class=\"has-vivid-purple-color has-text-color has-medium-font-size\"><strong>Eri\u015fkin acil t\u0131p uzmanlar\u0131 \u00e7ocuk hastalara sa\u011fl\u0131k hizmeti sunumunda \u00f6nemli bir yer tutuyor. Bu konuda \u00e7ekirdek m\u00fcfredat\u0131m\u0131z ne kadar yeterli?<\/strong><\/p>\n\n\n\n<p>M\u00fcfredat\u0131m\u0131za bakarsak, \u00c7ocuk Acil yan dal\u0131 i\u00e7in olan m\u00fcfredat ile birka\u00e7 ba\u015fl\u0131k hari\u00e7 neredeyse birebir e\u015fle\u015fiyor diyebiliriz. Ancak eksiklikler var tabii ki. Bu i\u00e7eriklerin rotasyonlarda tamamlanmas\u0131 gerekiyor. Ancak rotasyon hedefleri de k\u0131s\u0131tl\u0131 ve rotasyonlar\u0131n verimlili\u011fini tart\u0131\u015fmam\u0131z gerekiyor. Bu sadece Acil T\u0131p i\u00e7in de\u011fil b\u00fct\u00fcn uzmanl\u0131k dallar\u0131n\u0131n rotasyonlar\u0131 i\u00e7in ge\u00e7erli bir durum.<\/p>\n\n\n\n<p>Bizim m\u00fcfredat\u0131m\u0131zdaki i\u00e7erik her ya\u015f grubunu i\u00e7eriyor. \u00d6rne\u011fin; ileri havayolu y\u00f6netimi dedi\u011fimiz zaman burada sadece eri\u015fkin hasta kastedilmiyor. Her ya\u015f grubu, yenido\u011fan hastas\u0131ndan olabilecek en y\u00fcksek ya\u015f grubuna kadar her hastan\u0131n ileri havayolu y\u00f6netimi bunun i\u00e7inde say\u0131l\u0131yor. Bizim m\u00fcfredat\u0131m\u0131z\u0131n her ya\u015f grubunun acil sa\u011fl\u0131k sorunlar\u0131n\u0131 i\u00e7erecek \u015fekilde olmas\u0131 gerekiyor. Ana kaynak kitaplar\u0131m\u0131za bakarsak hepsinde \u00e7ocuk hastalar i\u00e7in ayr\u0131 bir b\u00f6l\u00fcm, o b\u00f6l\u00fcm i\u00e7inde \u00e7ocuklara \u00f6zg\u00fc farkl\u0131l\u0131klar\u0131n ve hastal\u0131klar\u0131n anlat\u0131ld\u0131\u011f\u0131n\u0131 g\u00f6r\u00fcrs\u00fcn\u00fcz. Uzmanl\u0131k e\u011fitim programlar\u0131m\u0131zda bu m\u00fcfredat\u0131 da program\u0131n i\u00e7ine eksiksiz katmam\u0131z gerekiyor. Yani uzmanl\u0131k e\u011fitimi veren kurumlar kendi m\u00fcfredatlar\u0131n\u0131, \u00e7ocuk ya\u015f grubuna \u00f6zg\u00fc yakla\u015f\u0131mlar\u0131 ve bilgileri de i\u00e7erecek \u015fekilde olu\u015fturmas\u0131 gerekiyor.<\/p>\n\n\n\n<p class=\"has-vivid-purple-color has-text-color has-medium-font-size\"><strong>Son olarak \u00c7ocuk Acil T\u0131p \u00e7al\u0131\u015fma grubu \u015fimdiye kadar ne gibi faaliyetlerde bulundu ve bundan sonraki planlar\u0131n\u0131z nelerdir?<\/strong><\/p>\n\n\n\n<p>2021 y\u0131l\u0131nda yapt\u0131\u011f\u0131m\u0131z ilk etkinlik 5 saatlik bir <em>webinar<\/em> oldu. Soka\u011fa \u00e7\u0131kma yasaklar\u0131n\u0131n oldu\u011fu d\u00f6nemde, sekiz konu\u015fmac\u0131 3 saat boyunca T\u00fcrk\u00e7e panelimizi y\u00fcr\u00fctt\u00fc. Webinar\u0131n geriye kalan 2 saatlik k\u0131sm\u0131nda ABD\u2019den ilk \u00c7ocuk Acil T\u0131p uzmanl\u0131k e\u011fitimini kuran bir konu\u015fmac\u0131m\u0131z ve yine \u00c7ocuk Acil T\u0131p alan\u0131nda \u00e7ok tan\u0131nan bir isim olan IFEM\u2019in \u00c7ocuk Acil T\u0131p ba\u015fkanl\u0131\u011f\u0131 g\u00f6revinde bulunmu\u015f bir konu\u015fmac\u0131m\u0131z ile \u00e7ocuk hastalar\u0131n bak\u0131m\u0131nda Acil T\u0131p uzmanlar\u0131n\u0131n yerini konu\u015ftuk.<\/p>\n\n\n\n<p>Bunun d\u0131\u015f\u0131nda bir anket \u00e7al\u0131\u015fmas\u0131 planlad\u0131k. Etik kurul onay\u0131 ald\u0131ktan sonra, T\u00fcrkiye\u2019de \u00e7ocuk hastalar\u0131n acil servislerde ald\u0131klar\u0131 bak\u0131m\u0131n \u00f6zelliklerini sorgulayan bir \u00e7al\u0131\u015fma ba\u015flatt\u0131k. Burada yakla\u015f\u0131k 100 farkl\u0131 hastaneden hizmetin \u00f6zelliklerini i\u00e7eren veriler topland\u0131. Bu veriler \u015fu an i\u00e7in analiz a\u015famas\u0131nda, bunu bilimsel bir yay\u0131na \u00e7evirerek elimizde en az\u0131ndan bu hizmete \u0131\u015f\u0131k tutacak bir veri olaca\u011f\u0131n\u0131 d\u00fc\u015f\u00fcn\u00fcyoruz.<\/p>\n\n\n\n<p>Kongrede bir panelimiz oldu. Bu panelde yine \u00e7ocuk acil t\u0131p hizmetleri ile ilgili veriler ve \u00e7ocuk hastalar\u0131n acil bak\u0131mlar\u0131 ile ilgili bilgiler payla\u015f\u0131ld\u0131. \u00c7al\u0131\u015fma grubu olarak yeni bir \u00e7al\u0131\u015fmaya daha ba\u015flad\u0131k. Bu \u00e7al\u0131\u015fma sonucunda, \u00fclkemizdeki ve D\u00fcnya\u2019daki e\u011fitim m\u00fcfredatlar\u0131n\u0131n kar\u015f\u0131la\u015ft\u0131r\u0131lmas\u0131n\u0131, uygulamalar\u0131n g\u00f6zden ge\u00e7irilmesini ve rotasyon hedeflerinin g\u00fcncellenmesini sa\u011flay\u0131p elde edilen sonu\u00e7lar\u0131 dernek \u00fczerinden T\u0131pta Uzmanl\u0131k Kurulu\u2019na ve Acil T\u0131p TUKMOS\u2019una sunmay\u0131 planl\u0131yoruz. Bunun i\u00e7in \u00e7al\u0131\u015fma grubu i\u00e7erisinde \u00f6zel bir ekip olu\u015fturuldu ve faaliyete ba\u015flad\u0131.<\/p>\n\n\n\n<p>Gelecek d\u00f6nem i\u00e7in \u00c7ocuk Acil T\u0131p Kurslar\u0131 planland\u0131k. TATD <strong><em>5. Kurs G\u00fcnleri Kongresi\u2019nde<\/em><\/strong> medikal ve travma acilleri \u015feklinde iki kursumuz ve bunun haricinde iki g\u00fcnl\u00fck, interaktif ve uygulama a\u011f\u0131rl\u0131kl\u0131 bir \u00e7ocuk acil t\u0131p kursunu da hayata ge\u00e7irmeyi planl\u0131yoruz.<\/p>\n\n\n\n<p>Ek olarak e\u011fitim sunumlar\u0131 yapmay\u0131 planlad\u0131k. Sunumlar i\u00e7in konu ba\u015fl\u0131klar\u0131 belirlendi. 2022 i\u00e7erisinde k\u0131sa videolar \u015feklinde TATD web sayfas\u0131nda yay\u0131nlanmak \u00fczere, \u00f6zellikli konularda, alandaki g\u00fcnl\u00fck prati\u011fe y\u00f6nelik 6-7 dakikal\u0131k video format\u0131nda bir e\u011fitim program\u0131 olu\u015fturuldu. Ayn\u0131 \u015fekilde webinarlar, f\u0131rsat olursa bir sempozyum ve \u00f6zellikle ulusal ve uluslararas\u0131 dernek, kurulu\u015flar ve ki\u015filer ile birlikte i\u015f birli\u011fi i\u00e7erisinde yeni etkinlikler yapmay\u0131 da planl\u0131yoruz.<\/p>\n\n\n\n<p class=\"has-vivid-purple-color has-text-color has-medium-font-size\"><strong>Cem hocam zaman\u0131n\u0131z\u0131 ay\u0131rd\u0131\u011f\u0131n\u0131z ve bu g\u00fczel bilgiler i\u00e7in \u00e7ok te\u015fekk\u00fcr ederiz. Son olarak eklemek istedi\u011finiz ba\u015fka bir \u015fey var m\u0131d\u0131r?<\/strong><\/p>\n\n\n\n<p>\u00c7al\u0131\u015fma Grubumuz halen \u00e7ok yeni. \u00c7ocuk Acil T\u0131p alan\u0131nda hizmet veren herkesin deste\u011fini ve kat\u0131l\u0131m\u0131n\u0131 bekliyoruz. Bana bu f\u0131rsat\u0131 verdi\u011finiz i\u00e7in de TATD \u00c7ocuk Acil T\u0131p \u00c7al\u0131\u015fma Grubu ad\u0131na sayg\u0131lar\u0131m\u0131 sunar\u0131m.<\/p>\n\n\n\n<p>Evet bug\u00fcn \u00c7ocuk Acil T\u0131p \u00c7G ad\u0131na Prof. Dr. Cem Oktay ile birlikteydik. Bir sonraki \u00c7G r\u00f6portaj\u0131m\u0131zda g\u00f6r\u00fc\u015fmek \u00fczere \u2026 Bizi takipte kal\u0131n!<\/p>\n\n\n\n<p class=\"rounded-3 px-2 py-1 has-text-color has-background has-small-font-size\" style=\"background-color:#f5f5f5;color:#666666\"><em>Bu yaz\u0131 Acil T\u0131p B\u00fclteni&#8217;nin Ocak 2022 tarihli <\/em><a href=\"https:\/\/tatd.org.tr\/aciltipbulteni\/2022\/02\/02\/2022-ocak-sayimiz-cikti\/\" target=\"_blank\" rel=\"noreferrer noopener\"><em>10. say\u0131s\u0131nda<\/em><\/a><em> yay\u0131mlanm\u0131\u015ft\u0131r.<\/em><\/p>\n","protected":false},"excerpt":{"rendered":"<p>Bug\u00fcn Acil T\u0131p camias\u0131nda \u00e7ok tan\u0131nan, T\u00fcrkiye\u2019de Acil T\u0131bb\u0131n ilk kurulu\u015fundan bu yana gerek ulusal gerekse uluslararas\u0131 platformlarda elinden gelen her t\u00fcrl\u00fc&hellip;<\/p>\n","protected":false},"author":1185,"featured_media":2887,"comment_status":"open","ping_status":"open","sticky":false,"template":"","format":"standard","meta":{"_acf_changed":false,"inline_featured_image":false,"_lmt_disableupdate":"","_lmt_disable":"","footnotes":""},"categories":[12,18,10015],"tags":[59,10280],"class_list":["post-2881","post","type-post","status-publish","format-standard","has-post-thumbnail","hentry","category-roportaj","category-tanitim","category-sosyal-blog-yazisi","tag-calisma-gruplari","tag-cocuk-acil"],"acf":[],"_links":{"self":[{"href":"https:\/\/tatd.org.tr\/aciltipbulteni\/wp-json\/wp\/v2\/posts\/2881","targetHints":{"allow":["GET"]}}],"collection":[{"href":"https:\/\/tatd.org.tr\/aciltipbulteni\/wp-json\/wp\/v2\/posts"}],"about":[{"href":"https:\/\/tatd.org.tr\/aciltipbulteni\/wp-json\/wp\/v2\/types\/post"}],"author":[{"embeddable":true,"href":"https:\/\/tatd.org.tr\/aciltipbulteni\/wp-json\/wp\/v2\/users\/1185"}],"replies":[{"embeddable":true,"href":"https:\/\/tatd.org.tr\/aciltipbulteni\/wp-json\/wp\/v2\/comments?post=2881"}],"version-history":[{"count":0,"href":"https:\/\/tatd.org.tr\/aciltipbulteni\/wp-json\/wp\/v2\/posts\/2881\/revisions"}],"wp:featuredmedia":[{"embeddable":true,"href":"https:\/\/tatd.org.tr\/aciltipbulteni\/wp-json\/wp\/v2\/media\/2887"}],"wp:attachment":[{"href":"https:\/\/tatd.org.tr\/aciltipbulteni\/wp-json\/wp\/v2\/media?parent=2881"}],"wp:term":[{"taxonomy":"category","embeddable":true,"href":"https:\/\/tatd.org.tr\/aciltipbulteni\/wp-json\/wp\/v2\/categories?post=2881"},{"taxonomy":"post_tag","embeddable":true,"href":"https:\/\/tatd.org.tr\/aciltipbulteni\/wp-json\/wp\/v2\/tags?post=2881"}],"curies":[{"name":"wp","href":"https:\/\/api.w.org\/{rel}","templated":true}]}}