{"id":2843,"date":"2022-04-27T09:00:00","date_gmt":"2022-04-27T06:00:00","guid":{"rendered":"https:\/\/tatd.org.tr\/aciltipbulteni\/?p=2843"},"modified":"2022-04-24T23:44:11","modified_gmt":"2022-04-24T20:44:11","slug":"troya-kultur-yolu-tarih-doga-ve-kulturun-izinde-truvadan-asosa","status":"publish","type":"post","link":"https:\/\/tatd.org.tr\/aciltipbulteni\/2022\/04\/27\/troya-kultur-yolu-tarih-doga-ve-kulturun-izinde-truvadan-asosa\/","title":{"rendered":"Troya K\u00fclt\u00fcr Yolu Tarih, Do\u011fa ve K\u00fclt\u00fcr\u00fcn \u0130zinde Truva\u2019dan Asos\u2019a"},"content":{"rendered":"\n<div class=\"wp-block-image\"><figure class=\"alignleft size-full\"><img decoding=\"async\" width=\"164\" height=\"95\" src=\"https:\/\/tatd.org.tr\/aciltipbulteni\/wp-content\/uploads\/sites\/3\/2022\/04\/2b6102616d837fe8f76db8fe74a71cba.png\" alt=\"\" class=\"wp-image-2844\" \/><\/figure><\/div>\n\n\n\n<p>Likya yolu, Karia yolu, St Paul yolu derken 2019 y\u0131l\u0131nda tarih, do\u011fa ve k\u00fclt\u00fcr\u00fcn izinde Truva\u2019dan Asos\u2019a slogan\u0131yla \u00fclkemize kazand\u0131r\u0131lan y\u00fcr\u00fcy\u00fc\u015f yolu <strong><em>Troya k\u00fclt\u00fcr rotas\u0131n\u0131<\/em><\/strong> ve deneyimlerimi sizlerle payla\u015faca\u011f\u0131m.<\/p>\n\n\n\n<p>2018 Troya Y\u0131l\u0131 kapsam\u0131nda \u00c7anakkale Tarih ve K\u00fclt\u00fcr Vakf\u0131 (\u00c7ATKAV) taraf\u0131ndan \u00c7anakkale Valili\u011fi ortakl\u0131\u011f\u0131nda olu\u015fturulan y\u00fcr\u00fcy\u00fc\u015f ve bisiklet yollar\u0131n\u0131 i\u00e7eren 120 km uzunlu\u011fundaki uluslararas\u0131 standartlara uygun bir yoldur. Yolun kendi mobil aplikasyonu olmas\u0131 ve bu aplikasyon i\u00e7erisinde tarihi alanlar\u0131n, k\u00f6ylerin, yemek yenebilecek yerlerin, marketlerin tek tek i\u015faretlenmi\u015f olmas\u0131 bu yolun olu\u015fturulmas\u0131nda ne kadar b\u00fcy\u00fck eme\u011fin oldu\u011funun g\u00f6stergesi.<\/p>\n\n\n\n<p>Hem mobil aplikasyonun hem de internet sitesinin (<a href=\"https:\/\/www.troycultureroute.com\">https:\/\/www.troycultureroute.com<\/a>) \u0130ngilizce se\u00e7ene\u011finin olmas\u0131 \u00f6n\u00fcm\u00fczdeki y\u0131llarda hem yurt i\u00e7i hem de yurt d\u0131\u015f\u0131 \u00e7ok daha fazla y\u00fcr\u00fcy\u00fc\u015f\u00e7\u00fcn\u00fcn bu yola ra\u011fbet g\u00f6sterece\u011finin en b\u00fcy\u00fck g\u00f6stergesidir.<\/p>\n\n\n\n<p class=\"has-text-color has-medium-font-size\" style=\"color:#2e7d32\"><strong>\u201cDaha \u00f6nce g\u00f6rd\u00fc\u011f\u00fcm ve y\u00fcr\u00fcmeyi \u00e7ok istedi\u011fim bir rotayd\u0131 benim i\u00e7in\u201d<\/strong><\/p>\n\n\n\n<p>Ge\u00e7ti\u011fimiz haziran ay\u0131n\u0131n ortas\u0131nda Sakarya-D\u00fczce\u2019de yaylalar aras\u0131 y\u00fcr\u00fcy\u00fc\u015f planlar\u0131 yaparken meteorolojinin arka arkaya yapt\u0131\u011f\u0131 f\u0131rt\u0131na uyar\u0131lar\u0131ndan sonra akl\u0131ma bir anda d\u00fc\u015f\u00fcverdi Truva yolunu y\u00fcr\u00fcmek. Ancak haziran ay\u0131nda s\u0131cakl\u0131klar\u0131n artmas\u0131 ve do\u011fan\u0131n kurakla\u015fmas\u0131 kafamdaki en b\u00fcy\u00fck soru i\u015faretleriydi. Bir tatil plan\u0131 yap\u0131ld\u0131ysa asla vazge\u00e7meyen ben, kafamdaki soru i\u015faretleriyle birlikte \u0130stanbul\u2019dan Assos\u2019a kadar y\u00fcr\u00fcy\u00fc\u015fe haz\u0131r olarak geldim. Marmara ve Bat\u0131 Karadeniz\u2019i vuran f\u0131rt\u0131n\u0131n etkisiyle \u00c7anakkale B\u00f6lgesi\u2019nde de hava s\u0131cakl\u0131klar\u0131n\u0131n d\u00fc\u015fm\u00fc\u015f olmas\u0131 kafamdaki en b\u00fcy\u00fck soru i\u015faretini bir anda siliverdi. Rota asl\u0131nda Truva antik \u015fehrinden ba\u015flay\u0131p Assos antik \u015fehrinde bitiyordu. Assos b\u00f6lgesindeki denizin y\u00fcr\u00fcy\u00fc\u015f\u00fcm\u00fc g\u00fczelle\u015ftirece\u011fine inanarak yolun en sonundan ba\u015flad\u0131m iyi ki de \u00f6yle yapm\u0131\u015f\u0131m yolun ilk kilometrelerinde sol taraf\u0131mda s\u00fcrekli e\u015flik eden bir deniz ve Midilli Ada\u2019s\u0131 manzaras\u0131 mevcuttu.<\/p>\n\n\n\n<figure class=\"wp-block-image size-large\"><img fetchpriority=\"high\" decoding=\"async\" width=\"1024\" height=\"576\" src=\"https:\/\/tatd.org.tr\/aciltipbulteni\/wp-content\/uploads\/sites\/3\/2022\/04\/f44c7705a016218908073ce84c506cfb-1024x576.jpg\" alt=\"\" class=\"wp-image-2845\" srcset=\"https:\/\/tatd.org.tr\/aciltipbulteni\/wp-content\/uploads\/sites\/3\/2022\/04\/f44c7705a016218908073ce84c506cfb-1024x576.jpg 1024w, https:\/\/tatd.org.tr\/aciltipbulteni\/wp-content\/uploads\/sites\/3\/2022\/04\/f44c7705a016218908073ce84c506cfb-300x169.jpg 300w, https:\/\/tatd.org.tr\/aciltipbulteni\/wp-content\/uploads\/sites\/3\/2022\/04\/f44c7705a016218908073ce84c506cfb-768x432.jpg 768w, https:\/\/tatd.org.tr\/aciltipbulteni\/wp-content\/uploads\/sites\/3\/2022\/04\/f44c7705a016218908073ce84c506cfb-1536x864.jpg 1536w, https:\/\/tatd.org.tr\/aciltipbulteni\/wp-content\/uploads\/sites\/3\/2022\/04\/f44c7705a016218908073ce84c506cfb-1120x630.jpg 1120w, https:\/\/tatd.org.tr\/aciltipbulteni\/wp-content\/uploads\/sites\/3\/2022\/04\/f44c7705a016218908073ce84c506cfb.jpg 1600w\" sizes=\"(max-width: 1024px) 100vw, 1024px\" \/><\/figure>\n\n\n\n<p class=\"has-text-color has-medium-font-size\" style=\"color:#2e7d32\"><strong>\u201cBehramkale k\u00f6y\u00fcnden antik limana do\u011fru inen virajlar\u0131 yollar\u0131 h\u0131zl\u0131 ad\u0131mlarla ar\u015f\u0131nlad\u0131m\u201d<\/strong><\/p>\n\n\n\n<p>Haziran ay\u0131n\u0131n ortas\u0131nda bir \u00f6\u011flen vakti <strong>Behramkale<\/strong> k\u00f6y meydan\u0131na arabam\u0131 b\u0131rakt\u0131m. Yakla\u015f\u0131k 10 kg\u2019l\u0131k s\u0131rt \u00e7antam, daha hafif olam\u0131yordu, i\u00e7erisinde \u00e7ad\u0131r\u0131m, mat\u0131m, uyku tulumum, yedek bir adet ti\u015f\u00f6rt\u00fcm ve y\u00fczme \u015fortum mevcuttu. Mutfak malzemesi olarak kamp t\u00fcp\u00fcm, ultra hafif tencerem ve oca\u011f\u0131m, kalorisi fazla a\u011f\u0131rl\u0131\u011f\u0131 hafif oldu\u011fu i\u00e7in \u00e7ok say\u0131da noodle, kahve ve at\u0131\u015ft\u0131rmal\u0131klar\u0131m vard\u0131. Son olarak k\u00f6y marketinden ald\u0131\u011f\u0131m 2,5 lt\u2019lik su ve ekme\u011fimle beraber s\u0131rt\u0131mdaki y\u00fck 13 kg\u2019\u0131m\u0131n \u00fczerine \u00e7\u0131km\u0131\u015ft\u0131. \u0130lk g\u00fcn Behramkale k\u00f6y\u00fcnden Bekta\u015f k\u00f6y\u00fcne kadar yakla\u015f\u0131k 15 km\u2019lik bir yolum vard\u0131 ve ben neredeyse \u00f6\u011flene kadar vaktimi yolda harcam\u0131\u015ft\u0131m, bu y\u00fczden olabildi\u011fince h\u0131zl\u0131 olmal\u0131yd\u0131m. Assos kaz\u0131 evinin hemen a\u015fa\u011f\u0131s\u0131nda y\u00fcr\u00fcy\u00fc\u015f yolunun tabelas\u0131n\u0131 g\u00f6rd\u00fcm. Ba\u015flang\u0131\u00e7 noktama ula\u015fm\u0131\u015ft\u0131m. Yol buradan antik liman\u0131 arkas\u0131nda b\u0131rakarak bat\u0131 y\u00f6n\u00fcne do\u011fru ilerliyordu ve sol taraf\u0131mda bana e\u015flik eden \u00e7ok g\u00fczel bir deniz manzaras\u0131 mevcuttu. Y\u00fcr\u00fcy\u00fc\u015f yolunun internet sitesinde rotay\u0131 i\u00e7eren <em>kml <\/em>uzant\u0131l\u0131 dosyay\u0131 indirip cep telefonumdaki offline \u00e7al\u0131\u015fan <em>maps me<\/em> uygulamas\u0131na y\u00fcklemi\u015ftim ancak buna \u00e7ok fazla ihtiya\u00e7 duymad\u0131m. Yol o kadar g\u00fczel i\u015faretliydi ki kafam\u0131 her \u00e7evirdi\u011fimde ba\u015fka bir ta\u015f\u0131n, a\u011fac\u0131n, \u00e7al\u0131n\u0131n \u00fczerinde k\u0131rm\u0131z\u0131 beyaz uluslararas\u0131 y\u00fcr\u00fcy\u00fc\u015f yolu i\u015faretini g\u00f6r\u00fcyordum.<\/p>\n\n\n\n<figure class=\"wp-block-gallery alignwide has-nested-images columns-default is-cropped wp-block-gallery-1 is-layout-flex wp-block-gallery-is-layout-flex\">\n<figure class=\"wp-block-image size-large\"><img decoding=\"async\" width=\"768\" height=\"1024\" data-id=\"2846\" src=\"https:\/\/tatd.org.tr\/aciltipbulteni\/wp-content\/uploads\/sites\/3\/2022\/04\/150d3bfae344a934ae3e4a6461cd483f-768x1024.jpg\" alt=\"\" class=\"wp-image-2846\" srcset=\"https:\/\/tatd.org.tr\/aciltipbulteni\/wp-content\/uploads\/sites\/3\/2022\/04\/150d3bfae344a934ae3e4a6461cd483f-768x1024.jpg 768w, https:\/\/tatd.org.tr\/aciltipbulteni\/wp-content\/uploads\/sites\/3\/2022\/04\/150d3bfae344a934ae3e4a6461cd483f-225x300.jpg 225w, https:\/\/tatd.org.tr\/aciltipbulteni\/wp-content\/uploads\/sites\/3\/2022\/04\/150d3bfae344a934ae3e4a6461cd483f-1152x1536.jpg 1152w, https:\/\/tatd.org.tr\/aciltipbulteni\/wp-content\/uploads\/sites\/3\/2022\/04\/150d3bfae344a934ae3e4a6461cd483f-1536x2048.jpg 1536w, https:\/\/tatd.org.tr\/aciltipbulteni\/wp-content\/uploads\/sites\/3\/2022\/04\/150d3bfae344a934ae3e4a6461cd483f-473x630.jpg 473w, https:\/\/tatd.org.tr\/aciltipbulteni\/wp-content\/uploads\/sites\/3\/2022\/04\/150d3bfae344a934ae3e4a6461cd483f-scaled.jpg 1920w\" sizes=\"(max-width: 768px) 100vw, 768px\" \/><\/figure>\n\n\n\n<figure class=\"wp-block-image size-large\"><img loading=\"lazy\" decoding=\"async\" width=\"768\" height=\"1024\" data-id=\"2847\" src=\"https:\/\/tatd.org.tr\/aciltipbulteni\/wp-content\/uploads\/sites\/3\/2022\/04\/206eb495a51c723b8f6c701b865fa9be-768x1024.jpg\" alt=\"\" class=\"wp-image-2847\" srcset=\"https:\/\/tatd.org.tr\/aciltipbulteni\/wp-content\/uploads\/sites\/3\/2022\/04\/206eb495a51c723b8f6c701b865fa9be-768x1024.jpg 768w, https:\/\/tatd.org.tr\/aciltipbulteni\/wp-content\/uploads\/sites\/3\/2022\/04\/206eb495a51c723b8f6c701b865fa9be-225x300.jpg 225w, https:\/\/tatd.org.tr\/aciltipbulteni\/wp-content\/uploads\/sites\/3\/2022\/04\/206eb495a51c723b8f6c701b865fa9be-1152x1536.jpg 1152w, https:\/\/tatd.org.tr\/aciltipbulteni\/wp-content\/uploads\/sites\/3\/2022\/04\/206eb495a51c723b8f6c701b865fa9be-1536x2048.jpg 1536w, https:\/\/tatd.org.tr\/aciltipbulteni\/wp-content\/uploads\/sites\/3\/2022\/04\/206eb495a51c723b8f6c701b865fa9be-473x630.jpg 473w, https:\/\/tatd.org.tr\/aciltipbulteni\/wp-content\/uploads\/sites\/3\/2022\/04\/206eb495a51c723b8f6c701b865fa9be-scaled.jpg 1920w\" sizes=\"(max-width: 768px) 100vw, 768px\" \/><\/figure>\n<\/figure>\n\n\n\n<p class=\"has-text-color has-medium-font-size\" style=\"color:#2e7d32\"><strong>\u201cPlajlardaki kirlilik m\u00fcltecilerden geriye kalan izlerdi asl\u0131nda\u201d<\/strong><\/p>\n\n\n\n<p>Rotan\u0131n ilk kilometrelerinde Assos Antik Liman\u2019dan bat\u0131ya ilerlerken sol yan\u0131mda yakla\u015f\u0131k 20-30 metre a\u015fa\u011f\u0131mda ufak ufak plajlar mevcuttu. Bu ufak plajlar sadece patikayla y\u00fcr\u00fcnerek gelinebilmesine ra\u011fmen \u00e7ok fazla kirliydiler, biraz ilerledikten sonra akl\u0131ma internette okudu\u011fum bu plajlardan Midilli\u2019ye m\u00fcltecilerin ka\u00e7\u0131r\u0131ld\u0131\u011f\u0131 akl\u0131ma geldi. Plajlarda \u00e7ok fazla kaderine terkedilmi\u015f eski k\u0131yafetler, \u015fi\u015fme can yelekleri ve ayakkab\u0131lar vard\u0131. Bunlar m\u00fcltecilerin ayak izleriydi. Bir s\u00fcre daha denize yak\u0131n y\u00fcr\u00fcd\u00fckten sonra yol i\u00e7eriye do\u011fru k\u0131vr\u0131lmaya, tarlalar\u0131n aras\u0131nda ilerlemeye ba\u015fl\u0131yordu.&nbsp; Yol h\u0131zl\u0131 y\u00fcr\u00fcmeye m\u00fcsaitti ve ben de ak\u015fam\u0131n yakla\u015fmas\u0131yla beraber h\u0131z\u0131m\u0131 art\u0131rarak yoluma devam ettim.<\/p>\n\n\n\n<p class=\"has-text-color has-medium-font-size\" style=\"color:#2e7d32\"><strong>\u201cYakla\u015f\u0131k 11 km\u2019lik Assos kaz\u0131 evi ile Kuruoba k\u00f6y\u00fc aras\u0131nda hi\u00e7bir su kayna\u011f\u0131 bulman\u0131z imkans\u0131z\u201d<\/strong><\/p>\n\n\n\n<p><strong>Kuruoba<\/strong> k\u00f6y\u00fcne do\u011fru ilerlerken bir s\u00fcre antik yoldan y\u00fcr\u00fcd\u00fcm. K\u00f6y\u00fcn hemen alt\u0131ndaki ufak ormanl\u0131k alanda bir anda \u00f6n\u00fcme ufak bir tilki atl\u0131yor ancak beni g\u00f6rmesiyle ka\u00e7mas\u0131 bir oluyordu. Bu ormanl\u0131k alanda yakla\u015f\u0131k 200 metrelik bir irtifa kazan\u0131m\u0131 var ancak beni hi\u00e7 yormadan k\u00f6ye ula\u015f\u0131yorum ve k\u00f6y meydan\u0131ndaki \u00e7e\u015fmeden sular\u0131m\u0131 yeniledim. Kuruoba k\u00f6y\u00fcnden Bekta\u015f k\u00f6y\u00fcne do\u011fru y\u00fcr\u00fcy\u00fc\u015f yolu araba yolunun hemen paralelinden ilerliyor ve manzaras\u0131 olmamas\u0131yla biraz can s\u0131k\u0131c\u0131 ancak h\u0131zl\u0131ca 3 km\u2019yi y\u00fcr\u00fcyerek <strong>Bekta\u015f<\/strong> k\u00f6y\u00fcne vard\u0131m. K\u00f6y meydan\u0131ndaki marketten so\u011fuk i\u00e7ecek al\u0131p, bir s\u00fcre dinlendikten sonra buldu\u011fum bir \u00e7al\u0131l\u0131k alan\u0131n i\u00e7ine \u00e7ad\u0131r\u0131m\u0131 kurdum, ak\u015fam yeme\u011fimi haz\u0131rlay\u0131p, afiyetle yedim. \u00d6\u011flen ba\u015flad\u0131\u011f\u0131m yolun daha ilk g\u00fcnden 15 km\u2019sini y\u00fcr\u00fcm\u00fc\u015f olman\u0131n etkisiyle erkenden uykuya dald\u0131m.&nbsp;<\/p>\n\n\n\n<figure class=\"wp-block-gallery has-nested-images columns-default is-cropped wp-block-gallery-2 is-layout-flex wp-block-gallery-is-layout-flex\">\n<figure class=\"wp-block-image size-large\"><img loading=\"lazy\" decoding=\"async\" width=\"1920\" height=\"2560\" data-id=\"2849\" src=\"https:\/\/tatd.org.tr\/aciltipbulteni\/wp-content\/uploads\/sites\/3\/2022\/04\/7b07b64a2fb8c4816c5f8a3608a73286-scaled.jpg\" alt=\"\" class=\"wp-image-2849\" srcset=\"https:\/\/tatd.org.tr\/aciltipbulteni\/wp-content\/uploads\/sites\/3\/2022\/04\/7b07b64a2fb8c4816c5f8a3608a73286-scaled.jpg 1920w, https:\/\/tatd.org.tr\/aciltipbulteni\/wp-content\/uploads\/sites\/3\/2022\/04\/7b07b64a2fb8c4816c5f8a3608a73286-225x300.jpg 225w, https:\/\/tatd.org.tr\/aciltipbulteni\/wp-content\/uploads\/sites\/3\/2022\/04\/7b07b64a2fb8c4816c5f8a3608a73286-768x1024.jpg 768w, https:\/\/tatd.org.tr\/aciltipbulteni\/wp-content\/uploads\/sites\/3\/2022\/04\/7b07b64a2fb8c4816c5f8a3608a73286-1152x1536.jpg 1152w, https:\/\/tatd.org.tr\/aciltipbulteni\/wp-content\/uploads\/sites\/3\/2022\/04\/7b07b64a2fb8c4816c5f8a3608a73286-1536x2048.jpg 1536w, https:\/\/tatd.org.tr\/aciltipbulteni\/wp-content\/uploads\/sites\/3\/2022\/04\/7b07b64a2fb8c4816c5f8a3608a73286-473x630.jpg 473w\" sizes=\"(max-width: 1920px) 100vw, 1920px\" \/><\/figure>\n\n\n\n<figure class=\"wp-block-image size-large\"><img loading=\"lazy\" decoding=\"async\" width=\"1920\" height=\"2560\" data-id=\"2848\" src=\"https:\/\/tatd.org.tr\/aciltipbulteni\/wp-content\/uploads\/sites\/3\/2022\/04\/f53646c164ba7f6164a74087bae37228-scaled.jpg\" alt=\"\" class=\"wp-image-2848\" srcset=\"https:\/\/tatd.org.tr\/aciltipbulteni\/wp-content\/uploads\/sites\/3\/2022\/04\/f53646c164ba7f6164a74087bae37228-scaled.jpg 1920w, https:\/\/tatd.org.tr\/aciltipbulteni\/wp-content\/uploads\/sites\/3\/2022\/04\/f53646c164ba7f6164a74087bae37228-225x300.jpg 225w, https:\/\/tatd.org.tr\/aciltipbulteni\/wp-content\/uploads\/sites\/3\/2022\/04\/f53646c164ba7f6164a74087bae37228-768x1024.jpg 768w, https:\/\/tatd.org.tr\/aciltipbulteni\/wp-content\/uploads\/sites\/3\/2022\/04\/f53646c164ba7f6164a74087bae37228-1152x1536.jpg 1152w, https:\/\/tatd.org.tr\/aciltipbulteni\/wp-content\/uploads\/sites\/3\/2022\/04\/f53646c164ba7f6164a74087bae37228-1536x2048.jpg 1536w, https:\/\/tatd.org.tr\/aciltipbulteni\/wp-content\/uploads\/sites\/3\/2022\/04\/f53646c164ba7f6164a74087bae37228-473x630.jpg 473w\" sizes=\"(max-width: 1920px) 100vw, 1920px\" \/><\/figure>\n<\/figure>\n\n\n\n<p class=\"has-text-color has-medium-font-size\" style=\"color:#2e7d32\"><strong>\u201cY\u00fcr\u00fcy\u00fc\u015f\u00fcn ilk etab\u0131ndan akl\u0131mda kalanlar manzaras\u0131n\u0131n etkileyici olmas\u0131, teknik gerektirmeyecek kadar kolay ve isteyen herkes i\u00e7in m\u00fcmk\u00fcn olmas\u0131\u201d<\/strong><\/p>\n\n\n\n<p>\u0130kinci g\u00fcn sabah \u00e7ad\u0131r\u0131m\u0131n \u00fczerine do\u011fan g\u00fcne\u015fle erkenden uyan\u0131yorum. 22 km\u2019lik Bekta\u015f-G\u00fclp\u0131nar rotas\u0131 var \u00f6n\u00fcmde. Erkenden ba\u015fl\u0131yorum y\u00fcr\u00fcmeye, sol taraf\u0131mda bu sefer biraz uzakta olsa da Midilli mevcut. <strong>Balabanl\u0131<\/strong> k\u00f6y\u00fcn\u00fcn biraz ilerisinde ana yolun ilk kez kuzeyine ge\u00e7iyorum. Sonradan \u00f6\u011frendi\u011fim rota \u00fczerinde bu b\u00f6lgede d\u00fczeltme yap\u0131ld\u0131\u011f\u0131 ancak koordinat haritas\u0131n\u0131n g\u00fcncellenmedi\u011fi o y\u00fczden siz de y\u00fcr\u00fcmeye karar verirseniz <strong><em>sadece yoldaki i\u015faretleri takip edin.<\/em><\/strong> Bu s\u0131rada \u00f6n\u00fcme eski bir \u00e7e\u015fme \u00e7\u0131k\u0131yor neredeyse sabah du\u015fu al\u0131yorum burada orman\u0131n i\u00e7erisinde.<\/p>\n\n\n\n<p>Ard\u0131ndan <strong>Koyunevi<\/strong> k\u00f6y\u00fcne do\u011fru antik oldu\u011funu d\u00fc\u015f\u00fcnd\u00fc\u011f\u00fcm ta\u015f yoldan y\u00fcr\u00fcyorum ve birden yukar\u0131dan k\u00f6y\u00fc g\u00f6r\u00fcyorum. E\u011fer bir \u015feyler yemek isterseniz veya konaklamak isterseniz Koyunevi k\u00f6y\u00fcnde bir ta\u015f ev ve kendine ait restaurant\u0131 mevcut. Koyunevi k\u00f6y\u00fcnden 1,5 km ileride Bademli k\u00f6y\u00fcne var\u0131yorum. Bu iki k\u00f6y aras\u0131nda a\u015fa\u011f\u0131daki d\u00fczl\u00fckteki tuzla ovas\u0131 g\u00f6z\u00fck\u00fcyor. Bademli k\u00f6y\u00fcn\u00fcn bitiminde a\u015fa\u011f\u0131daki dere yata\u011f\u0131na iniliyor. Benim ge\u00e7ti\u011fim d\u00f6nemde derede hi\u00e7 su yoktu ancak dere yata\u011f\u0131nda \u00e7ok g\u00fczel a\u011fa\u00e7lar ve g\u00f6lgesi mevcut burada mat\u0131m\u0131n serip k\u0131sa bir uykuya dal\u0131yorum. Uyan\u0131nca kahvemi yudumluyorum, \u00f6\u011flene kadar yakla\u015f\u0131k 10 km y\u00fcr\u00fcm\u00fc\u015f\u00fcm. Dere yata\u011f\u0131ndan bat\u0131ya do\u011fru biraz irtifa kazan\u0131p anayolu tekrar ge\u00e7iyorsun. Yolun bu k\u0131sm\u0131nda k\u00f6ylerin s\u0131k s\u0131k gelmesi ve yol kenar\u0131ndaki \u00e7e\u015fmelerin varl\u0131\u011f\u0131yla su konusunda pek s\u0131k\u0131nt\u0131 \u00e7ekilmiyor.<\/p>\n\n\n\n<figure class=\"wp-block-gallery has-nested-images columns-default is-cropped wp-block-gallery-3 is-layout-flex wp-block-gallery-is-layout-flex\">\n<figure class=\"wp-block-image size-large\"><img loading=\"lazy\" decoding=\"async\" width=\"768\" height=\"1024\" data-id=\"2851\" src=\"https:\/\/tatd.org.tr\/aciltipbulteni\/wp-content\/uploads\/sites\/3\/2022\/04\/adbf85705bf5693c7b11d646d31bca29-768x1024.jpg\" alt=\"\" class=\"wp-image-2851\" srcset=\"https:\/\/tatd.org.tr\/aciltipbulteni\/wp-content\/uploads\/sites\/3\/2022\/04\/adbf85705bf5693c7b11d646d31bca29-768x1024.jpg 768w, https:\/\/tatd.org.tr\/aciltipbulteni\/wp-content\/uploads\/sites\/3\/2022\/04\/adbf85705bf5693c7b11d646d31bca29-225x300.jpg 225w, https:\/\/tatd.org.tr\/aciltipbulteni\/wp-content\/uploads\/sites\/3\/2022\/04\/adbf85705bf5693c7b11d646d31bca29-1152x1536.jpg 1152w, https:\/\/tatd.org.tr\/aciltipbulteni\/wp-content\/uploads\/sites\/3\/2022\/04\/adbf85705bf5693c7b11d646d31bca29-1536x2048.jpg 1536w, https:\/\/tatd.org.tr\/aciltipbulteni\/wp-content\/uploads\/sites\/3\/2022\/04\/adbf85705bf5693c7b11d646d31bca29-473x630.jpg 473w, https:\/\/tatd.org.tr\/aciltipbulteni\/wp-content\/uploads\/sites\/3\/2022\/04\/adbf85705bf5693c7b11d646d31bca29-scaled.jpg 1920w\" sizes=\"(max-width: 768px) 100vw, 768px\" \/><\/figure>\n\n\n\n<figure class=\"wp-block-image size-large\"><img loading=\"lazy\" decoding=\"async\" width=\"1920\" height=\"2560\" data-id=\"2853\" src=\"https:\/\/tatd.org.tr\/aciltipbulteni\/wp-content\/uploads\/sites\/3\/2022\/04\/206a531077eadac05d5336c0825fc769-scaled.jpg\" alt=\"\" class=\"wp-image-2853\" srcset=\"https:\/\/tatd.org.tr\/aciltipbulteni\/wp-content\/uploads\/sites\/3\/2022\/04\/206a531077eadac05d5336c0825fc769-scaled.jpg 1920w, https:\/\/tatd.org.tr\/aciltipbulteni\/wp-content\/uploads\/sites\/3\/2022\/04\/206a531077eadac05d5336c0825fc769-225x300.jpg 225w, https:\/\/tatd.org.tr\/aciltipbulteni\/wp-content\/uploads\/sites\/3\/2022\/04\/206a531077eadac05d5336c0825fc769-768x1024.jpg 768w, https:\/\/tatd.org.tr\/aciltipbulteni\/wp-content\/uploads\/sites\/3\/2022\/04\/206a531077eadac05d5336c0825fc769-1152x1536.jpg 1152w, https:\/\/tatd.org.tr\/aciltipbulteni\/wp-content\/uploads\/sites\/3\/2022\/04\/206a531077eadac05d5336c0825fc769-1536x2048.jpg 1536w, https:\/\/tatd.org.tr\/aciltipbulteni\/wp-content\/uploads\/sites\/3\/2022\/04\/206a531077eadac05d5336c0825fc769-473x630.jpg 473w\" sizes=\"(max-width: 1920px) 100vw, 1920px\" \/><\/figure>\n<\/figure>\n\n\n\n<p>\u00c7e\u015fmeden sonra 3 km boyunca \u00e7am orman\u0131n\u0131n i\u00e7erisinde yol al\u0131yorum \u00f6n\u00fcme bir koyun s\u00fcr\u00fcs\u00fc \u00e7\u0131k\u0131yor. \u00c7obanla biraz muhabbet ediyorum \u00e7ok al\u0131\u015f\u0131k de\u011filler y\u00fcr\u00fcyenlere ancak b\u00f6yle bir y\u00fcr\u00fcy\u00fc\u015f yolunun oldu\u011funu biliyorlar. Orman\u0131n bitiminde bu sefer <strong>Kocak\u00f6y <\/strong>var \u00f6n\u00fcmde, bu k\u00f6y di\u011fer k\u00f6ylere g\u00f6re daha k\u00fc\u00e7\u00fck, \u00e7e\u015fme bile bulam\u0131yorum i\u00e7inde. K\u00f6yden yol bat\u0131 y\u00f6n\u00fcne vadi boyunca a\u015fa\u011f\u0131ya do\u011fru al\u00e7al\u0131yor ard\u0131ndan kurumu\u015f dereyi ge\u00e7iyorum ve vadinin di\u011fer taraf\u0131na ge\u00e7iyorum. \u00d6n\u00fcme G\u00fclp\u0131nar manzaras\u0131 \u00e7\u0131k\u0131yor. G\u00fclp\u0131nar <strong>Babakale<\/strong> yolundan kar\u015f\u0131ya ge\u00e7ip zeytin tarlalar\u0131n\u0131n aras\u0131na do\u011fru giriyor. Burada yakla\u015f\u0131k 3 km\u2019lik bir yoldan ilerledikten sonra G\u00fclp\u0131nar\u2019\u0131n \u00e7\u0131k\u0131\u015f\u0131na yani ikinci g\u00fcn rotas\u0131n\u0131n sonuna geliyorum.<\/p>\n\n\n\n<figure class=\"wp-block-gallery has-nested-images columns-default is-cropped wp-block-gallery-4 is-layout-flex wp-block-gallery-is-layout-flex\">\n<figure class=\"wp-block-image size-large\"><img loading=\"lazy\" decoding=\"async\" width=\"1920\" height=\"2560\" data-id=\"2850\" src=\"https:\/\/tatd.org.tr\/aciltipbulteni\/wp-content\/uploads\/sites\/3\/2022\/04\/d76649994a0403118325049f4818e3c6-scaled.jpg\" alt=\"\" class=\"wp-image-2850\" srcset=\"https:\/\/tatd.org.tr\/aciltipbulteni\/wp-content\/uploads\/sites\/3\/2022\/04\/d76649994a0403118325049f4818e3c6-scaled.jpg 1920w, https:\/\/tatd.org.tr\/aciltipbulteni\/wp-content\/uploads\/sites\/3\/2022\/04\/d76649994a0403118325049f4818e3c6-225x300.jpg 225w, https:\/\/tatd.org.tr\/aciltipbulteni\/wp-content\/uploads\/sites\/3\/2022\/04\/d76649994a0403118325049f4818e3c6-768x1024.jpg 768w, https:\/\/tatd.org.tr\/aciltipbulteni\/wp-content\/uploads\/sites\/3\/2022\/04\/d76649994a0403118325049f4818e3c6-1152x1536.jpg 1152w, https:\/\/tatd.org.tr\/aciltipbulteni\/wp-content\/uploads\/sites\/3\/2022\/04\/d76649994a0403118325049f4818e3c6-1536x2048.jpg 1536w, https:\/\/tatd.org.tr\/aciltipbulteni\/wp-content\/uploads\/sites\/3\/2022\/04\/d76649994a0403118325049f4818e3c6-473x630.jpg 473w\" sizes=\"(max-width: 1920px) 100vw, 1920px\" \/><\/figure>\n\n\n\n<figure class=\"wp-block-image size-large\"><img loading=\"lazy\" decoding=\"async\" width=\"768\" height=\"1024\" data-id=\"2852\" src=\"https:\/\/tatd.org.tr\/aciltipbulteni\/wp-content\/uploads\/sites\/3\/2022\/04\/8da0291c79fa6f28e2abe3f1e9c2c70b-768x1024.jpg\" alt=\"\" class=\"wp-image-2852\" srcset=\"https:\/\/tatd.org.tr\/aciltipbulteni\/wp-content\/uploads\/sites\/3\/2022\/04\/8da0291c79fa6f28e2abe3f1e9c2c70b-768x1024.jpg 768w, https:\/\/tatd.org.tr\/aciltipbulteni\/wp-content\/uploads\/sites\/3\/2022\/04\/8da0291c79fa6f28e2abe3f1e9c2c70b-225x300.jpg 225w, https:\/\/tatd.org.tr\/aciltipbulteni\/wp-content\/uploads\/sites\/3\/2022\/04\/8da0291c79fa6f28e2abe3f1e9c2c70b-1152x1536.jpg 1152w, https:\/\/tatd.org.tr\/aciltipbulteni\/wp-content\/uploads\/sites\/3\/2022\/04\/8da0291c79fa6f28e2abe3f1e9c2c70b-1536x2048.jpg 1536w, https:\/\/tatd.org.tr\/aciltipbulteni\/wp-content\/uploads\/sites\/3\/2022\/04\/8da0291c79fa6f28e2abe3f1e9c2c70b-473x630.jpg 473w, https:\/\/tatd.org.tr\/aciltipbulteni\/wp-content\/uploads\/sites\/3\/2022\/04\/8da0291c79fa6f28e2abe3f1e9c2c70b-scaled.jpg 1920w\" sizes=\"(max-width: 768px) 100vw, 768px\" \/><\/figure>\n<\/figure>\n\n\n\n<p>Buradan k\u0131sa bir y\u00fcr\u00fcy\u00fc\u015fle G\u00fclp\u0131nar\u2019daki Apollon Smintheion \u00f6ren yerine ula\u015fabilmek m\u00fcmk\u00fcn, bu b\u00f6lgenin Truva Antik \u015eehrinden sonraki en \u00f6nemli yerini muhakkak ziyaret etmelisiniz. <strong>G\u00fclp\u0131nar<\/strong> bu b\u00f6lgenin en b\u00fcy\u00fck yerle\u015fim yeri, zincir marketler, konaklama ve yemek yerleri mevcut. \u0130kinci g\u00fcn\u00fcn rotas\u0131n\u0131 tamamlam\u0131\u015f olmama ra\u011fmen tarlalar\u0131n aras\u0131nda 4-5 km daha y\u00fcr\u00fcyorum zaten d\u00fcmd\u00fcz bir trakt\u00f6r yolunday\u0131m. Bir zeytin tarlas\u0131n\u0131n i\u00e7ine giriyorum \u00e7ad\u0131r\u0131m\u0131 kurup, ak\u015fam yeme\u011fimi haz\u0131rl\u0131yorum.<\/p>\n\n\n\n<p class=\"has-text-color has-medium-font-size\" style=\"color:#2e7d32\"><strong>\u201c\u0130kinci g\u00fcn ile ilgili akl\u0131mda kalanlardan G\u00fclp\u0131nar civar\u0131nda tarlalar\u0131n aras\u0131ndaki yolun belki de y\u00fcr\u00fcy\u00fc\u015f\u00fcn en s\u0131k\u0131c\u0131 k\u0131sm\u0131 ve ufak tefek tepelerden dolay\u0131 biraz zorlay\u0131c\u0131 oldu\u011funu d\u00fc\u015f\u00fcn\u00fcyorum\u201d<\/strong><\/p>\n\n\n\n<p>\u00dc\u00e7\u00fcnc\u00fc g\u00fcn, G\u00fclp\u0131nar <strong>K\u00f6sedere<\/strong> aras\u0131ndaki 19 km\u2019l\u0131k yolun ilk 4-5 km\u2019sini bir \u00f6nceki g\u00fcnden y\u00fcr\u00fcm\u00fc\u015f oldu\u011fum i\u00e7in \u00f6n\u00fcmde 14 km\u2019lik bir mesafe mevcut. Sabah erkenden yola \u00e7\u0131k\u0131yorum. Tuzla ovas\u0131ndaki tarlalar\u0131n i\u00e7inden yola devam ediyorum, tarlalarda salatal\u0131k toplayan k\u00f6yl\u00fclerimiz salatal\u0131k ikram ediyorlar. Burada tuzla \u00e7ay\u0131na varmadan \u00f6nce tarlalar\u0131n aras\u0131nda bir antik roma k\u00f6pr\u00fcs\u00fcne rastl\u0131yorum. Tarlalar\u0131n i\u00e7inde oldu\u011funa bakmay\u0131n \u00f6nceden tuzla \u00e7ay\u0131 buradan ak\u0131yormu\u015f ancak zamanla \u00e7ay\u0131n getirdi\u011fi al\u00fcvyonlar\u0131n etkisiyle \u00e7ay\u0131n ak\u0131\u015f g\u00fczergah\u0131 de\u011fi\u015fince k\u00f6pr\u00fc tarlalar\u0131n i\u00e7inde kalm\u0131\u015f.<\/p>\n\n\n\n<figure class=\"wp-block-gallery has-nested-images columns-default is-cropped wp-block-gallery-5 is-layout-flex wp-block-gallery-is-layout-flex\">\n<figure class=\"wp-block-image size-large\"><img loading=\"lazy\" decoding=\"async\" width=\"1024\" height=\"768\" data-id=\"2854\" src=\"https:\/\/tatd.org.tr\/aciltipbulteni\/wp-content\/uploads\/sites\/3\/2022\/04\/1001833ff5657864d20f887bc3f986ed-1024x768.jpg\" alt=\"\" class=\"wp-image-2854\" srcset=\"https:\/\/tatd.org.tr\/aciltipbulteni\/wp-content\/uploads\/sites\/3\/2022\/04\/1001833ff5657864d20f887bc3f986ed-1024x768.jpg 1024w, https:\/\/tatd.org.tr\/aciltipbulteni\/wp-content\/uploads\/sites\/3\/2022\/04\/1001833ff5657864d20f887bc3f986ed-300x225.jpg 300w, https:\/\/tatd.org.tr\/aciltipbulteni\/wp-content\/uploads\/sites\/3\/2022\/04\/1001833ff5657864d20f887bc3f986ed-768x576.jpg 768w, https:\/\/tatd.org.tr\/aciltipbulteni\/wp-content\/uploads\/sites\/3\/2022\/04\/1001833ff5657864d20f887bc3f986ed-1536x1152.jpg 1536w, https:\/\/tatd.org.tr\/aciltipbulteni\/wp-content\/uploads\/sites\/3\/2022\/04\/1001833ff5657864d20f887bc3f986ed-2048x1536.jpg 2048w, https:\/\/tatd.org.tr\/aciltipbulteni\/wp-content\/uploads\/sites\/3\/2022\/04\/1001833ff5657864d20f887bc3f986ed-840x630.jpg 840w\" sizes=\"(max-width: 1024px) 100vw, 1024px\" \/><\/figure>\n\n\n\n<figure class=\"wp-block-image size-large\"><img loading=\"lazy\" decoding=\"async\" width=\"1024\" height=\"768\" data-id=\"2855\" src=\"https:\/\/tatd.org.tr\/aciltipbulteni\/wp-content\/uploads\/sites\/3\/2022\/04\/0528a195cbcfd4ec48e1300a96ff049f-1024x768.jpg\" alt=\"\" class=\"wp-image-2855\" srcset=\"https:\/\/tatd.org.tr\/aciltipbulteni\/wp-content\/uploads\/sites\/3\/2022\/04\/0528a195cbcfd4ec48e1300a96ff049f-1024x768.jpg 1024w, https:\/\/tatd.org.tr\/aciltipbulteni\/wp-content\/uploads\/sites\/3\/2022\/04\/0528a195cbcfd4ec48e1300a96ff049f-300x225.jpg 300w, https:\/\/tatd.org.tr\/aciltipbulteni\/wp-content\/uploads\/sites\/3\/2022\/04\/0528a195cbcfd4ec48e1300a96ff049f-768x576.jpg 768w, https:\/\/tatd.org.tr\/aciltipbulteni\/wp-content\/uploads\/sites\/3\/2022\/04\/0528a195cbcfd4ec48e1300a96ff049f-1536x1152.jpg 1536w, https:\/\/tatd.org.tr\/aciltipbulteni\/wp-content\/uploads\/sites\/3\/2022\/04\/0528a195cbcfd4ec48e1300a96ff049f-2048x1536.jpg 2048w, https:\/\/tatd.org.tr\/aciltipbulteni\/wp-content\/uploads\/sites\/3\/2022\/04\/0528a195cbcfd4ec48e1300a96ff049f-840x630.jpg 840w\" sizes=\"(max-width: 1024px) 100vw, 1024px\" \/><\/figure>\n<\/figure>\n\n\n\n<p class=\"has-text-color has-medium-font-size\" style=\"color:#2e7d32\"><strong>\u201cK\u00f6sedereliler genel olarak y\u00fcr\u00fcy\u00fc\u015f\u00e7\u00fclere kar\u015f\u0131 \u00e7ok merakl\u0131lar ve yard\u0131mseverler\u201d<\/strong><\/p>\n\n\n\n<p>Roma k\u00f6pr\u00fcs\u00fcn\u00fcn biraz ilerisinde yeni yap\u0131lm\u0131\u015f k\u00f6pr\u00fcden tuzla \u00e7ay\u0131n\u0131 ge\u00e7iyorum ve K\u00f6sedere\u2019ye do\u011fru trakt\u00f6r yolundan y\u00fcr\u00fcmeye devam ediyorum. K\u00f6ye yakla\u015f\u0131k 5 km kala yan\u0131mdan ge\u00e7en bir trakt\u00f6r duruyor ve <em>\u201cs\u0131cakta y\u00fcr\u00fcme gel seni k\u00f6ye kadar g\u00f6t\u00fcreyim\u201d<\/em> diyen bir amcan\u0131n trakt\u00f6r\u00fcne atl\u0131yorum. K\u00f6sedere k\u00f6y\u00fcn\u00fcn i\u00e7erisinde dere kenar\u0131nda birka\u00e7 market ve k\u00f6y kahvehanesi mevcut buralarda karn\u0131n\u0131z\u0131 doyurabilirsiniz. \u00d6\u011flen vakti k\u00f6y i\u00e7erisinde biraz oyaland\u0131ktan sonra k\u00f6y\u00fcn \u00e7\u0131k\u0131\u015f\u0131ndaki \u00e7e\u015fmeden suyumu doldurarak yola devam ediyorum. K\u00f6sedere\u2019den patika kuzeye do\u011fru ilerlerken yakla\u015f\u0131k 100 metrelik bir tepeye \u00e7\u0131kart\u0131yor, tepelerin \u00fczerinden yakla\u015f\u0131k 4 km yol al\u0131p, 250 metre y\u00fckselerek <strong>\u00c7amoba<\/strong> k\u00f6y\u00fcne var\u0131yorum.<\/p>\n\n\n\n<figure class=\"wp-block-gallery has-nested-images columns-default is-cropped wp-block-gallery-6 is-layout-flex wp-block-gallery-is-layout-flex\">\n<figure class=\"wp-block-image size-large\"><img loading=\"lazy\" decoding=\"async\" width=\"768\" height=\"1024\" data-id=\"2857\" src=\"https:\/\/tatd.org.tr\/aciltipbulteni\/wp-content\/uploads\/sites\/3\/2022\/04\/ca2a1ec371414fdb2807a1b4a3cd1d7f-768x1024.jpg\" alt=\"\" class=\"wp-image-2857\" srcset=\"https:\/\/tatd.org.tr\/aciltipbulteni\/wp-content\/uploads\/sites\/3\/2022\/04\/ca2a1ec371414fdb2807a1b4a3cd1d7f-768x1024.jpg 768w, https:\/\/tatd.org.tr\/aciltipbulteni\/wp-content\/uploads\/sites\/3\/2022\/04\/ca2a1ec371414fdb2807a1b4a3cd1d7f-225x300.jpg 225w, https:\/\/tatd.org.tr\/aciltipbulteni\/wp-content\/uploads\/sites\/3\/2022\/04\/ca2a1ec371414fdb2807a1b4a3cd1d7f-1152x1536.jpg 1152w, https:\/\/tatd.org.tr\/aciltipbulteni\/wp-content\/uploads\/sites\/3\/2022\/04\/ca2a1ec371414fdb2807a1b4a3cd1d7f-1536x2048.jpg 1536w, https:\/\/tatd.org.tr\/aciltipbulteni\/wp-content\/uploads\/sites\/3\/2022\/04\/ca2a1ec371414fdb2807a1b4a3cd1d7f-473x630.jpg 473w, https:\/\/tatd.org.tr\/aciltipbulteni\/wp-content\/uploads\/sites\/3\/2022\/04\/ca2a1ec371414fdb2807a1b4a3cd1d7f-scaled.jpg 1920w\" sizes=\"(max-width: 768px) 100vw, 768px\" \/><\/figure>\n\n\n\n<figure class=\"wp-block-image size-large\"><img loading=\"lazy\" decoding=\"async\" width=\"2560\" height=\"1920\" data-id=\"2856\" src=\"https:\/\/tatd.org.tr\/aciltipbulteni\/wp-content\/uploads\/sites\/3\/2022\/04\/030a575486f34b8ab072ca19e8c48ca0-scaled.jpg\" alt=\"\" class=\"wp-image-2856\" srcset=\"https:\/\/tatd.org.tr\/aciltipbulteni\/wp-content\/uploads\/sites\/3\/2022\/04\/030a575486f34b8ab072ca19e8c48ca0-scaled.jpg 2560w, https:\/\/tatd.org.tr\/aciltipbulteni\/wp-content\/uploads\/sites\/3\/2022\/04\/030a575486f34b8ab072ca19e8c48ca0-300x225.jpg 300w, https:\/\/tatd.org.tr\/aciltipbulteni\/wp-content\/uploads\/sites\/3\/2022\/04\/030a575486f34b8ab072ca19e8c48ca0-1024x768.jpg 1024w, https:\/\/tatd.org.tr\/aciltipbulteni\/wp-content\/uploads\/sites\/3\/2022\/04\/030a575486f34b8ab072ca19e8c48ca0-768x576.jpg 768w, https:\/\/tatd.org.tr\/aciltipbulteni\/wp-content\/uploads\/sites\/3\/2022\/04\/030a575486f34b8ab072ca19e8c48ca0-1536x1152.jpg 1536w, https:\/\/tatd.org.tr\/aciltipbulteni\/wp-content\/uploads\/sites\/3\/2022\/04\/030a575486f34b8ab072ca19e8c48ca0-2048x1536.jpg 2048w, https:\/\/tatd.org.tr\/aciltipbulteni\/wp-content\/uploads\/sites\/3\/2022\/04\/030a575486f34b8ab072ca19e8c48ca0-840x630.jpg 840w\" sizes=\"(max-width: 2560px) 100vw, 2560px\" \/><\/figure>\n<\/figure>\n\n\n\n<p class=\"has-text-color has-medium-font-size\" style=\"color:#2e7d32\"><strong>\u201cK\u00fc\u00e7\u00fck bir market ve bir kahvehane y\u00fcr\u00fcy\u00fc\u015f\u00e7\u00fcler i\u00e7in bulunmaz nimetler\u201d<\/strong><\/p>\n\n\n\n<p>\u00c7amoba k\u00f6y\u00fcn\u00fcn kenar\u0131ndan kuzey y\u00f6n\u00fcne do\u011fru yol y\u00fckselmeye devam edip, \u00e7am ormanlar\u0131n\u0131n i\u00e7erisine giriyor. Orman i\u00e7erisinde yol Truva rotas\u0131n\u0131n en y\u00fcksek irtifas\u0131 olan 330 metreye \u00e7\u0131k\u0131yor. Y\u00fcr\u00fcmeye ilk ba\u015flad\u0131\u011f\u0131m g\u00fcne g\u00f6re hava epey \u0131s\u0131nm\u0131\u015f, haziran s\u0131cakl\u0131k ortalamas\u0131na ula\u015f\u0131lm\u0131\u015f durumda. Orman\u0131n i\u00e7erisinde olmam\u0131n ve biraz da y\u00fcksekli\u011fin etkisiyle s\u0131cakl\u0131\u011f\u0131 \u00e7ok hissetmeden <strong>Tavakl\u0131 k\u00f6y\u00fcne<\/strong> do\u011fru ko\u015far ad\u0131mlarla ilerliyorum. Tavakl\u0131 k\u00f6y meydan\u0131ndaki kahvehaneye u\u011fray\u0131p kendime i\u00e7ecek bir \u015feyler s\u00f6yl\u00fcyorum. Yakla\u015f\u0131k yar\u0131m saat kadar kahvehanede tan\u0131\u015ft\u0131\u011f\u0131m Ceyhun Abi\u2019den b\u00f6lge hakk\u0131nda g\u00fczel bilgiler \u00f6\u011freniyorum.<\/p>\n\n\n\n<p class=\"has-text-color has-medium-font-size\" style=\"color:#2e7d32\"><strong>\u201cTruva yolunun en zorlay\u0131c\u0131 k\u0131sm\u0131 Alem\u015fah k\u00f6y\u00fcne giden patikalar\u201d<\/strong><\/p>\n\n\n\n<p>Truva yolunu y\u00fcr\u00fcmeye karar verdiyseniz muhakkak k\u00f6y kahvehanelerini u\u011fray\u0131n y\u00f6re halk\u0131n\u0131n ne kadar ilgili, yard\u0131msever ve s\u0131cakkanl\u0131 oldu\u011funu yak\u0131ndan g\u00f6r\u00fcn. Ak\u015fam\u00fczeri Tavakl\u0131\u2019dan yola \u00e7\u0131k\u0131yorum ve 4 km ilerideki <strong>Alem\u015fah k\u00f6y\u00fc<\/strong> hedefim \u00f6nce bir s\u00fcre tarla i\u00e7erisindeki patikalarda yol ald\u0131ktan sonra bana g\u00f6re yolun en zorlay\u0131c\u0131 olan yerine geliyorum yakla\u015f\u0131k 20-25 metrelik vadi i\u00e7erisine dik bir patikayla yava\u015f ad\u0131mlarla iniyorum. Herhangi bir zorlu\u011fu yok asl\u0131nda ama Truva yolu y\u00fcr\u00fcmek i\u00e7in \u00e7ok kolay oldu\u011fundan buras\u0131 biraz zor geliyor insana.<\/p>\n\n\n\n<figure class=\"wp-block-gallery has-nested-images columns-default is-cropped wp-block-gallery-7 is-layout-flex wp-block-gallery-is-layout-flex\">\n<figure class=\"wp-block-image size-large\"><img loading=\"lazy\" decoding=\"async\" width=\"1024\" height=\"768\" data-id=\"2858\" src=\"https:\/\/tatd.org.tr\/aciltipbulteni\/wp-content\/uploads\/sites\/3\/2022\/04\/55a3d9feef7c420c28fec20d3732f5c1-1024x768.jpg\" alt=\"\" class=\"wp-image-2858\" srcset=\"https:\/\/tatd.org.tr\/aciltipbulteni\/wp-content\/uploads\/sites\/3\/2022\/04\/55a3d9feef7c420c28fec20d3732f5c1-1024x768.jpg 1024w, https:\/\/tatd.org.tr\/aciltipbulteni\/wp-content\/uploads\/sites\/3\/2022\/04\/55a3d9feef7c420c28fec20d3732f5c1-300x225.jpg 300w, https:\/\/tatd.org.tr\/aciltipbulteni\/wp-content\/uploads\/sites\/3\/2022\/04\/55a3d9feef7c420c28fec20d3732f5c1-768x576.jpg 768w, https:\/\/tatd.org.tr\/aciltipbulteni\/wp-content\/uploads\/sites\/3\/2022\/04\/55a3d9feef7c420c28fec20d3732f5c1-1536x1152.jpg 1536w, https:\/\/tatd.org.tr\/aciltipbulteni\/wp-content\/uploads\/sites\/3\/2022\/04\/55a3d9feef7c420c28fec20d3732f5c1-2048x1536.jpg 2048w, https:\/\/tatd.org.tr\/aciltipbulteni\/wp-content\/uploads\/sites\/3\/2022\/04\/55a3d9feef7c420c28fec20d3732f5c1-840x630.jpg 840w\" sizes=\"(max-width: 1024px) 100vw, 1024px\" \/><\/figure>\n\n\n\n<figure class=\"wp-block-image size-large\"><img loading=\"lazy\" decoding=\"async\" width=\"768\" height=\"1024\" data-id=\"2859\" src=\"https:\/\/tatd.org.tr\/aciltipbulteni\/wp-content\/uploads\/sites\/3\/2022\/04\/fb0eaadc2690d34503537f59671be034-768x1024.jpg\" alt=\"\" class=\"wp-image-2859\" srcset=\"https:\/\/tatd.org.tr\/aciltipbulteni\/wp-content\/uploads\/sites\/3\/2022\/04\/fb0eaadc2690d34503537f59671be034-768x1024.jpg 768w, https:\/\/tatd.org.tr\/aciltipbulteni\/wp-content\/uploads\/sites\/3\/2022\/04\/fb0eaadc2690d34503537f59671be034-225x300.jpg 225w, https:\/\/tatd.org.tr\/aciltipbulteni\/wp-content\/uploads\/sites\/3\/2022\/04\/fb0eaadc2690d34503537f59671be034-1152x1536.jpg 1152w, https:\/\/tatd.org.tr\/aciltipbulteni\/wp-content\/uploads\/sites\/3\/2022\/04\/fb0eaadc2690d34503537f59671be034-1536x2048.jpg 1536w, https:\/\/tatd.org.tr\/aciltipbulteni\/wp-content\/uploads\/sites\/3\/2022\/04\/fb0eaadc2690d34503537f59671be034-473x630.jpg 473w, https:\/\/tatd.org.tr\/aciltipbulteni\/wp-content\/uploads\/sites\/3\/2022\/04\/fb0eaadc2690d34503537f59671be034-scaled.jpg 1920w\" sizes=\"(max-width: 768px) 100vw, 768px\" \/><\/figure>\n<\/figure>\n\n\n\n<p>Vadinin dibinde \u00e7ok ince akan bir dere var ve dereden kar\u015f\u0131ya ge\u00e7ip vadinin di\u011fer taraf\u0131na ge\u00e7iyorum. Alem\u015fah k\u00f6y merkezinde k\u0131sa bir mola veriyorum. Bu k\u00f6ydeyse maalesef market veya kahvehane mevcut de\u011fil, k\u00f6y meydan\u0131nda bir \u00e7e\u015fme bulmak ise sevindirici. Yakla\u015f\u0131k 25 km y\u00fcr\u00fcm\u00fc\u015f olmama ra\u011fmen yola devam etmeye karar veriyorum. Hava kararmadan bir sonraki k\u00f6y olan <strong>Ak\u00e7ake\u00e7ili\u2019ye<\/strong> varmam gerekiyor diye d\u00fc\u015f\u00fcn\u00fcyorum. Alem\u015fah Ak\u00e7eke\u00e7ili aras\u0131 yakla\u015f\u0131k 5,5 km genel olarak tarla kenar\u0131ndan patika yol \u015feklinde ilerliyor burada tarlalar ekilmi\u015f ve mahsuller yerde oldu\u011fu i\u00e7in zaman zaman i\u015faretleri g\u00f6rmekte zorland\u0131m. K\u00f6y\u00fcn giri\u015fine vard\u0131\u011f\u0131mda hava neredeyse kararmak \u00fczereydi ve rota k\u00f6y\u00fcn kenar\u0131ndan devam etti\u011fi i\u00e7in ben de rotay\u0131 takip ederek k\u00f6ye u\u011framadan yoluma devam ettim, k\u00f6y\u00fc yakla\u015f\u0131k 1-1.5 km ge\u00e7tikten sonra neredeyse kararm\u0131\u015f havada deniz manzaral\u0131 bir yer bulup \u00e7ad\u0131r\u0131m\u0131 kurdum. \u00d6n\u00fcmde \u00e7ok g\u00fczel bir deniz ve Bozcaada manzaras\u0131 vard\u0131. Bug\u00fcn inan\u0131lmaz yorulmu\u015ftum. \u0130lk iki g\u00fcne g\u00f6re hava \u00e7ok daha s\u0131cakt\u0131 ve neredeyse 30 km yol y\u00fcr\u00fcm\u00fc\u015ft\u00fcm. Ak\u015fam yeme\u011fi bile yapmadan \u0131l\u0131k bir yaz ak\u015fam\u0131nda uykuya dald\u0131m.<\/p>\n\n\n\n<p class=\"has-text-color\" style=\"color:#2e7d32\"><strong>\u201c\u00dc\u00e7\u00fcnc\u00fc g\u00fcn\u00fcn \u00f6nerileri; G\u00fclp\u0131nar \u2013 K\u00f6sedere aras\u0131 yolun en s\u0131k\u0131c\u0131 rotas\u0131 olabilir. G\u00fclp\u0131nar k\u00f6y merkezine gelip dolmu\u015fla K\u00f6sedere k\u00f6y\u00fcne ge\u00e7erseniz herhangi bir \u015fey kaybetmi\u015f olmazs\u0131n\u0131z. K\u00f6sedere\u2019den Ak\u00e7ake\u00e7ili\u2019ye kadar uzanan rota ise \u00e7ok g\u00fczel bir do\u011fa y\u00fcr\u00fcy\u00fc\u015f\u00fc g\u00fczergah\u0131.\u201d<\/strong><\/p>\n\n\n\n<p>D\u00f6rd\u00fcnc\u00fc g\u00fcn\u00fcmde bir \u00f6nceki g\u00fcn fazla y\u00fcr\u00fcm\u00fc\u015f olmam\u0131n etkisiyle bu sefer biraz daha ge\u00e7 uyan\u0131yorum. Ak\u00e7ake\u00e7ili\u2019de bulundu\u011fum tepe \u00fczerinden deniz kenar\u0131na inip h\u0131zl\u0131ca denize girmek istiyorum g\u00fcnlerdir yolday\u0131m ve hi\u00e7 du\u015f almam\u0131\u015f olman\u0131n verdi\u011fi rahats\u0131zl\u0131k mevcut. Burada plajda kocaman \u00e7\u0131nar a\u011fa\u00e7lar\u0131 mevcut, \u00e7\u0131nar g\u00f6lgesinde biraz uyuyorum denize giriyorum \u00e7\u00fcnk\u00fc can\u0131m art\u0131k y\u00fcr\u00fcmek istemiyor. 3 g\u00fcnde 70 km\u2019den fazla yol y\u00fcr\u00fcm\u00fc\u015f\u00fcm, hava art\u0131k ger\u00e7ek bir haziran s\u0131ca\u011f\u0131 ve insan\u0131n ad\u0131m atas\u0131 bile gelmiyor. \u00d6\u011flen uzunca bir s\u00fcre plajda vakit ge\u00e7iriyorum. Bir s\u00fcre sonra tekrar yola koyuluyorum plaja paralel a\u011fa\u00e7lar\u0131n alt\u0131ndan yakla\u015f\u0131k 5 km kadar y\u00fcr\u00fcd\u00fckten sonra <strong>Alexandria Troas<\/strong> antik kentinin yan\u0131ndan anayola var\u0131yorum. E\u011fer sizin de benim gibi su s\u0131k\u0131nt\u0131n\u0131z olursa, yakla\u015f\u0131k 1 km yol y\u00fcr\u00fcyerek <strong>Dalyan K\u00f6y\u00fc\u2019n\u00fcn<\/strong> merkezine inebilirsiniz. Burada deniz kenar\u0131nda birka\u00e7 adet i\u015fletme ve \u00e7ay bah\u00e7esi mevcut. Bir yere oturup karn\u0131m\u0131 g\u00fczelce doyuruyorum. Su stoklar\u0131m\u0131 yenileyip Dalyan k\u00f6y\u00fcnden Troas antik \u015fehrine do\u011fru yola \u00e7\u0131k\u0131yorum. Troas \u00f6ren yerinin giri\u015fi \u00fccretsiz, genel olarak d\u00fczenli bir restorasyonun yap\u0131lmad\u0131\u011f\u0131 bir antik \u015fehir, i\u00e7erisinde bir tur at\u0131yorum ve anayolda k\u0131sa bir s\u00fcre y\u00fcr\u00fcd\u00fckten sonra patikayla beraber tarlalar\u0131n aras\u0131na trakt\u00f6r yoluna do\u011fru giriyorum.<\/p>\n\n\n\n<figure class=\"wp-block-gallery has-nested-images columns-default is-cropped wp-block-gallery-8 is-layout-flex wp-block-gallery-is-layout-flex\">\n<figure class=\"wp-block-image size-large\"><img loading=\"lazy\" decoding=\"async\" width=\"1024\" height=\"768\" data-id=\"2861\" src=\"https:\/\/tatd.org.tr\/aciltipbulteni\/wp-content\/uploads\/sites\/3\/2022\/04\/43c97fa18710457e4d3ea9705797d5b3-1024x768.jpg\" alt=\"\" class=\"wp-image-2861\" srcset=\"https:\/\/tatd.org.tr\/aciltipbulteni\/wp-content\/uploads\/sites\/3\/2022\/04\/43c97fa18710457e4d3ea9705797d5b3-1024x768.jpg 1024w, https:\/\/tatd.org.tr\/aciltipbulteni\/wp-content\/uploads\/sites\/3\/2022\/04\/43c97fa18710457e4d3ea9705797d5b3-300x225.jpg 300w, https:\/\/tatd.org.tr\/aciltipbulteni\/wp-content\/uploads\/sites\/3\/2022\/04\/43c97fa18710457e4d3ea9705797d5b3-768x576.jpg 768w, https:\/\/tatd.org.tr\/aciltipbulteni\/wp-content\/uploads\/sites\/3\/2022\/04\/43c97fa18710457e4d3ea9705797d5b3-1536x1152.jpg 1536w, https:\/\/tatd.org.tr\/aciltipbulteni\/wp-content\/uploads\/sites\/3\/2022\/04\/43c97fa18710457e4d3ea9705797d5b3-2048x1536.jpg 2048w, https:\/\/tatd.org.tr\/aciltipbulteni\/wp-content\/uploads\/sites\/3\/2022\/04\/43c97fa18710457e4d3ea9705797d5b3-840x630.jpg 840w\" sizes=\"(max-width: 1024px) 100vw, 1024px\" \/><\/figure>\n\n\n\n<figure class=\"wp-block-image size-large\"><img loading=\"lazy\" decoding=\"async\" width=\"1024\" height=\"768\" data-id=\"2860\" src=\"https:\/\/tatd.org.tr\/aciltipbulteni\/wp-content\/uploads\/sites\/3\/2022\/04\/3ecb837b12ccc95e7bfb158ded39003f-1024x768.jpg\" alt=\"\" class=\"wp-image-2860\" srcset=\"https:\/\/tatd.org.tr\/aciltipbulteni\/wp-content\/uploads\/sites\/3\/2022\/04\/3ecb837b12ccc95e7bfb158ded39003f-1024x768.jpg 1024w, https:\/\/tatd.org.tr\/aciltipbulteni\/wp-content\/uploads\/sites\/3\/2022\/04\/3ecb837b12ccc95e7bfb158ded39003f-300x225.jpg 300w, https:\/\/tatd.org.tr\/aciltipbulteni\/wp-content\/uploads\/sites\/3\/2022\/04\/3ecb837b12ccc95e7bfb158ded39003f-768x576.jpg 768w, https:\/\/tatd.org.tr\/aciltipbulteni\/wp-content\/uploads\/sites\/3\/2022\/04\/3ecb837b12ccc95e7bfb158ded39003f-1536x1152.jpg 1536w, https:\/\/tatd.org.tr\/aciltipbulteni\/wp-content\/uploads\/sites\/3\/2022\/04\/3ecb837b12ccc95e7bfb158ded39003f-2048x1536.jpg 2048w, https:\/\/tatd.org.tr\/aciltipbulteni\/wp-content\/uploads\/sites\/3\/2022\/04\/3ecb837b12ccc95e7bfb158ded39003f-840x630.jpg 840w\" sizes=\"(max-width: 1024px) 100vw, 1024px\" \/><\/figure>\n<\/figure>\n\n\n\n<p>Yakla\u015f\u0131k 7-8 km ileride hedef noktam <strong>Geyikli <\/strong>var, ancak yorgunlu\u011fumun etkisiyle o kadar yava\u015f y\u00fcr\u00fcyorum ki, Geyikli\u2019ye 2-3 km kala havan\u0131n kararmak \u00fczere olmas\u0131 nedeniyle a\u011fa\u00e7lar\u0131n aras\u0131na \u00e7ad\u0131r\u0131m\u0131 kuruyorum. Gece uyurken birka\u00e7 kez \u00e7ad\u0131r\u0131m\u0131n etraf\u0131nda bir \u015feylerin y\u00fcr\u00fcd\u00fc\u011f\u00fcn\u00fc hissediyorum ufak bir g\u00fcr\u00fclt\u00fc \u00e7\u0131kar\u0131yorum ve ses uzakla\u015f\u0131yor. <em>Tilki<\/em> oldu\u011funu d\u00fc\u015f\u00fcnerek, uyumaya devam ediyorum.<\/p>\n\n\n\n<p class=\"has-text-color\" style=\"color:#2e7d32\"><strong>\u201cRotan\u0131n belki de en zorlay\u0131c\u0131 yeri buras\u0131yd\u0131. Su kaynaklar\u0131n\u0131n \u00e7ok k\u0131s\u0131tl\u0131 olmas\u0131, \u00f6zellikle yaz mevsiminde en \u00f6nemli dezavantaj olabilir. Troas antik \u015fehri ve Dalyan k\u00f6y\u00fcn\u00fcn avantajlar\u0131 rotay\u0131 g\u00fczelle\u015ftiren noktalard\u0131.\u201d<\/strong><\/p>\n\n\n\n<div class=\"wp-block-image\"><figure class=\"alignright size-large is-resized\"><img loading=\"lazy\" decoding=\"async\" src=\"https:\/\/tatd.org.tr\/aciltipbulteni\/wp-content\/uploads\/sites\/3\/2022\/04\/677fc633bc38297479a841c01cf3b873-768x1024.jpg\" alt=\"\" class=\"wp-image-2862\" width=\"384\" height=\"512\" srcset=\"https:\/\/tatd.org.tr\/aciltipbulteni\/wp-content\/uploads\/sites\/3\/2022\/04\/677fc633bc38297479a841c01cf3b873-768x1024.jpg 768w, https:\/\/tatd.org.tr\/aciltipbulteni\/wp-content\/uploads\/sites\/3\/2022\/04\/677fc633bc38297479a841c01cf3b873-225x300.jpg 225w, https:\/\/tatd.org.tr\/aciltipbulteni\/wp-content\/uploads\/sites\/3\/2022\/04\/677fc633bc38297479a841c01cf3b873-1152x1536.jpg 1152w, https:\/\/tatd.org.tr\/aciltipbulteni\/wp-content\/uploads\/sites\/3\/2022\/04\/677fc633bc38297479a841c01cf3b873-1536x2048.jpg 1536w, https:\/\/tatd.org.tr\/aciltipbulteni\/wp-content\/uploads\/sites\/3\/2022\/04\/677fc633bc38297479a841c01cf3b873-473x630.jpg 473w, https:\/\/tatd.org.tr\/aciltipbulteni\/wp-content\/uploads\/sites\/3\/2022\/04\/677fc633bc38297479a841c01cf3b873-scaled.jpg 1920w\" sizes=\"(max-width: 384px) 100vw, 384px\" \/><\/figure><\/div>\n\n\n\n<p>Be\u015finci g\u00fcn uyanmakta zorlan\u0131yorum. Bedenimin \u00fczerinde k\u00fcm\u00fclatif birikmi\u015f bir yorgunluk mevcut. Saat 10 gibi ancak yola \u00e7\u0131kabiliyorum. \u00d6n\u00fcmdeki 2 km\u2019yi h\u0131zl\u0131ca y\u00fcr\u00fcy\u00fcp y\u00fcksekten Geyikli manzaras\u0131yla kar\u015f\u0131l\u0131yorum. K\u00f6y\u00fcn i\u00e7erisine do\u011fru inip ilk buldu\u011fum camide du\u015f al\u0131yorum. K\u00f6y merkezinde lokantada yeme\u011fimi yerken, y\u00fcr\u00fcy\u00fc\u015f\u00fc sonland\u0131rmam gerekti\u011fine karar veriyorum \u00e7\u00fcnk\u00fc art\u0131k \u0130stanbul\u2019a d\u00f6nmek zorunday\u0131m n\u00f6betler beni bekliyor.<\/p>\n\n\n\n<p>Geyikli\u2019den Behramkale\u2019ye do\u011fru yola \u00e7\u0131k\u0131yorum, arabam\u0131 al\u0131p geri d\u00f6n\u00fc\u015f yoluna koyuluyorum. Yorgunum ancak \u00e7ok mutluyum, s\u0131ca\u011fa ra\u011fmen yakla\u015f\u0131k 4 g\u00fcnde 90 km\u2019ye yak\u0131n yol y\u00fcr\u00fcm\u00fc\u015f olman\u0131n verdi\u011fi keyif ise paha bi\u00e7ilemez.<\/p>\n\n\n\n<p>Rota hakk\u0131ndaki izlenimlerime gelirsek daha \u00f6nce yurt i\u00e7inde ve yurt d\u0131\u015f\u0131nda y\u00fczlerce km y\u00fcr\u00fcm\u00fc\u015f biri olarak bu yolun i\u015faretlemesi harikulade g\u00fczel. Neredeyse hi\u00e7 koordinat haritas\u0131na bakmadan y\u00fcr\u00fcyebiliyor insan. Zorluk seviyesine gelirsek herhangi bir do\u011fa y\u00fcr\u00fcy\u00fc\u015f\u00fc tecr\u00fcbesi olmayan bir insan\u0131n bile y\u00fcr\u00fcyebilece\u011fi kolayl\u0131kta. Deniz ve do\u011fa manzaralar\u0131n\u0131n keyfiyse bamba\u015fka.<\/p>\n\n\n\n<p>Daha \u00f6nce hi\u00e7 s\u0131rt \u00e7antal\u0131 y\u00fcr\u00fcy\u00fc\u015f tecr\u00fcbeniz yoksa g\u00fcn\u00fcbirlik tek etap \u015feklinde veya tematik y\u00fcr\u00fcy\u00fc\u015f yapmaya uygun bir yol <strong><em>Troya K\u00fclt\u00fcr Yolu<\/em><\/strong>. Ayn\u0131 zamanda \u00e7e\u015fitli tur firmalar\u0131 bu yol \u00fczerinde konaklamal\u0131 y\u00fcr\u00fcy\u00fc\u015f turlar\u0131 yapmakta bu turlardan herhangi birine kat\u0131larak benim gibi s\u0131rt\u0131nda 12 kg y\u00fck olmadan kolayca y\u00fcr\u00fcy\u00fc\u015f yapabilirsiniz.<\/p>\n\n\n\n<p>Biz acil t\u0131p\u00e7\u0131lar gibi s\u00fcrekli y\u00fcksek stres alt\u0131nda \u00e7al\u0131\u015fan insanlar i\u00e7inse uzun mesafeli do\u011fa y\u00fcr\u00fcy\u00fc\u015fleri stres atmaya birebir. Stresten uzak do\u011fan\u0131n i\u00e7inde keyifli bir yolculuk yapmak istiyorsan\u0131z hi\u00e7 d\u00fc\u015f\u00fcnmeden Troya yoluna gidin\u2026<\/p>\n\n\n\n<p class=\"rounded-3 px-2 py-1 has-text-color has-background has-small-font-size\" style=\"background-color:#f5f5f5;color:#666666\"><em>Bu yaz\u0131 Acil T\u0131p B\u00fclteni&#8217;nin Ocak 2022 tarihli <\/em><a href=\"https:\/\/tatd.org.tr\/aciltipbulteni\/2022\/02\/02\/2022-ocak-sayimiz-cikti\/\" target=\"_blank\" rel=\"noreferrer noopener\"><em>10. say\u0131s\u0131nda<\/em><\/a><em> yay\u0131mlanm\u0131\u015ft\u0131r.<\/em><\/p>\n","protected":false},"excerpt":{"rendered":"<p>Likya yolu, Karia yolu, St Paul yolu derken 2019 y\u0131l\u0131nda tarih, do\u011fa ve k\u00fclt\u00fcr\u00fcn izinde Truva\u2019dan Asos\u2019a slogan\u0131yla \u00fclkemize kazand\u0131r\u0131lan y\u00fcr\u00fcy\u00fc\u015f yolu&hellip;<\/p>\n","protected":false},"author":917,"featured_media":2863,"comment_status":"open","ping_status":"open","sticky":false,"template":"","format":"standard","meta":{"_acf_changed":false,"inline_featured_image":false,"_lmt_disableupdate":"","_lmt_disable":"","footnotes":""},"categories":[13,14,18,10015],"tags":[10278,10279,10277],"class_list":["post-2843","post","type-post","status-publish","format-standard","has-post-thumbnail","hentry","category-seyahat","category-sizden-gelenler","category-tanitim","category-sosyal-blog-yazisi","tag-asos","tag-troya-kultur-yolu","tag-truva"],"acf":[],"_links":{"self":[{"href":"https:\/\/tatd.org.tr\/aciltipbulteni\/wp-json\/wp\/v2\/posts\/2843","targetHints":{"allow":["GET"]}}],"collection":[{"href":"https:\/\/tatd.org.tr\/aciltipbulteni\/wp-json\/wp\/v2\/posts"}],"about":[{"href":"https:\/\/tatd.org.tr\/aciltipbulteni\/wp-json\/wp\/v2\/types\/post"}],"author":[{"embeddable":true,"href":"https:\/\/tatd.org.tr\/aciltipbulteni\/wp-json\/wp\/v2\/users\/917"}],"replies":[{"embeddable":true,"href":"https:\/\/tatd.org.tr\/aciltipbulteni\/wp-json\/wp\/v2\/comments?post=2843"}],"version-history":[{"count":0,"href":"https:\/\/tatd.org.tr\/aciltipbulteni\/wp-json\/wp\/v2\/posts\/2843\/revisions"}],"wp:featuredmedia":[{"embeddable":true,"href":"https:\/\/tatd.org.tr\/aciltipbulteni\/wp-json\/wp\/v2\/media\/2863"}],"wp:attachment":[{"href":"https:\/\/tatd.org.tr\/aciltipbulteni\/wp-json\/wp\/v2\/media?parent=2843"}],"wp:term":[{"taxonomy":"category","embeddable":true,"href":"https:\/\/tatd.org.tr\/aciltipbulteni\/wp-json\/wp\/v2\/categories?post=2843"},{"taxonomy":"post_tag","embeddable":true,"href":"https:\/\/tatd.org.tr\/aciltipbulteni\/wp-json\/wp\/v2\/tags?post=2843"}],"curies":[{"name":"wp","href":"https:\/\/api.w.org\/{rel}","templated":true}]}}