{"id":2813,"date":"2022-04-18T09:00:00","date_gmt":"2022-04-18T06:00:00","guid":{"rendered":"https:\/\/tatd.org.tr\/aciltipbulteni\/?p=2813"},"modified":"2022-04-20T19:12:27","modified_gmt":"2022-04-20T16:12:27","slug":"atabin-kalbine-giden-yolda-ufak-adimlar","status":"publish","type":"post","link":"https:\/\/tatd.org.tr\/aciltipbulteni\/2022\/04\/18\/atabin-kalbine-giden-yolda-ufak-adimlar\/","title":{"rendered":"ATAB&#8217;\u0131n Kalbine Giden Yolda Ufak Ad\u0131mlar"},"content":{"rendered":"\n<div class=\"wp-block-columns is-layout-flex wp-container-core-columns-is-layout-9d6595d7 wp-block-columns-is-layout-flex\">\n<div class=\"wp-block-column is-layout-flow wp-block-column-is-layout-flow\" style=\"flex-basis:66.66%\">\n<p class=\"has-vivid-purple-color has-text-color has-medium-font-size\"><strong><em>ATAB kimdir?<\/em><\/strong><\/p>\n\n\n\n<p>\u00dclkemizde 1993\u2019te ilk temelleri at\u0131lan Acil T\u0131p yolculu\u011fu giderek b\u00fcy\u00fcyen ve geli\u015fen ailesiyle dikkat \u00e7eker hale gelmi\u015ftir. Acil T\u0131p yolculu\u011funun yeni \u00fcyelerine navigat\u00f6rl\u00fck yapan <strong><em>2008&#8217;den beri amac\u0131 T\u00fcrkiye Cumhuriyeti\u2019ndeki t\u00fcm Acil T\u0131p asistanlar\u0131n\u0131 bir araya getirmek, birbirleriyle ileti\u015fimlerinin s\u00fcreklili\u011fini sa\u011flamak olan<\/em><\/strong> ATAB, iki senede bir demokratik bir se\u00e7im ortam\u0131nda kendisine yeni ve dinamik y\u00f6netim kurulu se\u00e7mektedir.<\/p>\n\n\n\n<p>Acil T\u0131p asistanlar\u0131 olarak, zorlu \u00e7al\u0131\u015fma ko\u015fullar\u0131 ve e\u011fitimin a\u011f\u0131rl\u0131\u011f\u0131 alt\u0131nda kendi ya\u015fam bi\u00e7imlerini bu mesle\u011fe g\u00f6re, \u015fekillendiren doktorlar oldu\u011fumuzu g\u00f6z \u00f6n\u00fcne al\u0131rsak, birlikte y\u00fcr\u00fcnen yollarda engebelerin daha kolay a\u015f\u0131labilece\u011fini \u00f6ng\u00f6rmekteyiz&#8230;<\/p>\n\n\n\n<p class=\"has-vivid-purple-color has-text-color has-medium-font-size\"><strong><em>Yeni ATAB\u2019\u0131n y\u00f6netim kurulunun hedeflerinde neler var?<\/em><\/strong><\/p>\n\n\n\n<p>ATAB 8. D\u00f6nem y\u00f6netim kurulu olarak 2021 Haziran ay\u0131ndan beri g\u00f6rev yapmaktay\u0131z ve ailemiz olarak g\u00f6rd\u00fc\u011f\u00fcm\u00fcz Acil T\u0131p asistanlar\u0131 i\u00e7in birle\u015ftirici konumda olan bu toplulu\u011fun i\u00e7inde olman\u0131n mutlulu\u011fu ve heyecan\u0131n\u0131 ya\u015f\u0131yoruz.<\/p>\n\n\n\n<p>Birlikteli\u011fin ve ileti\u015fimin g\u00fcc\u00fcne inan\u0131yoruz ve bu do\u011frultuda <strong><em>#\u00f6ncebirbirimizitan\u0131yal\u0131m<\/em><\/strong> slogan\u0131yla ATAB s\u00f6yle\u015filerine ba\u015flad\u0131k. Klinik ziyaretlerimizi artt\u0131rd\u0131k.&nbsp;<\/p>\n\n\n\n<p>T\u00fcrkiye Acil T\u0131p Asistanlar\u0131 ismiyle olu\u015fturdu\u011fumuz WhatsApp grubunda 56 ayr\u0131 klini\u011fe ula\u015fm\u0131\u015f durumday\u0131z. Bir yandan da <strong><em>#i\u015fitmeengellilerinsesiolun<\/em><\/strong> slogan\u0131yla d\u00f6rd\u00fcnc\u00fcs\u00fc \u015fu an yap\u0131lmakta olan t\u0131bbi i\u015fitme engelliler dili kursuna hayat verdik.<\/p>\n\n\n\n<p>Ayr\u0131ca; Acil T\u0131p asistanlar\u0131n\u0131n 7\/24 sohbet edebilece\u011fi \u0130ngilizce Discord kanal\u0131n\u0131 olu\u015fturduk. Evet, \u201c\u0130ngilizce olmazsa olmaz ancak neden di\u011fer diller de olmas\u0131n?\u201d d\u00fc\u015f\u00fcncesi ile di\u011fer dillerin kanallar\u0131n\u0131 da ekledik. Yurtd\u0131\u015f\u0131 asistan topluluklar\u0131 ile ileti\u015fimimizi daha aktif hale ge\u00e7irdik. Belki de en \u00f6nemli g\u00fcndem maddemiz, T\u00fcrkiye\u2019de kanayan yaram\u0131z sa\u011fl\u0131kta \u015fiddet konusuna odaklan\u0131p ATAB b\u00fcnyesinde y\u00f6netim kurulu ve ATAB g\u00f6n\u00fcll\u00fclerinden olu\u015fan bir <strong><em>\u015fiddet komisyonu<\/em><\/strong> olu\u015fturma a\u015famas\u0131nday\u0131z.<\/p>\n\n\n\n<p>Daha efektif olabilmek amac\u0131yla y\u00f6netim kurulumuz b\u00fcnyesinde ATAB Bilimsel, Sosyal, Asistan sorunlar\u0131, Yurtd\u0131\u015f\u0131 ili\u015fkileri komisyonlar\u0131n\u0131 olu\u015fturduk. Sonu\u00e7 olarak Acil T\u0131p asistanlar\u0131 olarak ya\u015fad\u0131\u011f\u0131m\u0131z sorunlar\u0131 birlikte ele al\u0131p birbirimize destek olabilmek, birlikte sevinebilmek, birlikte \u00fcz\u00fclebilmek i\u00e7in \u00f6ncelikle ileti\u015fim diyoruz.<\/p>\n\n\n\n<p class=\"has-vivid-purple-color has-text-color has-medium-font-size\"><strong><em>Gellelim EACEM\u2019deki ATAB panelinde neler konu\u015fuldu\u011funa \u2026<\/em><\/strong><\/p>\n\n\n\n<p>Eurasian Congress of Emergency Medicine (EACEM), yeni ATAB y\u00f6netim kurulu olarak kat\u0131ld\u0131\u011f\u0131m\u0131z ilk Acil T\u0131p kongresiydi. Bizim a\u00e7\u0131m\u0131zdan ola\u011fan\u00fcst\u00fc bir deneyimdi. Pandemi s\u00fcrecinde \u00e7evrimi\u00e7i devam eden toplant\u0131lar ve etkinliklere ra\u011fmen, ayn\u0131 yolda y\u00fcr\u00fcd\u00fc\u011f\u00fcm\u00fcz asistan arkada\u015flar\u0131m\u0131z\u0131 ve t\u00fcm Acil T\u0131p camias\u0131n\u0131 y\u00fcz y\u00fcze g\u00f6rmek ger\u00e7ekten \u00f6zledi\u011fimiz bir deneyimdi. Bamba\u015fka yerlerde bizimle ayn\u0131 i\u015fi yapan insanlarla ayn\u0131 sorunlar\u0131, ayn\u0131 d\u00fc\u015f\u00fcnceleri payla\u015ft\u0131\u011f\u0131m\u0131z\u0131 g\u00f6rmek yaln\u0131z olmad\u0131\u011f\u0131m\u0131z\u0131 hissettirdi bizlere.<\/p>\n\n\n\n<p>EACEM bizim i\u00e7in ayn\u0131 zamanda b\u00fcy\u00fck bir f\u0131rsatt\u0131, uzun s\u00fcredir bekledi\u011fimiz s\u00f6yle\u015filerimizi ger\u00e7ekle\u015ftirdik. Stand\u0131m\u0131zda ATAB G\u00f6n\u00fcll\u00fcleri ile tan\u0131\u015ft\u0131k. \u00c7al\u0131\u015fma toplant\u0131m\u0131zda eski ATAB Y\u00f6netim Kurulu \u00fcyelerinin deneyimlerinden faydaland\u0131k. Asistanlar\u0131m\u0131za ATAB\u2019\u0131 tan\u0131tmaya \u00e7al\u0131\u015ft\u0131k.<\/p>\n\n\n\n<p>En \u00f6nemlisi; panelimizde <strong><em>\u201cAcil T\u0131p Asistanlar\u0131n\u0131n sorunlar\u0131n\u0131n belirlenmesi<\/em><\/strong>\u201d isimli anketimizin \u00e7arp\u0131c\u0131 sonu\u00e7lar\u0131n\u0131 konu\u015fmac\u0131lar\u0131m\u0131z ve asistanlar\u0131m\u0131zla birlikte detayl\u0131 bir \u015fekilde de\u011ferlendirebildik. Acil T\u0131p Asistan birli\u011finden haberdar olmas\u0131na ra\u011fmen, <strong><em>Asistan arkada\u015flar\u0131m\u0131z\u0131n %47,6\u2019s\u0131n\u0131n \u00fcyeli\u011finin olmad\u0131\u011f\u0131n\u0131 fark ettik<\/em><\/strong>. Ve tabii ki ayl\u0131k klinik ziyareti hedeflerimizi artt\u0131rma karar\u0131 ald\u0131k.<\/p>\n\n\n\n<p>Acil T\u0131p asistanlar\u0131n\u0131n \u00e7al\u0131\u015fma saatlerinin (24 saat veya g\u00fcnd\u00fcz-gece vardiya usul\u00fc) nas\u0131l belirlenmesi gerekti\u011fi hakk\u0131nda konu\u015ftuk ve 24 saatlik n\u00f6betlerin daha \u00e7ok tercih edildi\u011fi fakat <strong><em>\u201c\u0130yilik hali ve asistan refah\u0131\u201d<\/em><\/strong> a\u00e7\u0131s\u0131ndan vardiya sisteminin daha uygun oldu\u011fu sonucuna ula\u015ft\u0131k.<\/p>\n\n\n\n<p>T\u00fcrkiye ko\u015fullar\u0131nda 200-300 saat aras\u0131nda \u00e7al\u0131\u015fan Acil T\u0131p Asistanlar\u0131n\u0131n \u00e7al\u0131\u015fma d\u00fczenlerini vardiya usul\u00fcne g\u00f6re adapte edilmesindeki zorluklar tabii ki t\u00fcm\u00fcyle ayr\u0131 bir panel konusunu do\u011furmaktad\u0131r.<\/p>\n\n\n\n<p>Panelimizin sonunda elde etti\u011fimiz baz\u0131 sonu\u00e7lardan bahsetmemiz gerekirse;<\/p>\n\n\n\n<p>Asistan arkada\u015flar\u0131m\u0131z\u0131n \u201cHerhangi bir \u00e7al\u0131\u015fma ya da makalede birinci isim olarak bulundunuz mu?\u201d sorusuna %94,7\u2019lik k\u0131sm\u0131n\u0131n <strong><em>HAYIR<\/em><\/strong> cevab\u0131n\u0131 verdi\u011fini g\u00f6rd\u00fck. Bir di\u011fer \u00e7arp\u0131c\u0131 sonu\u00e7 ise; asistanlar\u0131n %84,8\u2019lik k\u0131sm\u0131n\u0131n ayda 200-300 saat aras\u0131nda \u00e7al\u0131\u015f\u0131yor olmas\u0131yd\u0131. \u00d6te yandan bizi ATAB b\u00fcnyesi i\u00e7erisinde \u015fiddet komisyonu olu\u015fturma d\u00fc\u015f\u00fcncesine iten en dramatik sonu\u00e7 ise asistanlar\u0131m\u0131z\u0131n \u2013%68,4\u2019\u00fcn\u00fcn s\u00f6zl\u00fc, %25,1\u2019inin ise fiziksel \u2013 %93,5\u2019lik k\u0131sm\u0131n\u0131n \u015fiddete maruz kalm\u0131\u015f oldu\u011fu ger\u00e7e\u011fiydi. Bizi \u015fa\u015f\u0131rtmayan sonu\u00e7lardan bir di\u011feri \u201cMevcut ko\u015fullar\u0131n\u0131zda yurtd\u0131\u015f\u0131nda \u00e7al\u0131\u015fmay\u0131 d\u00fc\u015f\u00fcn\u00fcr m\u00fcs\u00fcn\u00fcz?\u201d sorusuna asistan arkada\u015flar\u0131m\u0131z\u0131n %80,8\u2019lik k\u0131sm\u0131n\u0131n <strong>EVET<\/strong> yan\u0131t\u0131 vermesiydi.<\/p>\n\n\n\n<p>Ger\u00e7ekle\u015ftirdi\u011fimiz bu panel sonucunda; Acil T\u0131p asistanlar\u0131n\u0131n sorunlar\u0131 ve \u00e7al\u0131\u015fma \u015fartlar\u0131 hakk\u0131nda fark\u0131ndal\u0131\u011f\u0131m\u0131z artt\u0131. Sorunlara \u00e7\u00f6z\u00fcm bulmak ve \u00e7al\u0131\u015fma \u015fartlar\u0131n\u0131n iyile\u015ftirilmek, acil t\u0131p sevdal\u0131lar\u0131n\u0131n \u00fclkemizde kalmas\u0131n\u0131 sa\u011flamak ad\u0131na yapaca\u011f\u0131m\u0131z \u00e7al\u0131\u015fmalar\u0131m\u0131z i\u00e7in iyi bir de\u011ferlendirme oldu.<\/p>\n\n\n\n<p class=\"has-vivid-purple-color has-text-color has-medium-font-size\"><strong><em>Evet son olarak gelelim hepimiz i\u00e7in ayr\u0131 bir \u00f6nemi ve yeri olan ATAS konusuna \u2026<\/em><\/strong><\/p>\n\n\n\n<p>Biraz da bizi ayakta tutan g\u00fczel \u015feylerden bahsetmek gerekirse; sadece Acil T\u0131p bran\u015f\u0131na \u00f6zg\u00fc Acil T\u0131p asistanlar\u0131n\u0131n kendilerinin d\u00fczenledi\u011fi, yer ald\u0131\u011f\u0131 ve e\u011flendi\u011fi bir etkinlik Acil T\u0131p Asistan Sempozyumu yani ATAS\u2026&nbsp;<\/p>\n\n\n\n<p>Pandemi nedeniyle 2 y\u0131ld\u0131r y\u00fcz y\u00fcze ger\u00e7ekle\u015ftiremedi\u011fimiz ATAS\u2019\u0131 bu sene May\u0131s ay\u0131nda \u0130zmir\u2019de ger\u00e7ekle\u015ftirebilece\u011fimiz i\u00e7in \u00e7ok mutlu ve gururluyuz. Sizleri dolu dolu bir bilimsel program\u0131n yan\u0131 s\u0131ra yorucu e\u011fitim y\u0131l\u0131n\u0131n stresini atabilece\u011finiz; deniz, kum ve g\u00fcne\u015fe doyaca\u011f\u0131n\u0131z e\u011flenceli aktivitelere davet ediyoruz. Sizler i\u00e7in kumsalda t\u0131bbi Survivor konsepti, ate\u015f ba\u015f\u0131 partisi, miksoloji e\u011fitimi, Ege\u2019nin lezzetli zeytinya\u011flar\u0131n\u0131n degustasyonu, beach voleybol ve masa tenisi turnuvalar\u0131, sahilde yoga etkinli\u011fi ve en \u00f6nemlisi s\u00fcrprizlerle dolu gala gecesinin haz\u0131rl\u0131\u011f\u0131na ba\u015flad\u0131k. Organizasyonun en iyi \u015fekilde yap\u0131lmas\u0131n\u0131n \u00e7abas\u0131 i\u00e7erisindeyiz.<\/p>\n\n\n\n<p class=\"has-vivid-purple-color has-text-color\">T\u00fcm asistanlar\u0131m\u0131z\u0131 ve Acil T\u0131p camias\u0131n\u0131; travmatoloji pratikleri, toksikolojinin derinlikleri, wellness e\u011fitimi, yurtd\u0131\u015f\u0131 hekimlik imkanlar\u0131, e\u011flenceli ve dopdolu bir bilimsel programa davet ediyoruz. Ama en de\u011ferlisi renkli ve kocaman acil aileleriyle tan\u0131\u015fmaya, kayna\u015fmaya <strong>ATAS\u0130ZM\u0130R<\/strong>\u2019e bekliyoruz\u2026<\/p>\n<\/div>\n\n\n\n<div class=\"wp-block-column is-layout-flow wp-block-column-is-layout-flow\" style=\"flex-basis:33.33%\">\n<figure class=\"wp-block-gallery has-nested-images columns-1 is-cropped wp-block-gallery-1 is-layout-flex wp-block-gallery-is-layout-flex\">\n<figure class=\"wp-block-image size-large\"><img fetchpriority=\"high\" decoding=\"async\" width=\"1024\" height=\"768\" data-id=\"2815\" src=\"https:\/\/tatd.org.tr\/aciltipbulteni\/wp-content\/uploads\/sites\/3\/2022\/04\/19a8dabd84f73566cd885f7896fc992b-1024x768.jpg\" alt=\"\" class=\"wp-image-2815\" srcset=\"https:\/\/tatd.org.tr\/aciltipbulteni\/wp-content\/uploads\/sites\/3\/2022\/04\/19a8dabd84f73566cd885f7896fc992b-1024x768.jpg 1024w, https:\/\/tatd.org.tr\/aciltipbulteni\/wp-content\/uploads\/sites\/3\/2022\/04\/19a8dabd84f73566cd885f7896fc992b-300x225.jpg 300w, https:\/\/tatd.org.tr\/aciltipbulteni\/wp-content\/uploads\/sites\/3\/2022\/04\/19a8dabd84f73566cd885f7896fc992b-768x576.jpg 768w, https:\/\/tatd.org.tr\/aciltipbulteni\/wp-content\/uploads\/sites\/3\/2022\/04\/19a8dabd84f73566cd885f7896fc992b-1536x1152.jpg 1536w, https:\/\/tatd.org.tr\/aciltipbulteni\/wp-content\/uploads\/sites\/3\/2022\/04\/19a8dabd84f73566cd885f7896fc992b-840x630.jpg 840w, https:\/\/tatd.org.tr\/aciltipbulteni\/wp-content\/uploads\/sites\/3\/2022\/04\/19a8dabd84f73566cd885f7896fc992b.jpg 1600w\" sizes=\"(max-width: 1024px) 100vw, 1024px\" \/><\/figure>\n\n\n\n<figure class=\"wp-block-image size-large\"><img decoding=\"async\" width=\"768\" height=\"1024\" data-id=\"2816\" src=\"https:\/\/tatd.org.tr\/aciltipbulteni\/wp-content\/uploads\/sites\/3\/2022\/04\/c858a60c0f5945a5d089cc8031b87ad3.jpg\" alt=\"\" class=\"wp-image-2816\" srcset=\"https:\/\/tatd.org.tr\/aciltipbulteni\/wp-content\/uploads\/sites\/3\/2022\/04\/c858a60c0f5945a5d089cc8031b87ad3.jpg 768w, https:\/\/tatd.org.tr\/aciltipbulteni\/wp-content\/uploads\/sites\/3\/2022\/04\/c858a60c0f5945a5d089cc8031b87ad3-225x300.jpg 225w, https:\/\/tatd.org.tr\/aciltipbulteni\/wp-content\/uploads\/sites\/3\/2022\/04\/c858a60c0f5945a5d089cc8031b87ad3-473x630.jpg 473w\" sizes=\"(max-width: 768px) 100vw, 768px\" \/><\/figure>\n\n\n\n<figure class=\"wp-block-image size-large\"><img decoding=\"async\" width=\"1024\" height=\"768\" data-id=\"2817\" src=\"https:\/\/tatd.org.tr\/aciltipbulteni\/wp-content\/uploads\/sites\/3\/2022\/04\/d5d2e503760d37ef9b85ac28e2e333fb-1024x768.jpg\" alt=\"\" class=\"wp-image-2817\" srcset=\"https:\/\/tatd.org.tr\/aciltipbulteni\/wp-content\/uploads\/sites\/3\/2022\/04\/d5d2e503760d37ef9b85ac28e2e333fb-1024x768.jpg 1024w, https:\/\/tatd.org.tr\/aciltipbulteni\/wp-content\/uploads\/sites\/3\/2022\/04\/d5d2e503760d37ef9b85ac28e2e333fb-300x225.jpg 300w, https:\/\/tatd.org.tr\/aciltipbulteni\/wp-content\/uploads\/sites\/3\/2022\/04\/d5d2e503760d37ef9b85ac28e2e333fb-768x576.jpg 768w, https:\/\/tatd.org.tr\/aciltipbulteni\/wp-content\/uploads\/sites\/3\/2022\/04\/d5d2e503760d37ef9b85ac28e2e333fb-1536x1152.jpg 1536w, https:\/\/tatd.org.tr\/aciltipbulteni\/wp-content\/uploads\/sites\/3\/2022\/04\/d5d2e503760d37ef9b85ac28e2e333fb-840x630.jpg 840w, https:\/\/tatd.org.tr\/aciltipbulteni\/wp-content\/uploads\/sites\/3\/2022\/04\/d5d2e503760d37ef9b85ac28e2e333fb.jpg 2048w\" sizes=\"(max-width: 1024px) 100vw, 1024px\" \/><\/figure>\n\n\n\n<figure class=\"wp-block-image size-large\"><img loading=\"lazy\" decoding=\"async\" width=\"724\" height=\"1024\" data-id=\"2818\" src=\"https:\/\/tatd.org.tr\/aciltipbulteni\/wp-content\/uploads\/sites\/3\/2022\/04\/5f029ac87df354fd16fda2334896199e-724x1024.jpg\" alt=\"\" class=\"wp-image-2818\" srcset=\"https:\/\/tatd.org.tr\/aciltipbulteni\/wp-content\/uploads\/sites\/3\/2022\/04\/5f029ac87df354fd16fda2334896199e-724x1024.jpg 724w, https:\/\/tatd.org.tr\/aciltipbulteni\/wp-content\/uploads\/sites\/3\/2022\/04\/5f029ac87df354fd16fda2334896199e-212x300.jpg 212w, https:\/\/tatd.org.tr\/aciltipbulteni\/wp-content\/uploads\/sites\/3\/2022\/04\/5f029ac87df354fd16fda2334896199e-768x1086.jpg 768w, https:\/\/tatd.org.tr\/aciltipbulteni\/wp-content\/uploads\/sites\/3\/2022\/04\/5f029ac87df354fd16fda2334896199e-1086x1536.jpg 1086w, https:\/\/tatd.org.tr\/aciltipbulteni\/wp-content\/uploads\/sites\/3\/2022\/04\/5f029ac87df354fd16fda2334896199e-445x630.jpg 445w, https:\/\/tatd.org.tr\/aciltipbulteni\/wp-content\/uploads\/sites\/3\/2022\/04\/5f029ac87df354fd16fda2334896199e.jpg 1448w\" sizes=\"(max-width: 724px) 100vw, 724px\" \/><\/figure>\n\n\n\n<figure class=\"wp-block-image size-large\"><img loading=\"lazy\" decoding=\"async\" width=\"724\" height=\"1024\" data-id=\"2820\" src=\"https:\/\/tatd.org.tr\/aciltipbulteni\/wp-content\/uploads\/sites\/3\/2022\/04\/d498cb7bc06abe03d1128582c9653848-724x1024.jpg\" alt=\"\" class=\"wp-image-2820\" srcset=\"https:\/\/tatd.org.tr\/aciltipbulteni\/wp-content\/uploads\/sites\/3\/2022\/04\/d498cb7bc06abe03d1128582c9653848-724x1024.jpg 724w, https:\/\/tatd.org.tr\/aciltipbulteni\/wp-content\/uploads\/sites\/3\/2022\/04\/d498cb7bc06abe03d1128582c9653848-212x300.jpg 212w, https:\/\/tatd.org.tr\/aciltipbulteni\/wp-content\/uploads\/sites\/3\/2022\/04\/d498cb7bc06abe03d1128582c9653848-768x1086.jpg 768w, https:\/\/tatd.org.tr\/aciltipbulteni\/wp-content\/uploads\/sites\/3\/2022\/04\/d498cb7bc06abe03d1128582c9653848-1086x1536.jpg 1086w, https:\/\/tatd.org.tr\/aciltipbulteni\/wp-content\/uploads\/sites\/3\/2022\/04\/d498cb7bc06abe03d1128582c9653848-445x630.jpg 445w, https:\/\/tatd.org.tr\/aciltipbulteni\/wp-content\/uploads\/sites\/3\/2022\/04\/d498cb7bc06abe03d1128582c9653848.jpg 1448w\" sizes=\"(max-width: 724px) 100vw, 724px\" \/><\/figure>\n\n\n\n<figure class=\"wp-block-image size-large\"><img loading=\"lazy\" decoding=\"async\" width=\"724\" height=\"1024\" data-id=\"2819\" src=\"https:\/\/tatd.org.tr\/aciltipbulteni\/wp-content\/uploads\/sites\/3\/2022\/04\/ab91125782b8d0a91cf842a2c0668dcf.jpg\" alt=\"\" class=\"wp-image-2819\" srcset=\"https:\/\/tatd.org.tr\/aciltipbulteni\/wp-content\/uploads\/sites\/3\/2022\/04\/ab91125782b8d0a91cf842a2c0668dcf.jpg 724w, https:\/\/tatd.org.tr\/aciltipbulteni\/wp-content\/uploads\/sites\/3\/2022\/04\/ab91125782b8d0a91cf842a2c0668dcf-212x300.jpg 212w, https:\/\/tatd.org.tr\/aciltipbulteni\/wp-content\/uploads\/sites\/3\/2022\/04\/ab91125782b8d0a91cf842a2c0668dcf-445x630.jpg 445w\" sizes=\"(max-width: 724px) 100vw, 724px\" \/><\/figure>\n<\/figure>\n\n\n\n<p><\/p>\n<\/div>\n<\/div>\n\n\n\n<p class=\"rounded-3 px-2 py-1 has-text-color has-background has-small-font-size\" style=\"background-color:#f5f5f5;color:#666666\"><em>Bu yaz\u0131 Acil T\u0131p B\u00fclteni&#8217;nin Ocak 2022 tarihli <\/em><a href=\"https:\/\/tatd.org.tr\/aciltipbulteni\/2022\/02\/02\/2022-ocak-sayimiz-cikti\/\" target=\"_blank\" rel=\"noreferrer noopener\"><em>10. say\u0131s\u0131nda<\/em><\/a><em> yay\u0131mlanm\u0131\u015ft\u0131r.<\/em><\/p>\n\n\n\n<p><\/p>\n","protected":false},"excerpt":{"rendered":"<p>ATAB kimdir? \u00dclkemizde 1993\u2019te ilk temelleri at\u0131lan Acil T\u0131p yolculu\u011fu giderek b\u00fcy\u00fcyen ve geli\u015fen ailesiyle dikkat \u00e7eker hale gelmi\u015ftir. Acil T\u0131p yolculu\u011funun&hellip;<\/p>\n","protected":false},"author":917,"featured_media":2821,"comment_status":"open","ping_status":"open","sticky":false,"template":"","format":"standard","meta":{"_acf_changed":false,"inline_featured_image":false,"_lmt_disableupdate":"","_lmt_disable":"","footnotes":""},"categories":[18,10015],"tags":[10272,10270,10271],"class_list":["post-2813","post","type-post","status-publish","format-standard","has-post-thumbnail","hentry","category-tanitim","category-sosyal-blog-yazisi","tag-asistan-birligi","tag-atab","tag-atasizmir"],"acf":[],"_links":{"self":[{"href":"https:\/\/tatd.org.tr\/aciltipbulteni\/wp-json\/wp\/v2\/posts\/2813","targetHints":{"allow":["GET"]}}],"collection":[{"href":"https:\/\/tatd.org.tr\/aciltipbulteni\/wp-json\/wp\/v2\/posts"}],"about":[{"href":"https:\/\/tatd.org.tr\/aciltipbulteni\/wp-json\/wp\/v2\/types\/post"}],"author":[{"embeddable":true,"href":"https:\/\/tatd.org.tr\/aciltipbulteni\/wp-json\/wp\/v2\/users\/917"}],"replies":[{"embeddable":true,"href":"https:\/\/tatd.org.tr\/aciltipbulteni\/wp-json\/wp\/v2\/comments?post=2813"}],"version-history":[{"count":0,"href":"https:\/\/tatd.org.tr\/aciltipbulteni\/wp-json\/wp\/v2\/posts\/2813\/revisions"}],"wp:featuredmedia":[{"embeddable":true,"href":"https:\/\/tatd.org.tr\/aciltipbulteni\/wp-json\/wp\/v2\/media\/2821"}],"wp:attachment":[{"href":"https:\/\/tatd.org.tr\/aciltipbulteni\/wp-json\/wp\/v2\/media?parent=2813"}],"wp:term":[{"taxonomy":"category","embeddable":true,"href":"https:\/\/tatd.org.tr\/aciltipbulteni\/wp-json\/wp\/v2\/categories?post=2813"},{"taxonomy":"post_tag","embeddable":true,"href":"https:\/\/tatd.org.tr\/aciltipbulteni\/wp-json\/wp\/v2\/tags?post=2813"}],"curies":[{"name":"wp","href":"https:\/\/api.w.org\/{rel}","templated":true}]}}