{"id":1396,"date":"2020-06-03T07:00:00","date_gmt":"2020-06-03T04:00:00","guid":{"rendered":"http:\/\/acilbulten.net\/?p=1396"},"modified":"2021-11-16T02:49:17","modified_gmt":"2021-11-15T23:49:17","slug":"umke-nedir-ne-yapar","status":"publish","type":"post","link":"https:\/\/tatd.org.tr\/aciltipbulteni\/2020\/06\/03\/umke-nedir-ne-yapar\/","title":{"rendered":"UMKE nedir? Ne yapar?"},"content":{"rendered":"\n<div class=\"wp-block-image\"><figure class=\"alignright size-large is-resized\"><img fetchpriority=\"high\" decoding=\"async\" src=\"http:\/\/acilbulten.net\/wp-content\/uploads\/2020\/06\/cemile-u\u0308stu\u0308n-foto-768x1024.jpg\" alt=\"cemile \u00fcst\u00fcn biyografi resmi\" class=\"wp-image-1397\" width=\"203\" height=\"271\" \/><\/figure><\/div>\n\n\n\n<p class=\"has-text-color has-background has-very-dark-gray-color has-luminous-vivid-amber-background-color\"><strong><em>Yazar: Cemile \u00dcst\u00fcn<\/em><\/strong>                    1988 y\u0131l\u0131nda Trakya topraklar\u0131nda do\u011fmu\u015f, 2006-2012 Ege \u00dcniversitesi T\u0131p Fak\u00fcltesi y\u0131llar\u0131nda g\u00f6zlerini d\u00fcnyaya Smryna\u2019da a\u00e7m\u0131\u015ft\u0131r. 2013 y\u0131l\u0131nda ba\u015flad\u0131\u011f\u0131 Ege Acil\u2019de halen asistanl\u0131\u011f\u0131n\u0131 eli kula\u011f\u0131nda uzman tad\u0131nda devam ettirmektedir. \u0130zmir UMKE ekibinin bir par\u00e7as\u0131, \u00e7i\u00e7e\u011fi burnunda e\u011fitmenidir. Yolda olmay\u0131, m\u00fczi\u011fin pe\u015finde ko\u015fmay\u0131, yoga yapmay\u0131, yeni kitap kokusunu sever. \u201cLotusun i\u00e7indeki cevher\u201din pe\u015finde, an\u2019da kalma \u00e7abas\u0131nda, Asya\u2019s\u0131yla birlikte yolculu\u011fu devam etmektedir. <strong>(instagram @reshekimi)<\/strong><\/p>\n\n\n\n<h3 class=\"wp-block-heading\">Bunu anlamak i\u00e7in biraz \u00f6zne\u2019ye bakal\u0131m. \u00d6zne \u201cAfet\u201d\u2026<\/h3>\n\n\n\n<p>\u201cAfet\u201d kelimesinin mecazi anlam\u0131 d\u0131\u015f\u0131nda T\u00fcrk\u00e7e S\u00f6zl\u00fck\u2019te \u00fc\u00e7 anlam\u0131 var; <\/p>\n\n\n\n<ol class=\"wp-block-list\"><li><em>\u00c7e\u015fitli do\u011fa olaylar\u0131n\u0131n sebep oldu\u011fu y\u0131k\u0131m, <\/em><\/li><li><em>K\u0131ran<\/em><\/li><li><em>\u00c7ok k\u00f6t\u00fc<\/em><\/li><\/ol>\n\n\n\n<p>Daha kapsaml\u0131 tan\u0131m\u0131na bakarsak; <\/p>\n\n\n\n<p class=\"has-text-align-left\"><span class=\"has-inline-color has-very-dark-gray-color\"><strong>\u201cBir\u00e7ok kurum ve kurulu\u015fun koordineli bir bi\u00e7imde g\u00f6rev almas\u0131n\u0131 gerektiren ve insan haklar\u0131 i\u00e7in fiziksel, ekonomik ve sosyal kay\u0131plar meydana getiren, normal ya\u015fam\u0131 ve insan aktivitelerini durdurarak veya kesintiye u\u011fratarak toplumlar\u0131 veya insan topluluklar\u0131n\u0131 etkileyen do\u011fal, teknolojik ve insan k\u00f6kenli olaylara\u201d <em>AFET<\/em> diyoruz.<\/strong><\/span><\/p>\n\n\n\n<p>Peki acil servislerde \u00e7al\u0131\u015fan bizlere \u00e7ok uzak m\u0131 bu kavram?<\/p>\n\n\n\n<p>Sizce de her n\u00f6bet sanki bir afeti y\u00f6netir gibi ge\u00e7miyor mu?<\/p>\n\n\n\n<!--more-->\n\n\n\n<h3 class=\"wp-block-heading\">Peki UMKE bizi kurtar\u0131r m\u0131?<\/h3>\n\n\n\n<p>UMKE, Ulusal Medikal Kurtarma Ekibi demek\u2026 Bu k\u0131sa giri\u015ften sonra kendi hikayemden bahsedece\u011fim \u00e7\u00fcnk\u00fc benim bu yola giri\u015fim asl\u0131nda Afet kavram\u0131ndan \u00e7ok alakas\u0131z. 1999 depreminde ben veya bir yak\u0131n\u0131m g\u00f6\u00e7\u00fck alt\u0131nda kalmad\u0131 mesela. Depremde ailem ile birlikte Tekirda\u011f\u2019dayd\u0131m ve uyuyordum, ben duymam\u0131\u015f\u0131m bile. Ya da da\u011fda mahsur kal\u0131p UMKE&#8217;nin beni gelip ald\u0131\u011f\u0131 da olmad\u0131. Siyaset\u00e7i de de\u011filim meydanlarda mitinglerde \u00e7\u0131karken UMKE\u2019yi \u00e7a\u011f\u0131rm\u0131yorum. Ya da bir maden facias\u0131 da ya\u015famad\u0131m. Bir g\u00fcn beyaz atl\u0131 prens gibi UMKE\u2019nin beni kurtaraca\u011f\u0131n\u0131 da hayal etmemi\u015ftim.<\/p>\n\n\n\n<div class=\"wp-block-image\"><figure class=\"alignright size-large is-resized\"><img decoding=\"async\" src=\"http:\/\/acilbulten.net\/wp-content\/uploads\/2020\/06\/umke-6-1024x768.jpg\" alt=\"umke ekip\" class=\"wp-image-1403\" width=\"301\" height=\"226\" \/><\/figure><\/div>\n\n\n\n<p>Benim UMKE ile olan yolum tamamen \u201cg\u00f6n\u00fcll\u00fcl\u00fck\u201d esas\u0131na dayanan bir yol ararken kendime kesi\u015fti. Bunu aramam\u0131n da belli sebepleri var; yoga yollar\u0131, karma yoga gibi ama bu ba\u015fka yaz\u0131n\u0131n konusu. Beni o yola neyin soktu\u011funu unutacak kadar bir yolda g\u00f6n\u00fcll\u00fcl\u00fc olmakt\u0131 hedefim. \u00dcniversite b\u00fcnyesinde UMKE timi kurulaca\u011f\u0131na dair bir mail geldi bir g\u00fcn. Ve dedim ki UMKE mi? UMKE nedir?<\/p>\n\n\n\n<figure class=\"wp-block-gallery columns-3 is-cropped wp-block-gallery-1 is-layout-flex wp-block-gallery-is-layout-flex\"><ul class=\"blocks-gallery-grid\"><li class=\"blocks-gallery-item\"><figure><img decoding=\"async\" width=\"1024\" height=\"768\" src=\"https:\/\/tatd.org.tr\/aciltipbulteni\/wp-content\/uploads\/sites\/52\/2020\/06\/umke-1-1024x768.jpg\" alt=\"umke e\u011fitim \" data-id=\"1398\" data-full-url=\"https:\/\/tatd.org.tr\/aciltipbulteni\/wp-content\/uploads\/sites\/52\/2020\/06\/umke-1.jpg\" data-link=\"http:\/\/acilbulten.net\/?attachment_id=1398\" class=\"wp-image-1398\" srcset=\"https:\/\/tatd.org.tr\/aciltipbulteni\/wp-content\/uploads\/sites\/3\/2020\/06\/umke-1-1024x768.jpg 1024w, https:\/\/tatd.org.tr\/aciltipbulteni\/wp-content\/uploads\/sites\/3\/2020\/06\/umke-1-300x225.jpg 300w, https:\/\/tatd.org.tr\/aciltipbulteni\/wp-content\/uploads\/sites\/3\/2020\/06\/umke-1-768x576.jpg 768w, https:\/\/tatd.org.tr\/aciltipbulteni\/wp-content\/uploads\/sites\/3\/2020\/06\/umke-1-1536x1152.jpg 1536w, https:\/\/tatd.org.tr\/aciltipbulteni\/wp-content\/uploads\/sites\/3\/2020\/06\/umke-1-840x630.jpg 840w, https:\/\/tatd.org.tr\/aciltipbulteni\/wp-content\/uploads\/sites\/3\/2020\/06\/umke-1.jpg 1600w\" sizes=\"(max-width: 1024px) 100vw, 1024px\" \/><\/figure><\/li><li class=\"blocks-gallery-item\"><figure><img loading=\"lazy\" decoding=\"async\" width=\"1024\" height=\"768\" src=\"https:\/\/tatd.org.tr\/aciltipbulteni\/wp-content\/uploads\/sites\/52\/2020\/06\/umke-4-1024x768.jpg\" alt=\"umke e\u011fitim \" data-id=\"1401\" data-full-url=\"https:\/\/tatd.org.tr\/aciltipbulteni\/wp-content\/uploads\/sites\/52\/2020\/06\/umke-4.jpg\" data-link=\"http:\/\/acilbulten.net\/?attachment_id=1401\" class=\"wp-image-1401\" srcset=\"https:\/\/tatd.org.tr\/aciltipbulteni\/wp-content\/uploads\/sites\/3\/2020\/06\/umke-4-1024x768.jpg 1024w, https:\/\/tatd.org.tr\/aciltipbulteni\/wp-content\/uploads\/sites\/3\/2020\/06\/umke-4-300x225.jpg 300w, https:\/\/tatd.org.tr\/aciltipbulteni\/wp-content\/uploads\/sites\/3\/2020\/06\/umke-4-768x576.jpg 768w, https:\/\/tatd.org.tr\/aciltipbulteni\/wp-content\/uploads\/sites\/3\/2020\/06\/umke-4-1536x1152.jpg 1536w, https:\/\/tatd.org.tr\/aciltipbulteni\/wp-content\/uploads\/sites\/3\/2020\/06\/umke-4-840x630.jpg 840w, https:\/\/tatd.org.tr\/aciltipbulteni\/wp-content\/uploads\/sites\/3\/2020\/06\/umke-4.jpg 1600w\" sizes=\"(max-width: 1024px) 100vw, 1024px\" \/><\/figure><\/li><li class=\"blocks-gallery-item\"><figure><img decoding=\"async\" src=\"http:\/\/acilbulten.net\/wp-content\/uploads\/2020\/06\/umke-8-768x1024.jpg\" alt=\"umke e\u011fitim \" data-id=\"1405\" data-full-url=\"https:\/\/tatd.org.tr\/aciltipbulteni\/wp-content\/uploads\/sites\/52\/2020\/06\/umke-8-scaled-1.jpg\" data-link=\"http:\/\/acilbulten.net\/?attachment_id=1405\" class=\"wp-image-1405\" \/><\/figure><\/li><\/ul><figcaption class=\"blocks-gallery-caption\"><strong><em><span class=\"has-inline-color has-very-dark-gray-color\">\u0130zmir UMKE e\u011fitim <\/span><\/em><\/strong><\/figcaption><\/figure>\n\n\n\n<p>Sosyal medyaya bakt\u0131m tabi, Z ku\u015fa\u011f\u0131 olmasak da Y ku\u015fa\u011f\u0131 olarak sosyal medyadan nasibimizi alm\u0131\u015f bir nesilin \u00e7ocu\u011fuyduk. <em>Stalk<\/em> (gizlice g\u00f6zleme) nedir bilirdik. Do\u011fru d\u00fcr\u00fcst bir \u015fey bulamad\u0131m a\u00e7\u0131l\u0131m\u0131ndan ba\u015fka. E\u011fitim almak istiyorum diye kay\u0131t oldum. Benimle beraber 4 asistan arkada\u015f\u0131m, 2 hem\u015firemiz ve bir hocam\u0131z da g\u00f6n\u00fcll\u00fc olmu\u015ftu. Temel e\u011fitim yap\u0131ld\u0131 \u00f6nce 5 g\u00fcnl\u00fck teorik derslerin ve pratik derslerin oldu\u011fu. \u0130\u00e7eri\u011finde KBRN-e (Kimyasal, Biyolojik, Radyolojik, N\u00fckleer-Explosive)\u2019den tutun da, hasta ta\u015f\u0131ma tekniklerine, travma hastas\u0131n\u0131n primer ve sekonder bak\u0131s\u0131ndan, afet triaj\u0131 ve telsiz kullan\u0131m\u0131na, pek \u00e7ok alanda \u00e7al\u0131\u015f\u0131rken ihtiyac\u0131n\u0131z olacak konular vard\u0131. Bu e\u011fitim sonunda biz UMKE\u2019nin \u00e7al\u0131\u015fma prensibini anlam\u0131\u015f olduk. <\/p>\n\n\n\n<figure class=\"wp-block-gallery columns-3 is-cropped wp-block-gallery-2 is-layout-flex wp-block-gallery-is-layout-flex\"><ul class=\"blocks-gallery-grid\"><li class=\"blocks-gallery-item\"><figure><img loading=\"lazy\" decoding=\"async\" width=\"768\" height=\"1024\" src=\"https:\/\/tatd.org.tr\/aciltipbulteni\/wp-content\/uploads\/sites\/52\/2020\/06\/umke-2-768x1024.jpg\" alt=\"umke e\u011fitim \" data-id=\"1399\" data-full-url=\"https:\/\/tatd.org.tr\/aciltipbulteni\/wp-content\/uploads\/sites\/52\/2020\/06\/umke-2.jpg\" data-link=\"http:\/\/acilbulten.net\/?attachment_id=1399\" class=\"wp-image-1399\" srcset=\"https:\/\/tatd.org.tr\/aciltipbulteni\/wp-content\/uploads\/sites\/3\/2020\/06\/umke-2-768x1024.jpg 768w, https:\/\/tatd.org.tr\/aciltipbulteni\/wp-content\/uploads\/sites\/3\/2020\/06\/umke-2-225x300.jpg 225w, https:\/\/tatd.org.tr\/aciltipbulteni\/wp-content\/uploads\/sites\/3\/2020\/06\/umke-2-1152x1536.jpg 1152w, https:\/\/tatd.org.tr\/aciltipbulteni\/wp-content\/uploads\/sites\/3\/2020\/06\/umke-2-473x630.jpg 473w, https:\/\/tatd.org.tr\/aciltipbulteni\/wp-content\/uploads\/sites\/3\/2020\/06\/umke-2.jpg 1200w\" sizes=\"(max-width: 768px) 100vw, 768px\" \/><\/figure><\/li><li class=\"blocks-gallery-item\"><figure><img loading=\"lazy\" decoding=\"async\" width=\"1024\" height=\"768\" src=\"https:\/\/tatd.org.tr\/aciltipbulteni\/wp-content\/uploads\/sites\/52\/2020\/06\/umke-3-1024x768.jpg\" alt=\"umke kamp e\u011fitim \" data-id=\"1400\" data-full-url=\"https:\/\/tatd.org.tr\/aciltipbulteni\/wp-content\/uploads\/sites\/52\/2020\/06\/umke-3.jpg\" data-link=\"http:\/\/acilbulten.net\/?attachment_id=1400\" class=\"wp-image-1400\" srcset=\"https:\/\/tatd.org.tr\/aciltipbulteni\/wp-content\/uploads\/sites\/3\/2020\/06\/umke-3-1024x768.jpg 1024w, https:\/\/tatd.org.tr\/aciltipbulteni\/wp-content\/uploads\/sites\/3\/2020\/06\/umke-3-300x225.jpg 300w, https:\/\/tatd.org.tr\/aciltipbulteni\/wp-content\/uploads\/sites\/3\/2020\/06\/umke-3-768x576.jpg 768w, https:\/\/tatd.org.tr\/aciltipbulteni\/wp-content\/uploads\/sites\/3\/2020\/06\/umke-3-1536x1152.jpg 1536w, https:\/\/tatd.org.tr\/aciltipbulteni\/wp-content\/uploads\/sites\/3\/2020\/06\/umke-3-840x630.jpg 840w, https:\/\/tatd.org.tr\/aciltipbulteni\/wp-content\/uploads\/sites\/3\/2020\/06\/umke-3.jpg 1600w\" sizes=\"(max-width: 1024px) 100vw, 1024px\" \/><\/figure><\/li><li class=\"blocks-gallery-item\"><figure><img loading=\"lazy\" decoding=\"async\" width=\"1024\" height=\"768\" src=\"https:\/\/tatd.org.tr\/aciltipbulteni\/wp-content\/uploads\/sites\/52\/2020\/06\/umke-7-1024x768.jpg\" alt=\"umke e\u011fitim \" data-id=\"1404\" data-full-url=\"https:\/\/tatd.org.tr\/aciltipbulteni\/wp-content\/uploads\/sites\/52\/2020\/06\/umke-7.jpg\" data-link=\"http:\/\/acilbulten.net\/?attachment_id=1404\" class=\"wp-image-1404\" srcset=\"https:\/\/tatd.org.tr\/aciltipbulteni\/wp-content\/uploads\/sites\/3\/2020\/06\/umke-7-1024x768.jpg 1024w, https:\/\/tatd.org.tr\/aciltipbulteni\/wp-content\/uploads\/sites\/3\/2020\/06\/umke-7-300x225.jpg 300w, https:\/\/tatd.org.tr\/aciltipbulteni\/wp-content\/uploads\/sites\/3\/2020\/06\/umke-7-768x576.jpg 768w, https:\/\/tatd.org.tr\/aciltipbulteni\/wp-content\/uploads\/sites\/3\/2020\/06\/umke-7-1536x1152.jpg 1536w, https:\/\/tatd.org.tr\/aciltipbulteni\/wp-content\/uploads\/sites\/3\/2020\/06\/umke-7-840x630.jpg 840w, https:\/\/tatd.org.tr\/aciltipbulteni\/wp-content\/uploads\/sites\/3\/2020\/06\/umke-7.jpg 1600w\" sizes=\"(max-width: 1024px) 100vw, 1024px\" \/><\/figure><\/li><\/ul><figcaption class=\"blocks-gallery-caption\"><strong><em><span class=\"has-inline-color has-very-dark-gray-color\">\u0130zmir UMKE kamp\u0131<\/span><\/em><\/strong><\/figcaption><\/figure>\n\n\n\n<p class=\"has-text-align-center\"><strong>Herkesin de kendi i\u00e7 muhasebesi vard\u0131 elbette \u201c<em>Ben yapabilir miyim<\/em>?\u201d<\/strong><\/p>\n\n\n\n<p>Dediler ki, bizim kap\u0131m\u0131z herkese a\u00e7\u0131k ancak temel kamp ve enkaz e\u011fitimini tamamlam\u0131\u015f olman\u0131z gerekir UMKEci olabilmek i\u00e7in. Temel e\u011fitimi alan ki\u015filerden 26 ki\u015fi Urla Adas\u0131na kampa gittik. 3 g\u00fcn \u00e7ad\u0131rda kald\u0131k. \u00c7ad\u0131r kurma ve temel kamp prensipleri ile birlikte, da\u011fc\u0131l\u0131kla ilgili ba\u015flang\u0131\u00e7 e\u011fitimlerimiz devam etti. Parkurlarda g\u00f6zlerimiz kapal\u0131 arkada\u015f\u0131m\u0131z\u0131 travma tahtas\u0131yla ta\u015f\u0131d\u0131k, yerlerde s\u00fcr\u00fcnd\u00fck, merdivenlerde yuvarland\u0131k, gece n\u00f6betler tuttuk. Birimizin humerus ba\u015f\u0131 k\u0131r\u0131ld\u0131, birimizin ayak bile\u011fi burkuldu. Belki yorucu, ama kesinlike \u00f6\u011fretici ve e\u011flendirici \u00e7e\u015fitli etaplar yapt\u0131k. Kimse pes etmedi, kimse vazge\u00e7medi. Ve ortak bir ama\u00e7 u\u011fruna bir araya gelen insanlar\u0131n ne i\u015fler ba\u015farabileceklerini g\u00f6rd\u00fcm.<\/p>\n\n\n\n<div class=\"wp-block-image\"><figure class=\"alignright size-large is-resized\"><img loading=\"lazy\" decoding=\"async\" src=\"https:\/\/tatd.org.tr\/aciltipbulteni\/wp-content\/uploads\/sites\/52\/2020\/06\/umke-9-768x1024.jpg\" alt=\"umke e\u011fitim\" class=\"wp-image-1406\" width=\"220\" height=\"294\" srcset=\"https:\/\/tatd.org.tr\/aciltipbulteni\/wp-content\/uploads\/sites\/3\/2020\/06\/umke-9-768x1024.jpg 768w, https:\/\/tatd.org.tr\/aciltipbulteni\/wp-content\/uploads\/sites\/3\/2020\/06\/umke-9-225x300.jpg 225w, https:\/\/tatd.org.tr\/aciltipbulteni\/wp-content\/uploads\/sites\/3\/2020\/06\/umke-9-1152x1536.jpg 1152w, https:\/\/tatd.org.tr\/aciltipbulteni\/wp-content\/uploads\/sites\/3\/2020\/06\/umke-9-473x630.jpg 473w, https:\/\/tatd.org.tr\/aciltipbulteni\/wp-content\/uploads\/sites\/3\/2020\/06\/umke-9.jpg 1200w\" sizes=\"(max-width: 220px) 100vw, 220px\" \/><\/figure><\/div>\n\n\n\n<p>\u015eunu a\u00e7\u0131k\u00e7a s\u00f6ylemeliyim, biz \u0130zmir UMKE olarak \u00e7ok \u015fansl\u0131y\u0131z \u00e7\u00fcnk\u00fc e\u011fitmenlerimiz, enkaz alanlar\u0131m\u0131z, tatbikat i\u00e7in gerekli lojistik deste\u011fimiz pek \u00e7ok di\u011fer il UMKE&#8217;lerden daha iyi durumda. Temel e\u011fitimde de kampta da sab\u0131rla bildiklerini bize hep \u00f6\u011fretmeye canla ba\u015fla \u00e7al\u0131\u015ft\u0131lar. Onlar\u0131n ekip ruhu ve tak\u0131m \u00e7al\u0131\u015fmas\u0131 bize de tak\u0131m olmay\u0131 g\u00f6sterdi.<\/p>\n\n\n\n<p>Ve ben o kampta gece enkaz alt\u0131na girip darac\u0131k bir alanda, hipotermik ve hipoglisemik yan\u0131ts\u0131z bir hastan\u0131n t\u0131bbi m\u00fcdahalesini y\u00f6netirken ayn\u0131 zamanda en k\u0131sa s\u00fcrede onu enkazdan \u00e7\u0131karmaya \u00e7al\u0131\u015f\u0131rken anlad\u0131m UMKEci olman\u0131n ne demek oldu\u011funu.<\/p>\n\n\n\n<p>\u0130zmir UMKE sorumlusu Dr. Serhat Sami \u00c7engel ile temel e\u011fitim s\u0131ras\u0131nda konu\u015fmu\u015ftuk hi\u00e7 unutmuyorum s\u00f6ylediklerini&#8230;<\/p>\n\n\n\n<blockquote class=\"wp-block-quote has-text-align-center is-layout-flow wp-block-quote-is-layout-flow\"><p><strong><em>&#8220;Siz (acilcileri kastediyor) bize \u00e7ok laz\u0131ms\u0131n\u0131z ve sizin olman\u0131z bizim elimizi \u00e7ok g\u00fc\u00e7lendiriyor.&#8221;<\/em><\/strong><\/p><\/blockquote>\n\n\n\n<p>Ge\u00e7ti\u011fimiz ay kat\u0131ld\u0131\u011f\u0131m temel enkaz e\u011fitiminde art\u0131k ekipte e\u011fitmen taraf\u0131ndayd\u0131m ve daha iyi anl\u0131yorum ne demek istedi\u011fini. 24 saat enkaz alt\u0131nda kalm\u0131\u015f kazazedenin erken m\u00fcdahalesini enkaz alt\u0131nda yapabiliyor olmak, saniyelerin ona hayat\u0131n\u0131 kazand\u0131r\u0131yor olmas\u0131 belki sizin de varolu\u015f nedenlerinizden biridir kimbilir? <\/p>\n\n\n\n<p><strong>Afetsiz g\u00fcnler dilerim\u2026<\/strong><\/p>\n","protected":false},"excerpt":{"rendered":"<p>Yazar: Cemile \u00dcst\u00fcn 1988 y\u0131l\u0131nda Trakya topraklar\u0131nda do\u011fmu\u015f, 2006-2012 Ege \u00dcniversitesi T\u0131p Fak\u00fcltesi y\u0131llar\u0131nda g\u00f6zlerini d\u00fcnyaya Smryna\u2019da a\u00e7m\u0131\u015ft\u0131r. 2013 y\u0131l\u0131nda ba\u015flad\u0131\u011f\u0131 Ege&hellip;<\/p>\n","protected":false},"author":1599,"featured_media":1407,"comment_status":"open","ping_status":"closed","sticky":false,"template":"","format":"standard","meta":{"_acf_changed":false,"inline_featured_image":false,"_lmt_disableupdate":"","_lmt_disable":"","footnotes":""},"categories":[10015],"tags":[35,43,89,127,177],"class_list":["post-1396","post","type-post","status-publish","format-standard","has-post-thumbnail","hentry","category-sosyal-blog-yazisi","tag-acil-tip","tag-afet","tag-ekip","tag-kurtarma","tag-umke"],"acf":[],"_links":{"self":[{"href":"https:\/\/tatd.org.tr\/aciltipbulteni\/wp-json\/wp\/v2\/posts\/1396","targetHints":{"allow":["GET"]}}],"collection":[{"href":"https:\/\/tatd.org.tr\/aciltipbulteni\/wp-json\/wp\/v2\/posts"}],"about":[{"href":"https:\/\/tatd.org.tr\/aciltipbulteni\/wp-json\/wp\/v2\/types\/post"}],"author":[{"embeddable":true,"href":"https:\/\/tatd.org.tr\/aciltipbulteni\/wp-json\/wp\/v2\/users\/1599"}],"replies":[{"embeddable":true,"href":"https:\/\/tatd.org.tr\/aciltipbulteni\/wp-json\/wp\/v2\/comments?post=1396"}],"version-history":[{"count":0,"href":"https:\/\/tatd.org.tr\/aciltipbulteni\/wp-json\/wp\/v2\/posts\/1396\/revisions"}],"wp:featuredmedia":[{"embeddable":true,"href":"https:\/\/tatd.org.tr\/aciltipbulteni\/wp-json\/wp\/v2\/media\/1407"}],"wp:attachment":[{"href":"https:\/\/tatd.org.tr\/aciltipbulteni\/wp-json\/wp\/v2\/media?parent=1396"}],"wp:term":[{"taxonomy":"category","embeddable":true,"href":"https:\/\/tatd.org.tr\/aciltipbulteni\/wp-json\/wp\/v2\/categories?post=1396"},{"taxonomy":"post_tag","embeddable":true,"href":"https:\/\/tatd.org.tr\/aciltipbulteni\/wp-json\/wp\/v2\/tags?post=1396"}],"curies":[{"name":"wp","href":"https:\/\/api.w.org\/{rel}","templated":true}]}}