{"id":1348,"date":"2020-05-26T21:51:04","date_gmt":"2020-05-26T18:51:04","guid":{"rendered":"http:\/\/acilbulten.net\/?p=1348"},"modified":"2021-11-10T22:27:35","modified_gmt":"2021-11-10T19:27:35","slug":"covid19-turkiye-gunluk-vaka-sayisi-948e-dustu","status":"publish","type":"post","link":"https:\/\/tatd.org.tr\/aciltipbulteni\/2020\/05\/26\/covid19-turkiye-gunluk-vaka-sayisi-948e-dustu\/","title":{"rendered":"COVID19 T\u00fcrkiye G\u00fcnl\u00fck Vaka Say\u0131s\u0131 948&#8217;e D\u00fc\u015ft\u00fc!.."},"content":{"rendered":"\n<figure class=\"wp-block-image size-large is-style-default\"><img fetchpriority=\"high\" decoding=\"async\" width=\"634\" height=\"372\" src=\"https:\/\/tatd.org.tr\/aciltipbulteni\/wp-content\/uploads\/sites\/52\/2020\/05\/26-Mayis-2020-1.png\" alt=\"\" class=\"wp-image-1352\" srcset=\"https:\/\/tatd.org.tr\/aciltipbulteni\/wp-content\/uploads\/sites\/3\/2020\/05\/26-Mayis-2020-1.png 634w, https:\/\/tatd.org.tr\/aciltipbulteni\/wp-content\/uploads\/sites\/3\/2020\/05\/26-Mayis-2020-1-300x176.png 300w\" sizes=\"(max-width: 634px) 100vw, 634px\" \/><\/figure>\n\n\n\n\n\n<p>Sa\u011fl\u0131k Bakanl\u0131\u011f\u0131, <strong>26.05.2020<\/strong> tarihli T\u00fcrkiye G\u00fcnl\u00fck Koronavir\u00fcs Tablosunu a\u00e7\u0131klad\u0131. Buna g\u00f6re iyile\u015fen vaka say\u0131s\u0131 <strong>1.492<\/strong>, toplam vaka say\u0131s\u0131 ise <strong>948<\/strong> oldu.<\/p>\n\n\n\n<p>Kaynak: <a href=\"https:\/\/covid19.saglik.gov.tr\/\" target=\"_blank\" rel=\"noreferrer noopener\">Sa\u011fl\u0131k Bakanl\u0131\u011f\u0131<\/a><\/p>\n","protected":false},"excerpt":{"rendered":"<p>Sa\u011fl\u0131k Bakanl\u0131\u011f\u0131, 26.05.2020 tarihli T\u00fcrkiye G\u00fcnl\u00fck Koronavir\u00fcs Tablosunu a\u00e7\u0131klad\u0131. Buna g\u00f6re iyile\u015fen vaka say\u0131s\u0131 1.492, toplam vaka say\u0131s\u0131 ise 948 oldu. Kaynak:&hellip;<\/p>\n","protected":false},"author":1599,"featured_media":1357,"comment_status":"open","ping_status":"closed","sticky":false,"template":"","format":"standard","meta":{"_acf_changed":false,"inline_featured_image":false,"_lmt_disableupdate":"","_lmt_disable":"","footnotes":""},"categories":[5,10011],"tags":[124,125],"class_list":["post-1348","post","type-post","status-publish","format-standard","has-post-thumbnail","hentry","category-gundem","category-haber-ve-duyuru","tag-korona","tag-korona-virus"],"acf":[],"_links":{"self":[{"href":"https:\/\/tatd.org.tr\/aciltipbulteni\/wp-json\/wp\/v2\/posts\/1348","targetHints":{"allow":["GET"]}}],"collection":[{"href":"https:\/\/tatd.org.tr\/aciltipbulteni\/wp-json\/wp\/v2\/posts"}],"about":[{"href":"https:\/\/tatd.org.tr\/aciltipbulteni\/wp-json\/wp\/v2\/types\/post"}],"author":[{"embeddable":true,"href":"https:\/\/tatd.org.tr\/aciltipbulteni\/wp-json\/wp\/v2\/users\/1599"}],"replies":[{"embeddable":true,"href":"https:\/\/tatd.org.tr\/aciltipbulteni\/wp-json\/wp\/v2\/comments?post=1348"}],"version-history":[{"count":0,"href":"https:\/\/tatd.org.tr\/aciltipbulteni\/wp-json\/wp\/v2\/posts\/1348\/revisions"}],"wp:featuredmedia":[{"embeddable":true,"href":"https:\/\/tatd.org.tr\/aciltipbulteni\/wp-json\/wp\/v2\/media\/1357"}],"wp:attachment":[{"href":"https:\/\/tatd.org.tr\/aciltipbulteni\/wp-json\/wp\/v2\/media?parent=1348"}],"wp:term":[{"taxonomy":"category","embeddable":true,"href":"https:\/\/tatd.org.tr\/aciltipbulteni\/wp-json\/wp\/v2\/categories?post=1348"},{"taxonomy":"post_tag","embeddable":true,"href":"https:\/\/tatd.org.tr\/aciltipbulteni\/wp-json\/wp\/v2\/tags?post=1348"}],"curies":[{"name":"wp","href":"https:\/\/api.w.org\/{rel}","templated":true}]}}